{"id":1116666,"date":"2026-06-23T21:41:35","date_gmt":"2026-06-23T21:41:35","guid":{"rendered":"https:\/\/www.europesays.com\/de\/1116666\/"},"modified":"2026-06-23T21:41:35","modified_gmt":"2026-06-23T21:41:35","slug":"klinikum-nuernberg-macht-tobias-ludwig-zum-vorstand-kma-online","status":"publish","type":"post","link":"https:\/\/www.europesays.com\/de\/1116666\/","title":{"rendered":"Klinikum N\u00fcrnberg macht Tobias Ludwig zum Vorstand \u2013 kma Online"},"content":{"rendered":"<p>Aufstieg f\u00fcr Tobias Ludwig: Der 33-J\u00e4hrige, der als gesch\u00e4ftsf\u00fchrender Direktor seit 2023 zur Standortleitung fu\u0308r den Campus Nord des Klinikums Nu\u0308rnberg geh\u00f6rt, r\u00fcckt in den Vorstand auf. Ab dem 1. Juli \u00fcbernimmt er als Nachfolger von Dr. Andreas Becke die Verantwortung fu\u0308r Finanzen und Infrastruktur. Becke ist nach 29 Jahren am Klinikum in den Ruhestand gegangen.<\/p>\n<p>Vor seinem Wechsel nach N\u00fcrnberg war Ludwig in leitender Funktion fu\u0308r die Bezirkskliniken Mittelfranken t\u00e4tig. Zudem bringe der Betriebswirtschaftler Erfahrungen aus fru\u0308heren Stationen in international t\u00e4tigen Unternehmen mit, so das st\u00e4dtische Klinikum. Ludwig komplettiere das Fu\u0308hrungstrio und \u201est\u00e4rkt damit die Voraussetzungen, unseren kommunalen Versorgungsauftrag auch in einem anspruchsvollen Umfeld verl\u00e4sslich zu erfu\u0308llen\u201c, erkl\u00e4rt Oberb\u00fcrgermeister und Verwaltungsratschef Marcus K\u00f6nig.<\/p>\n<p>\t\t\t\tMehr zum Thema:<br \/>\n\t\t\t<a href=\"https:\/\/www.kma-online.de\/aktuelles\/pflege\/detail\/klinikum-nuernberg-neues-kis-veraendert-stationsalltag-in-lauf-55716\" title=\"Lese mehr \u00fcber: Wie das Klinikum N\u00fcrnberg eine Station digital umgebaut hat\" rel=\"nofollow noopener\" target=\"_blank\"><img class=\"image\" loading=\"lazy\" decoding=\"async\" src=\"https:\/\/www.europesays.com\/de\/wp-content\/uploads\/2026\/06\/csm_Krankenhaus_Lauf_fq_Alexandra_Heeser_bbe202e7ce.webp\" width=\"480\" height=\"270\" alt=\"Stationsleiter Michael Hirschmann spricht mit einem Patienten\" title=\"Michael Hirschmann im Patientengespr\u00e4ch\"\/><\/a><a href=\"https:\/\/www.kma-online.de\/aktuelles\/klinik-news\/detail\/klinikum-nuernberg-integration-der-klinik-hallerwiese-startet-2026-55240\" title=\"Lese mehr \u00fcber: Integration der Klinik Hallerwiese startet 2026\" rel=\"nofollow noopener\" target=\"_blank\"><img class=\"image\" loading=\"lazy\" decoding=\"async\" src=\"https:\/\/www.europesays.com\/de\/wp-content\/uploads\/2026\/06\/csm_Kaufvertrag_Diakoneo_fq_Jakob_Lichtenfeld_Klinikum_Nuernberg_520bf59c68.webp\" width=\"480\" height=\"270\" alt=\"Kaufvertrag Diakoneo und Klinikum N\u00fcrnberg\" title=\"Kaufvertrag Diakoneo und Klinikum N\u00fcrnberg\"\/><\/a><\/p>\n<p>Jakob Lichtenfeld\/Klinikum N\u00fcrnberg<\/p>\n<p><a href=\"https:\/\/www.kma-online.de\/aktuelles\/it-digital-health\/detail\/in-rekordzeit-klinikum-nuernberg-nimmt-neues-kis-orbis-in-betrieb-54758\" title=\"Lese mehr \u00fcber: N\u00fcrnberg schafft KIS-Wechsel \u201ein Rekordzeit\u201c\" rel=\"nofollow noopener\" target=\"_blank\"><img class=\"image\" loading=\"lazy\" decoding=\"async\" src=\"https:\/\/www.europesays.com\/de\/wp-content\/uploads\/2026\/06\/csm_Digitalisierung_Klinikum_Nuernberg_fq_Jakob-Lichtenfeld_Klinikum-Nuernberg_76f19c8d0f.webp\" width=\"480\" height=\"270\" alt=\"Klinikum N\u00fcrnberg \u2013 Digitalisierung\" title=\"Klinikum N\u00fcrnberg \u2013 Digitalisierung\"\/><\/a><\/p>\n<p>Jakob Lichtenfeld\/Klinikum N\u00fcrnberg<\/p>\n<p>Ludwig f\u00fchrt den Maximalversorger mit mehr als 800 Millionen Euro Umsatz k\u00fcnftig mit <a href=\"https:\/\/www.kma-online.de\/aktuelles\/koepfe\/detail\/achim-jockwig-uebernimmt-das-klinikum-nuernberg-a-34409\" target=\"_blank\" rel=\"nofollow noopener\"><strong>Prof. Achim Jockwig<\/strong><\/a>, dem Vorstandsvorsitzenden und Vorstand Medizin und Strategie, sowie <a href=\"https:\/\/www.kma-online.de\/aktuelles\/koepfe\/detail\/sabine-bessler-startet-im-vorstand-des-klinikums-nuernberg-51296\" target=\"_blank\" rel=\"nofollow noopener\"><strong>Sabine Be\u00dfler<\/strong><\/a>, die fu\u0308r den Gesch\u00e4ftsbereich Personal und Compliance zust\u00e4ndig ist.<\/p>\n<p>\u201eTobias Ludwig kennt das Klinikum aus einer operativen Fu\u0308hrungsrolle heraus und bringt ein tiefes Verst\u00e4ndnis fu\u0308r das Zusammenspiel von Medizin, Pflege, Verwaltung und Infrastruktur mit\u201c, sagt Jockwig. Ludwig selbst erkl\u00e4rt: \u201eIn einem wirtschaftlich anspruchsvollen Umfeld wollen wir die finanzielle Handlungsf\u00e4higkeit und das infrastrukturelle Potenzial des Klinikums weiter st\u00e4rken.\u201c Der 33-J\u00e4hrige wird zus\u00e4tzlich auch Gesch\u00e4ftsfu\u0308hrer der Tochterunternehmen Krankenh\u00e4user Nu\u0308rnberger Land und Ambulantes BehandlungsCentrum (ABC).<\/p>\n<p>In seinem Gesch\u00e4ftsbereich wird sich demn\u00e4chst einiges tun. Zum Jahreswechsel etwa u\u0308bernimmt das Klinikum die <a href=\"https:\/\/www.kma-online.de\/aktuelles\/klinik-news\/detail\/klinikum-nuernberg-integration-der-klinik-hallerwiese-startet-2026-55240\" target=\"_blank\" rel=\"nofollow noopener\"><strong>Klinik Hallerwiese-Cnopfsche Kinderklinik<\/strong><\/a>. Anfang 2027 ziehen die Kinderkliniken des Klinikums mit der Geburtshilfe in einen Neubau auf dem Campus Su\u0308d. Dort werden 2027 auch die Vorbereitungen fu\u0308r ein neues Notfallzentrum mit OP-S\u00e4len und Intensivstationen beginnen. Bereits im Bau ist das Zentrum fu\u0308r seelische Gesundheit, welches diese Fachrichtungen in einem gemeinsamen Geb\u00e4ude auf dem Campus Nord vereinen soll.<\/p>\n<p>Andreas Becke war seit 1997 im Haus<\/p>\n<p>Der ausgeschiedene Andreas Becke habe das Klinikum u\u0308ber viele Jahre gepr\u00e4gt und die Entwicklung zu einem der gr\u00f6\u00dften kommunalen Maximalversorger Deutschlands gef\u00f6rdert, sagt der Verwaltungsratsvorsitzende Marcus K\u00f6nig: \u201eEines seiner vielen richtungsweisenden Projekte ist die Kooperation mit der Paracelsus Medizinischen Privatuniversit\u00e4t, durch die ein Medizinstudium in Nu\u0308rnberg u\u0308berhaupt erst m\u00f6glich wurde. Wir sind ihm zu gro\u00dfem Dank verpflichtet.\u201c Der Diplom-Soziologe Becke war ab 1997 im Klinikum Nu\u0308rnberg t\u00e4tig.<\/p>\n<p>\n                    Klinikum N\u00fcrnberg\/koj\n                <\/p>\n","protected":false},"excerpt":{"rendered":"Aufstieg f\u00fcr Tobias Ludwig: Der 33-J\u00e4hrige, der als gesch\u00e4ftsf\u00fchrender Direktor seit 2023 zur Standortleitung fu\u0308r den Campus Nord&hellip;\n","protected":false},"author":2,"featured_media":1116667,"comment_status":"","ping_status":"","sticky":false,"template":"","format":"standard","meta":{"footnotes":"","_share_on_mastodon":"0"},"categories":[1837],"tags":[772,3364,29,27507,27506,30,141,27509,27508,27510,27512,4612,290,27502,18908,27515,4391,27516,27503,27504,837,27505,3783,27513,3284,16,27511,27514],"class_list":["post-1116666","post","type-post","status-publish","format-standard","has-post-thumbnail","category-nuernberg","tag-bayern","tag-de","tag-deutschland","tag-e-health","tag-ehealth","tag-germany","tag-gesundheit","tag-gesundheitsmagazin","tag-gesundheitsmanagement","tag-gesundheitsmarkt","tag-gesundheitsoekonomie","tag-gesundheitspolitik","tag-gesundheitswesen","tag-gesundheitswirtschaft","tag-healthcare","tag-healthcare-management","tag-hygiene","tag-krankenhauseinrichtung","tag-krankenhausmanagement","tag-krankenhaustechnik","tag-medizin","tag-medizintechnik","tag-nuernberg","tag-pflegemanagement","tag-pharma","tag-politik","tag-qualitaetsmanagement","tag-stellenangebote"],"share_on_mastodon":{"url":"","error":"Validation failed: Text character limit of 500 exceeded"},"_links":{"self":[{"href":"https:\/\/www.europesays.com\/de\/wp-json\/wp\/v2\/posts\/1116666","targetHints":{"allow":["GET"]}}],"collection":[{"href":"https:\/\/www.europesays.com\/de\/wp-json\/wp\/v2\/posts"}],"about":[{"href":"https:\/\/www.europesays.com\/de\/wp-json\/wp\/v2\/types\/post"}],"author":[{"embeddable":true,"href":"https:\/\/www.europesays.com\/de\/wp-json\/wp\/v2\/users\/2"}],"replies":[{"embeddable":true,"href":"https:\/\/www.europesays.com\/de\/wp-json\/wp\/v2\/comments?post=1116666"}],"version-history":[{"count":0,"href":"https:\/\/www.europesays.com\/de\/wp-json\/wp\/v2\/posts\/1116666\/revisions"}],"wp:featuredmedia":[{"embeddable":true,"href":"https:\/\/www.europesays.com\/de\/wp-json\/wp\/v2\/media\/1116667"}],"wp:attachment":[{"href":"https:\/\/www.europesays.com\/de\/wp-json\/wp\/v2\/media?parent=1116666"}],"wp:term":[{"taxonomy":"category","embeddable":true,"href":"https:\/\/www.europesays.com\/de\/wp-json\/wp\/v2\/categories?post=1116666"},{"taxonomy":"post_tag","embeddable":true,"href":"https:\/\/www.europesays.com\/de\/wp-json\/wp\/v2\/tags?post=1116666"}],"curies":[{"name":"wp","href":"https:\/\/api.w.org\/{rel}","templated":true}]}}