{"id":1116702,"date":"2026-06-23T22:02:17","date_gmt":"2026-06-23T22:02:17","guid":{"rendered":"https:\/\/www.europesays.com\/de\/1116702\/"},"modified":"2026-06-23T22:02:17","modified_gmt":"2026-06-23T22:02:17","slug":"bahnen-und-busse-beim-csd","status":"publish","type":"post","link":"https:\/\/www.europesays.com\/de\/1116702\/","title":{"rendered":"Bahnen und Busse beim CSD"},"content":{"rendered":"<p class=\"richtext text-em-55 !leading-serif mx-6 desktop:mx-0\">Auch Mitarbeitende der KVB nehmen zusammen mit Kollegen weiterer Verkehrsunternehmen aus Nordrhein-Westfalen an der Parade teil. Sie werben gemeinsam f\u00fcr ein r\u00fccksichtsvolles und wertsch\u00e4tzendes Miteinander.<\/p>\n<p class=\"richtext text-em-55 !leading-serif mx-6 desktop:mx-0\">Die Busse und Stadtbahnen der KVB fahren nach Sonntagsfahrplan. Jedoch verst\u00e4rkt die KVB von 11 Uhr bis 17 Uhr den Betrieb auf der Stadtbahn-Linie 1 zwischen den Haltestellen \u201eJunkersdorf\u201c und \u201eNeumarkt\u201c. Zudem bietet sich im gleichen Zeitraum die Nutzung einer Linie \u201eE\u201c als Verst\u00e4rkung weiterer Stadtbahn-Linien zwischen den Haltestellen \u201eNiehl Sebastianstra\u00dfe\u201c und \u201eKoelnmesse\u201c an.<\/p>\n<p class=\"richtext text-em-55 !leading-serif mx-6 desktop:mx-0\">Zwischen 11.30 und 15.30 Uhr muss, bedingt durch das Zuschaueraufkommen, im Bereich der Deutzer Br\u00fccke mit Behinderungen der Stadtbahn-Linien 1 und 9 gerechnet werden. Im Busverkehr werden am Sonntag, 5. Juli, die Busse der Linien 136 und 146 im Zeitraum von 12 Uhr bis 17 Uhr stadteinw\u00e4rts ab der Haltestelle \u201eMoltkestra\u00dfe\u201c \u00fcber eine Ersatzhaltestelle \u201eRudolfplatz\u201c gef\u00fchrt und fahren dann \u2013 nach einer Umleitung \u00fcber den Habsburger Ring und die Lindenstra\u00dfe \u2013 \u00fcber den normalen Linienweg wieder in Fahrtrichtung stadtausw\u00e4rts. Die Haltestelle \u201eNeumarkt\u201c wird im genannten Zeitraum nicht angefahren. <\/p>\n<p class=\"richtext text-em-55 !leading-serif mx-6 desktop:mx-0\">Auch w\u00e4hrend der drei Tage des CSD-Stra\u00dfenfestes sind die Stadtbahn-Linien 1, 7 und 9 baustellenbedingt getrennt. Die Stadtbahnen k\u00f6nnen nicht \u00fcber die Deutzer Br\u00fccke fahren. Die Trennungen beginnen bereits am 29. Juni und reichen \u00fcber die CSD-Feierlichkeiten hinaus. Die Linien 1 und 9 fahren dann aus Weiden bzw. S\u00fclz kommend nur bis zur Haltestelle \u201eHeumarkt\u201c und anschlie\u00dfend von dort zur\u00fcck. Die Linie 7 endet, aus Frechen bzw. Braunsfeld kommend, an der Haltestelle \u201eNeumarkt\u201c und f\u00e4hrt von hieraus zur\u00fcck. Im nicht durch Stadtbahnen bedienten Streckenabschnitt fahren Ersatzbusse mit der Linienkennung \u201e101\u201c bis zur Haltestelle \u201eKoelnmesse\u201c.<\/p>\n<p class=\"richtext text-em-55 !leading-serif mx-6 desktop:mx-0\">Aufgrund von Sperrungen der Augustinerstra\u00dfe und der Pippinstra\u00dfe f\u00fcr den Stra\u00dfenverkehr aufgrund des CSD fahren die Ersatzbusse der Linie 101 an den drei CSD-Tagen jedoch erst ab der Haltestelle \u201eHeumarkt\u201c, also nicht bereits ab der Haltestelle \u201eNeumarkt\u201c.<\/p>\n<p class=\"richtext text-em-55 !leading-serif mx-6 desktop:mx-0\">Vor und w\u00e4hrend der CSD-Parade am 5. Juli kann die Deutzer Br\u00fccke dar\u00fcber hinausgehend nicht befahren werden. Diese Sperrung betrifft auch den Ersatzbusverkehr. Am 5. Juli wird der Ersatzbusverkehr deshalb im Zeitraum von 8 Uhr bis 18 Uhr auf seinem gesamten Linienweg bis zur Haltestelle \u201eK\u00f6lnmesse\u201c eingestellt. Den Fahrg\u00e4sten, die den Rhein queren wollen, werden die Stadtbahn-Linien 3 und 4 zur Nutzung empfohlen. Diese Linien sind weder durch die Baustellen betroffen, noch werden sie durch die CSD-Feierlichkeiten beeintr\u00e4chtigt.<\/p>\n<p class=\"richtext text-em-55 !leading-serif mx-6 desktop:mx-0\">Den G\u00e4sten des CSD wird empfohlen, f\u00fcr ihre Reise nach K\u00f6ln und ihre Fahrten innerhalb K\u00f6lns das CSD-Ticket zu nutzen. Es gilt von Freitag, 3. Juli, 14 Uhr, bis Montag, 6. Juli, 3 Uhr, im gesamten Rheinlandnetz. Das CSD-Ticket ist zum Preis von 24 Euro bereits jetzt als Handyticket in der KVB-App oder Online-Ticket auf www.vrs-ticketshop.de erwerbbar.<\/p>\n","protected":false},"excerpt":{"rendered":"Auch Mitarbeitende der KVB nehmen zusammen mit Kollegen weiterer Verkehrsunternehmen aus Nordrhein-Westfalen an der Parade teil. Sie werben&hellip;\n","protected":false},"author":2,"featured_media":1116703,"comment_status":"","ping_status":"","sticky":false,"template":"","format":"standard","meta":{"footnotes":"","_share_on_mastodon":"0"},"categories":[1828],"tags":[30546,8998,18271,18834,600,29,12045,67181,12262,30,6513,1420,26507,235985,85320,1209,30028,11238,9717],"class_list":["post-1116702","post","type-post","status-publish","format-standard","has-post-thumbnail","category-koeln","tag-csd","tag-kvb","tag-angefahren","tag-befahren","tag-bruecke","tag-deutschland","tag-deutz","tag-ersatzhaltestelle","tag-faehren","tag-germany","tag-haltestelle","tag-koeln","tag-linie","tag-linienkennung","tag-linienweg","tag-nordrhein-westfalen","tag-parade","tag-stadtbahn","tag-uhr"],"share_on_mastodon":{"url":"https:\/\/pubeurope.com\/@de\/116801683229515594","error":""},"_links":{"self":[{"href":"https:\/\/www.europesays.com\/de\/wp-json\/wp\/v2\/posts\/1116702","targetHints":{"allow":["GET"]}}],"collection":[{"href":"https:\/\/www.europesays.com\/de\/wp-json\/wp\/v2\/posts"}],"about":[{"href":"https:\/\/www.europesays.com\/de\/wp-json\/wp\/v2\/types\/post"}],"author":[{"embeddable":true,"href":"https:\/\/www.europesays.com\/de\/wp-json\/wp\/v2\/users\/2"}],"replies":[{"embeddable":true,"href":"https:\/\/www.europesays.com\/de\/wp-json\/wp\/v2\/comments?post=1116702"}],"version-history":[{"count":0,"href":"https:\/\/www.europesays.com\/de\/wp-json\/wp\/v2\/posts\/1116702\/revisions"}],"wp:featuredmedia":[{"embeddable":true,"href":"https:\/\/www.europesays.com\/de\/wp-json\/wp\/v2\/media\/1116703"}],"wp:attachment":[{"href":"https:\/\/www.europesays.com\/de\/wp-json\/wp\/v2\/media?parent=1116702"}],"wp:term":[{"taxonomy":"category","embeddable":true,"href":"https:\/\/www.europesays.com\/de\/wp-json\/wp\/v2\/categories?post=1116702"},{"taxonomy":"post_tag","embeddable":true,"href":"https:\/\/www.europesays.com\/de\/wp-json\/wp\/v2\/tags?post=1116702"}],"curies":[{"name":"wp","href":"https:\/\/api.w.org\/{rel}","templated":true}]}}