{"id":1116738,"date":"2026-06-23T22:21:19","date_gmt":"2026-06-23T22:21:19","guid":{"rendered":"https:\/\/www.europesays.com\/de\/1116738\/"},"modified":"2026-06-23T22:21:19","modified_gmt":"2026-06-23T22:21:19","slug":"wetten-dass-bill-und-tom-kaulitz-machen-es-nur-einmal-unterhaltung","status":"publish","type":"post","link":"https:\/\/www.europesays.com\/de\/1116738\/","title":{"rendered":"\u201eWetten, dass..?\u201c: Bill und Tom Kaulitz machen es nur einmal | Unterhaltung"},"content":{"rendered":"<p><a class=\"skip-content skip-content--link\" href=\"#in-content-skip-link-target-v-0-0\">TTS-Player \u00fcberspringen\u21b5<\/a><a id=\"in-content-skip-link-target-v-0-0\" class=\"skip-content--target-link-hidden skip-content skip-content--target-link\" href=\"#in-content-skip-link-target-v-0-0\">Artikel weiterlesen<\/a><\/p>\n<p>Mainz (Rheinland-Pfalz) \u2013 <b>Nur einmal \u201eWetten, dass..?\u201c \u2013 dann ist schon wieder Schluss! Bill Kaulitz (36) und Tom Kaulitz (36) \u00fcbernehmen im Dezember die gr\u00f6\u00dfte Samstagabendshow Deutschlands. Doch wer auf eine dauerhafte TV-Karriere der Tokio-Hotel-Zwillinge hofft, wird entt\u00e4uscht. Denn die Moderation von \u201eWetten, dass..?\u201c am 5. Dezember soll ein einmaliges Gastspiel bleiben. Diese geheime Absprache enth\u00fcllt Tom jetzt.<\/b><\/p>\n<p>Der Grund sei eine klare Aussage der Br\u00fcder dem <a href=\"https:\/\/www.bild.de\/themen\/organisationen\/zdf\/organisation-news-fotos-videos-19409352.bild.html\" class=\"text-link\" rel=\"nofollow noopener\" target=\"_blank\">ZDF<\/a> gegen\u00fcber: \u201eLeute, lasst uns eine Sendung machen, denn wir wollen nat\u00fcrlich auch weiterhin auf Tour gehen und uns auch anderen Sachen widmen.\u201c Ein dauerhaftes Engagement als Moderatoren komme f\u00fcr die beiden nicht infrage. Das alles verriet Tom Kaulitz jetzt im MagentaTV-Format \u201eBestbesetzung\u201c mit Johannes B. Kerner (61). <\/p>\n<p>Vorbereitung? Fehlanzeige!<\/p>\n<p>Trotz der gigantischen B\u00fchne des fr\u00fcheren TV-\u201eLagerfeuers\u201c gehen die Kaulitz-Zwillinge die Sache erstaunlich locker an. Auf Kerners Frage nach den Vorbereitungen antwortete Tom: \u201eBisher noch gar nicht. Wir machen Sachen schon gerne aus dem Bauch raus, aber auch weil wir uns gegenseitig haben.\u201c Dass sein Bruder an seiner Seite sei, gebe ihm Sicherheit.<\/p>\n<p><img decoding=\"async\" width=\"992\" height=\"711\" alt=\"Thomas Gottschalk (76) bei seiner \u201eWetten, dass..?\u201c-Abschiedsshow 2023\" loading=\"lazy\" src=\"https:\/\/www.europesays.com\/de\/wp-content\/uploads\/2026\/06\/9cfbdcfb5ccdad8f8315103d7f213f4d,f7462fc5.jpeg\"   class=\"dynamic\"\/><\/p>\n<p class=\"fig__caption__text\">Thomas Gottschalk (76) bei seiner \u201eWetten, dass..?\u201c-Abschiedsshow 2023<\/p>\n<p>Foto: Public Address Presseagentur<\/p>\n<p>Ganz ohne Respekt vor der Aufgabe geht es aber auch bei den Kaulitz-Br\u00fcdern nicht. Tom r\u00e4umt ein, dass auf ihm und Bill \u201eein Riesendruck\u201c laste. Trotzdem bleibe er gelassen: \u201eAber was soll schon gro\u00df passieren, au\u00dfer dass wir uns ein paar Mal verhaspeln und irgendwie versprechen und die Leute danach sagen: ,Na, da waren sie aber ganz sch\u00f6n aufgeregt und <a href=\"https:\/\/www.bild.de\/unterhaltung\/leute\/thomas-gottschalk\/thema-thomas-gottschalk-alle-infos-82022690.bild.html\" class=\"text-link\" rel=\"nofollow noopener\" target=\"_blank\">Thomas Gottschalk<\/a> hat es besser gemacht&#8216;.\u201c<\/p>\n<p>Gro\u00dfes Quoten-Ziel <\/p>\n<p>Auch bei den Einschaltquoten hat Tom bereits eine klare Vorstellung. \u201eIch glaube, so 40 Prozent sollten wir schon holen.\u201c Damit spielt er auf den Marktanteil an, den die Sendung im Vergleich zu den anderen zeitgleichen TV-Formaten hat. Die letzte Ausgabe von <a href=\"https:\/\/www.bild.de\/themen\/specials\/wetten-dass\/eine-aera-geht-zu-ende-16866284.bild.html\" class=\"text-link\" rel=\"nofollow noopener\" target=\"_blank\">\u201eWetten, dass..?\u201c<\/a> am 25. November 2023 erzielte einen herausragenden Marktanteil von 45,3 Prozent beim Gesamtpublikum und 53,5 Prozent in der werberelevanten Zielgruppe der 14- bis 49-J\u00e4hrigen.<\/p>\n<p><img decoding=\"async\" width=\"992\" height=\"558\" alt=\"Tom Kaulitz packte im Gespr\u00e4ch mit Johannes B. Kerner (61) \u00fcber seine \u201eWetten, dass..?\u201c-Pl\u00e4ne aus\" loading=\"lazy\" src=\"https:\/\/www.europesays.com\/de\/wp-content\/uploads\/2026\/06\/96dcc1f254f2344ed3478576688a64c3,8855a77e.jpeg\"   class=\"landscape\"\/><\/p>\n<p class=\"fig__caption__text\">Tom Kaulitz packte im Gespr\u00e4ch mit Johannes B. Kerner (61) \u00fcber seine \u201eWetten, dass..?\u201c-Pl\u00e4ne aus<\/p>\n<p>Foto: 2026 MagentaTV<\/p>\n<p>Mehr zum Thema<\/p>\n<p>Ob die Zwillinge tats\u00e4chlich an die gro\u00dfen \u201eWetten, dass..?\u201c-Zeiten ankn\u00fcpfen k\u00f6nnen, zeigt sich am 5. Dezember. Fest steht aber schon jetzt: F\u00fcr Bill und Tom Kaulitz bleibt es bei einem einzigen Abend auf Deutschlands ber\u00fchmtestem Sofa. Das kann ja auch einen Teil des \u201eRiesendrucks\u201c nehmen.<\/p>\n","protected":false},"excerpt":{"rendered":"TTS-Player \u00fcberspringen\u21b5Artikel weiterlesen Mainz (Rheinland-Pfalz) \u2013 Nur einmal \u201eWetten, dass..?\u201c \u2013 dann ist schon wieder Schluss! Bill Kaulitz&hellip;\n","protected":false},"author":2,"featured_media":1116739,"comment_status":"","ping_status":"","sticky":false,"template":"","format":"standard","meta":{"footnotes":"","_share_on_mastodon":"0"},"categories":[155],"tags":[29,214,30,11270,16687,5351,5352,27432,138370,5353,215,16686],"class_list":["post-1116738","post","type-post","status-publish","format-standard","has-post-thumbnail","category-unterhaltung","tag-deutschland","tag-entertainment","tag-germany","tag-germanys-next-topmodel","tag-gottschalk-thomas","tag-kaulitz-bill","tag-kaulitz-tom","tag-klum-heidi","tag-team-first","tag-tokio-hotel","tag-unterhaltung","tag-wetten-dass"],"share_on_mastodon":{"url":"","error":""},"_links":{"self":[{"href":"https:\/\/www.europesays.com\/de\/wp-json\/wp\/v2\/posts\/1116738","targetHints":{"allow":["GET"]}}],"collection":[{"href":"https:\/\/www.europesays.com\/de\/wp-json\/wp\/v2\/posts"}],"about":[{"href":"https:\/\/www.europesays.com\/de\/wp-json\/wp\/v2\/types\/post"}],"author":[{"embeddable":true,"href":"https:\/\/www.europesays.com\/de\/wp-json\/wp\/v2\/users\/2"}],"replies":[{"embeddable":true,"href":"https:\/\/www.europesays.com\/de\/wp-json\/wp\/v2\/comments?post=1116738"}],"version-history":[{"count":0,"href":"https:\/\/www.europesays.com\/de\/wp-json\/wp\/v2\/posts\/1116738\/revisions"}],"wp:featuredmedia":[{"embeddable":true,"href":"https:\/\/www.europesays.com\/de\/wp-json\/wp\/v2\/media\/1116739"}],"wp:attachment":[{"href":"https:\/\/www.europesays.com\/de\/wp-json\/wp\/v2\/media?parent=1116738"}],"wp:term":[{"taxonomy":"category","embeddable":true,"href":"https:\/\/www.europesays.com\/de\/wp-json\/wp\/v2\/categories?post=1116738"},{"taxonomy":"post_tag","embeddable":true,"href":"https:\/\/www.europesays.com\/de\/wp-json\/wp\/v2\/tags?post=1116738"}],"curies":[{"name":"wp","href":"https:\/\/api.w.org\/{rel}","templated":true}]}}