{"id":1116805,"date":"2026-06-23T23:00:43","date_gmt":"2026-06-23T23:00:43","guid":{"rendered":"https:\/\/www.europesays.com\/de\/1116805\/"},"modified":"2026-06-23T23:00:43","modified_gmt":"2026-06-23T23:00:43","slug":"hitzerekord-in-frankreich-frankreich-erlebt-heissesten-tag-seit-beginn-der-messungen","status":"publish","type":"post","link":"https:\/\/www.europesays.com\/de\/1116805\/","title":{"rendered":"Hitzerekord in Frankreich: Frankreich erlebt hei\u00dfesten Tag seit Beginn der Messungen"},"content":{"rendered":"<p class=\"paragraph article__item\"><a class=\"rtr-entity\" href=\"https:\/\/www.zeit.de\/thema\/frankreich\" rel=\"nofollow noopener\" target=\"_blank\">Frankreich<\/a> hat den nach Angaben des staatlichen Wetterdienstes hei\u00dfesten Tag seit Beginn der Messungen 1947 erlebt. Laut M\u00e9t\u00e9o France kletterte die Durchschnittstemperatur f\u00fcr das franz\u00f6sische Festland am 23. Juni nach vorl\u00e4ufigen Werten von 17 Uhr auf 29,8 Grad. Der bisherige Rekord lag bei 29,4 Grad und wurde am 5. August 2003 und am 25. Juli 2019 aufgestellt. Die nationale Durchschnittstemperatur wird anhand des nationalen<br \/>\nTemperaturindikators (ITN) gemessen, dem Tagesdurchschnitt der Tages-<br \/>\nund Nachttemperaturen von 30 Referenzwetterstationen im franz\u00f6sischen<br \/>\nFestland. Die Messungen gehen bis 1947 zur\u00fcck.\n<\/p>\n<p class=\"paragraph article__item\">Die aktuelle Hitzewelle in Frankreich ist<br \/>\n nach Angaben des Wetterdienstes gepr\u00e4gt durch au\u00dferordentlich hohe<br \/>\nSpitzentemperaturen \u00fcber Tage und auch \u00fcber Nacht. In der Ortschaft<br \/>\nPissos an der Atlantikk\u00fcste wurden laut vorl\u00e4ufigen Werten am<br \/>\nDienstagnachmittag 44,3 Grad gemessen, auch in zahlreichen weiteren St\u00e4dten wurde es deutlich \u00fcber 40 Grad hei\u00df.\u00a0\n<\/p>\n<p class=\"paragraph article__item\">In der Hauptstadt Paris wurden 36 Grad gemessen, am Mittwoch sollen es sogar 39 Grad werden. Der Eiffelturm schloss wegen der hohen Temperaturen bereits am Nachmittag f\u00fcr Besucherinnen und Besucher und nicht wie sonst \u00fcblich am sp\u00e4ten Abend.\u00a0\n<\/p>\n<p>            Rekord f\u00fcr hei\u00dfeste Nacht ebenfalls gebrochen            <\/p>\n<p class=\"paragraph article__item\">In der Nacht zu Dienstag war schon der <a href=\"https:\/\/www.zeit.de\/gesellschaft\/zeitgeschehen\/2026-06\/hitzerekord-frankreich-nacht-temperatur-wetterdienst-gxe\" target=\"_blank\" rel=\"nofollow noopener\">Rekord f\u00fcr die hei\u00dfeste Nacht seit Beginn der Messungen in Frankreich aufgestellt worden.<\/a> Der ITN betrug 21,6 Grad.\n<\/p>\n<p class=\"paragraph article__item\">Am Nachmittag versch\u00e4rfte M\u00e9t\u00e9o France seine Hitzewarnung f\u00fcr das Land erneut. Am Mittwoch gilt in 58 Departements die h\u00f6chste<br \/>\nWarnstufe Rot und in 31 Departements die Warnstufe Orange. Die h\u00f6chste Warnstufe ruft der Wetterdienst aus, wenn durch extreme Temperaturen auch gesunde Menschen gef\u00e4hrdet sind. Insgesamt gibt es im franz\u00f6sischen Kernland 96 Departements. Die hohen Temperaturen haben auch zu einem Anstieg der Badeunf\u00e4lle gef\u00fchrt. Seit dem 18. Juni sind nach Angaben von Premierminister S\u00e9bastien Lecornu 40 Menschen in Frankreich ertrunken.\n<\/p>\n<p>Mehr zum Thema<\/p>\n<p>                <a href=\"https:\/\/www.zeit.de\/politik\/deutschland\/2026-06\/hitzeschutz-deutschland-todesfaelle-warnungen-5vor8\" data-ct-label=\"Hitzeschutz in Deutschland: Viele Todesf\u00e4lle w\u00e4ren vermeidbar\" data-uuid=\"33dd92cd-f712-4511-ae00-7ee160d15ca8\" rel=\"nofollow noopener\" target=\"_blank\"><\/p>\n<p>        Z+ (abopflichtiger Inhalt);<\/p>\n<p>    Hitzeschutz in Deutschland:<br \/>\n                        Viele Todesf\u00e4lle w\u00e4ren vermeidbar<\/p>\n<p>                <\/a><\/p>\n<p>                <a href=\"https:\/\/www.zeit.de\/gesundheit\/2026-06\/wetterextreme-hitze-psychische-auswirkungen-gereiztheit-stimmung\" data-ct-label=\"Wetterextreme: Warum so gereizt?\" data-uuid=\"3826d044-529b-43ea-9995-83403c87d2b6\" rel=\"nofollow noopener\" target=\"_blank\"><\/p>\n<p>        Z+ (abopflichtiger Inhalt);<\/p>\n<p>    Wetterextreme:<br \/>\n                        Warum so gereizt?<\/p>\n<p>                <\/a><\/p>\n<p>                <a href=\"https:\/\/www.zeit.de\/gesundheit\/2026-06\/wirkung-medikamente-hitze-sommer-auswirkung-risiko-beate-mueller\" data-ct-label=\"Wirkung von Medikamenten: \u00bbBei Sommertemperaturen ist das Risiko f\u00fcr viele Medikamente erh\u00f6ht\u00ab\" data-uuid=\"5320b996-d5a6-4c3e-bfae-e87e2f342e79\" rel=\"nofollow noopener\" target=\"_blank\"><\/p>\n<p>        Z+ (abopflichtiger Inhalt);<\/p>\n<p>    Wirkung von Medikamenten:<br \/>\n                        \u00bbBei Sommertemperaturen ist das Risiko f\u00fcr viele Medikamente erh\u00f6ht\u00ab<\/p>\n<p>                <\/a><\/p>\n","protected":false},"excerpt":{"rendered":"Frankreich hat den nach Angaben des staatlichen Wetterdienstes hei\u00dfesten Tag seit Beginn der Messungen 1947 erlebt. Laut M\u00e9t\u00e9o&hellip;\n","protected":false},"author":2,"featured_media":1116806,"comment_status":"","ping_status":"","sticky":false,"template":"","format":"standard","meta":{"footnotes":"","_share_on_mastodon":"0"},"categories":[5],"tags":[331,332,221254,3364,29,223922,156,30,1724,13,73763,236005,70168,14,15,236006,12],"class_list":["post-1116805","post","type-post","status-publish","format-standard","has-post-thumbnail","category-nachrichten","tag-aktuelle-nachrichten","tag-aktuelle-news","tag-artikelhuelle","tag-de","tag-deutschland","tag-durchschnittstemperatur","tag-frankreich","tag-germany","tag-gesellschaft","tag-headlines","tag-hitzerekord","tag-hitzerekord-in-frankreich","tag-messung","tag-nachrichten","tag-news","tag-pisson","tag-schlagzeilen"],"share_on_mastodon":{"url":"https:\/\/pubeurope.com\/@de\/116801911292146119","error":""},"_links":{"self":[{"href":"https:\/\/www.europesays.com\/de\/wp-json\/wp\/v2\/posts\/1116805","targetHints":{"allow":["GET"]}}],"collection":[{"href":"https:\/\/www.europesays.com\/de\/wp-json\/wp\/v2\/posts"}],"about":[{"href":"https:\/\/www.europesays.com\/de\/wp-json\/wp\/v2\/types\/post"}],"author":[{"embeddable":true,"href":"https:\/\/www.europesays.com\/de\/wp-json\/wp\/v2\/users\/2"}],"replies":[{"embeddable":true,"href":"https:\/\/www.europesays.com\/de\/wp-json\/wp\/v2\/comments?post=1116805"}],"version-history":[{"count":0,"href":"https:\/\/www.europesays.com\/de\/wp-json\/wp\/v2\/posts\/1116805\/revisions"}],"wp:featuredmedia":[{"embeddable":true,"href":"https:\/\/www.europesays.com\/de\/wp-json\/wp\/v2\/media\/1116806"}],"wp:attachment":[{"href":"https:\/\/www.europesays.com\/de\/wp-json\/wp\/v2\/media?parent=1116805"}],"wp:term":[{"taxonomy":"category","embeddable":true,"href":"https:\/\/www.europesays.com\/de\/wp-json\/wp\/v2\/categories?post=1116805"},{"taxonomy":"post_tag","embeddable":true,"href":"https:\/\/www.europesays.com\/de\/wp-json\/wp\/v2\/tags?post=1116805"}],"curies":[{"name":"wp","href":"https:\/\/api.w.org\/{rel}","templated":true}]}}