{"id":1117045,"date":"2026-06-24T01:19:20","date_gmt":"2026-06-24T01:19:20","guid":{"rendered":"https:\/\/www.europesays.com\/de\/1117045\/"},"modified":"2026-06-24T01:19:20","modified_gmt":"2026-06-24T01:19:20","slug":"diplomatische-beziehungen-meloni-beschwichtigt-nach-streit-mit-trump","status":"publish","type":"post","link":"https:\/\/www.europesays.com\/de\/1117045\/","title":{"rendered":"Diplomatische Beziehungen: Meloni beschwichtigt nach Streit mit Trump"},"content":{"rendered":"<p class=\"is-first-paragraph\" data-external=\"Article.FirstParagraph\">Trotz des j\u00fcngsten Streits mit US-Pr\u00e4sident Donald Trump sieht Italiens Ministerpr\u00e4sidentin Giorgia Meloni keine Gefahr f\u00fcr die Beziehungen zwischen ihrem Land und den USA. Die Zusammenarbeit zwischen beiden L\u00e4ndern beruhe auf einer \u201eso langen und soliden Geschichte\u201c, dass sie nicht durch \u201eeine Diskussion in den sozialen Medien\u201c infrage gestellt werde, sagte die rechte Regierungschefin bei einer Veranstaltung der Zeitung \u201eLa Verit\u00e0\u201c in Rom.<\/p>\n<p>In den vergangenen Tagen war es zwischen Trump und Meloni zu Spannungen gekommen. Ausl\u00f6ser war die Behauptung des US-Pr\u00e4sidenten, Meloni habe ihn beim j\u00fcngsten G7-Gipfel im franz\u00f6sischen \u00c9vian um ein Foto angefleht. Sie habe ihm leidgetan. Meloni hielt scharf dagegen und bezeichnete dies als \u201ev\u00f6llig erfunden\u201c. Bei einem weiteren Schlagabtausch in den sozialen Medien wies sie ihn abermals zurecht. \u201eIch bin fassungslos\u201c, erkl\u00e4rte Meloni im Onlinedienst X am Freitag. \u201eIch und Italien betteln nie\u201c, f\u00fcgte sie hinzu.<\/p>\n<p>Auf diese Auseinandersetzung angesprochen sagte Meloni nun, sie sei zwar aufrichtig betroffen von dem Streit gewesen, habe nun aber nicht die Absicht, den Zwist weiter anzuheizen. \u201eIch denke, dass unsere bilaterale Zusammenarbeit mit den USA wieder zur Normalit\u00e4t zur\u00fcckkehren sollte.\u201c<\/p>\n<p>\u201eAu\u00dfenpolitik wird dieselbe bleiben wie in den letzten 80 Jahren\u201c<\/p>\n<p>Meloni betonte zudem, trotz des Streits die au\u00dfenpolitische Ausrichtung Italiens nicht \u00e4ndern zu wollen: \u201eDie italienische Au\u00dfenpolitik wird dieselbe bleiben wie in den letzten 80 Jahren. Die festen Beziehungen mit den USA und der EU aufrechtzuerhalten, denn darauf beruht die St\u00e4rke des Westens.\u201c Abgesehen von dem j\u00fcngsten Zwist sei die Zusammenarbeit der beiden L\u00e4nder in den vergangenen Wochen und Monaten auch gut verlaufen, erkl\u00e4rte sie.<\/p>\n<p>Allerdings hatte das zuvor gute Verh\u00e4ltnis schon deutlich gelitten. Trump kritisierte Meloni im April schon scharf, nachdem sie dessen verbale Attacken gegen den Papst als \u201einakzeptabel\u201c bezeichnet hatte.<\/p>\n","protected":false},"excerpt":{"rendered":"Trotz des j\u00fcngsten Streits mit US-Pr\u00e4sident Donald Trump sieht Italiens Ministerpr\u00e4sidentin Giorgia Meloni keine Gefahr f\u00fcr die Beziehungen&hellip;\n","protected":false},"author":2,"featured_media":1117046,"comment_status":"","ping_status":"","sticky":false,"template":"","format":"standard","meta":{"footnotes":"","_share_on_mastodon":"0"},"categories":[3],"tags":[114,20962,13,21454,20757,14,15,110,12,45,10,8,9,11,113,64,103,104],"class_list":["post-1117045","post","type-post","status-publish","format-standard","has-post-thumbnail","category-welt","tag-donald-geb-1946","tag-giorgia","tag-headlines","tag-italien-politik","tag-meloni","tag-nachrichten","tag-news","tag-newsteam","tag-schlagzeilen","tag-texttospeech","tag-top-news","tag-top-meldungen","tag-topmeldungen","tag-topnews","tag-trump","tag-usa","tag-welt","tag-world"],"share_on_mastodon":{"url":"https:\/\/pubeurope.com\/@de\/116802457817846090","error":""},"_links":{"self":[{"href":"https:\/\/www.europesays.com\/de\/wp-json\/wp\/v2\/posts\/1117045","targetHints":{"allow":["GET"]}}],"collection":[{"href":"https:\/\/www.europesays.com\/de\/wp-json\/wp\/v2\/posts"}],"about":[{"href":"https:\/\/www.europesays.com\/de\/wp-json\/wp\/v2\/types\/post"}],"author":[{"embeddable":true,"href":"https:\/\/www.europesays.com\/de\/wp-json\/wp\/v2\/users\/2"}],"replies":[{"embeddable":true,"href":"https:\/\/www.europesays.com\/de\/wp-json\/wp\/v2\/comments?post=1117045"}],"version-history":[{"count":0,"href":"https:\/\/www.europesays.com\/de\/wp-json\/wp\/v2\/posts\/1117045\/revisions"}],"wp:featuredmedia":[{"embeddable":true,"href":"https:\/\/www.europesays.com\/de\/wp-json\/wp\/v2\/media\/1117046"}],"wp:attachment":[{"href":"https:\/\/www.europesays.com\/de\/wp-json\/wp\/v2\/media?parent=1117045"}],"wp:term":[{"taxonomy":"category","embeddable":true,"href":"https:\/\/www.europesays.com\/de\/wp-json\/wp\/v2\/categories?post=1117045"},{"taxonomy":"post_tag","embeddable":true,"href":"https:\/\/www.europesays.com\/de\/wp-json\/wp\/v2\/tags?post=1117045"}],"curies":[{"name":"wp","href":"https:\/\/api.w.org\/{rel}","templated":true}]}}