{"id":1117111,"date":"2026-06-24T01:56:16","date_gmt":"2026-06-24T01:56:16","guid":{"rendered":"https:\/\/www.europesays.com\/de\/1117111\/"},"modified":"2026-06-24T01:56:16","modified_gmt":"2026-06-24T01:56:16","slug":"nach-toedlichem-unfall-a6-bei-nuernberg-seit-der-nacht-gesperrt","status":"publish","type":"post","link":"https:\/\/www.europesays.com\/de\/1117111\/","title":{"rendered":"Nach t\u00f6dlichem Unfall: A6 bei N\u00fcrnberg seit der Nacht gesperrt"},"content":{"rendered":"<p>Nach einem t\u00f6dlichen Unfall auf der A6 im Landkreis N\u00fcrnberger Land ist die Autobahn im Bereich der Unfallstelle gesperrt. Die Polizei ermittelt zur Ursache des Unfalls. Ein Gutachter unterst\u00fctzt die Beamten.<\/p>\n<p>Lkw-Unfall: 58-J\u00e4hriger in F\u00fchrerhaus eingeklemmt<\/p>\n<p>In den fr\u00fchen Morgenstunden am Dienstag war der 58 Jahre alte Fahrer eines Lkw zwischen den Anschlussstellen Alfeld und Altdorf\/Leinburg im Landkreis N\u00fcrnberger Land aus noch ungekl\u00e4rter Ursache nach rechts von der Fahrbahn abgekommen. Dort prallte er gegen einen weiteren Lkw, der auf dem Standstreifen in der N\u00e4he des Parkplatzes Zankschlag Nord abgestellt war. Dabei 58-J\u00e4hrige wurde in seinem F\u00fchrerhaus eingeklemmt und erlitt t\u00f6dliche Verletzungen. <\/p>\n<p>Sperrung auf der A6 dauert an<\/p>\n<p>Der 44 Jahre alte Fahrer des geparkten Lastwagens kam mit leichten Verletzungen ins Krankenhaus. Die Autobahn A6 ist seit dem Unfall in Fahrtrichtung N\u00fcrnberg\/Heilbronn gesperrt. Wegen der umfangreichen Bergungs dauerte die Sperrung auch am Dienstagabend noch an. <\/p>\n","protected":false},"excerpt":{"rendered":"Nach einem t\u00f6dlichen Unfall auf der A6 im Landkreis N\u00fcrnberger Land ist die Autobahn im Bereich der Unfallstelle&hellip;\n","protected":false},"author":2,"featured_media":1117112,"comment_status":"","ping_status":"","sticky":false,"template":"","format":"standard","meta":{"footnotes":"","_share_on_mastodon":"0"},"categories":[1837],"tags":[47934,772,3364,29,30,1962,4156,3783,121,1284],"class_list":["post-1117111","post","type-post","status-publish","format-standard","has-post-thumbnail","category-nuernberg","tag-a6","tag-bayern","tag-de","tag-deutschland","tag-germany","tag-lkw","tag-mittelfranken","tag-nuernberg","tag-polizei","tag-unfall"],"share_on_mastodon":{"url":"https:\/\/pubeurope.com\/@de\/116802603381547843","error":""},"_links":{"self":[{"href":"https:\/\/www.europesays.com\/de\/wp-json\/wp\/v2\/posts\/1117111","targetHints":{"allow":["GET"]}}],"collection":[{"href":"https:\/\/www.europesays.com\/de\/wp-json\/wp\/v2\/posts"}],"about":[{"href":"https:\/\/www.europesays.com\/de\/wp-json\/wp\/v2\/types\/post"}],"author":[{"embeddable":true,"href":"https:\/\/www.europesays.com\/de\/wp-json\/wp\/v2\/users\/2"}],"replies":[{"embeddable":true,"href":"https:\/\/www.europesays.com\/de\/wp-json\/wp\/v2\/comments?post=1117111"}],"version-history":[{"count":0,"href":"https:\/\/www.europesays.com\/de\/wp-json\/wp\/v2\/posts\/1117111\/revisions"}],"wp:featuredmedia":[{"embeddable":true,"href":"https:\/\/www.europesays.com\/de\/wp-json\/wp\/v2\/media\/1117112"}],"wp:attachment":[{"href":"https:\/\/www.europesays.com\/de\/wp-json\/wp\/v2\/media?parent=1117111"}],"wp:term":[{"taxonomy":"category","embeddable":true,"href":"https:\/\/www.europesays.com\/de\/wp-json\/wp\/v2\/categories?post=1117111"},{"taxonomy":"post_tag","embeddable":true,"href":"https:\/\/www.europesays.com\/de\/wp-json\/wp\/v2\/tags?post=1117111"}],"curies":[{"name":"wp","href":"https:\/\/api.w.org\/{rel}","templated":true}]}}