{"id":1117167,"date":"2026-06-24T02:29:16","date_gmt":"2026-06-24T02:29:16","guid":{"rendered":"https:\/\/www.europesays.com\/de\/1117167\/"},"modified":"2026-06-24T02:29:16","modified_gmt":"2026-06-24T02:29:16","slug":"staats-und-regierungschefs-von-e5-gruppe-bereiten-in-berlin-nato-gipfel-vor-2","status":"publish","type":"post","link":"https:\/\/www.europesays.com\/de\/1117167\/","title":{"rendered":"Staats- und Regierungschefs von E5-Gruppe bereiten in Berlin Nato-Gipfel vor"},"content":{"rendered":"<p class=\"mb-4 text-lg md:leading-8 break-words\">Die Staats- und Regierungschefs der sogenannten E5-Gruppe treffen sich am Mittwochnachmittag in Berlin zu Vorbereitungen f\u00fcr den Nato-Gipfel im kommenden Monat. Bundeskanzler Friedrich Merz (CDU) empf\u00e4ngt daf\u00fcr den britischen Premierminister Keir Starmer, Frankreichs Pr\u00e4sident Emmanuel Macron, den polnischen Regierungschef Donald Tusk und Italiens Ministerpr\u00e4sidentin Giorgia Meloni. Gegen 18.00 Uhr ist eine Pressebegegnung geplant.<\/p>\n<p class=\"mb-4 text-lg md:leading-8 break-words\">Nato-Generalsekret\u00e4r Mark Rutte wird per Video zugeschaltet. Ein Thema des Treffens soll die weitere Unterst\u00fctzung der Ukraine durch die europ\u00e4ischen Partner im russischen Angriffskrieg sein. Der Nato-Gipfel findet am 7. und 8. Juli in der t\u00fcrkischen Hauptstadt Ankara statt. Dazu werden die Staats- und Regierungschefs der 32 Nato-Mitgliedstaaten erwartet.<\/p>\n<p class=\"mb-4 text-lg md:leading-8 break-words\">mhe\/ju<\/p>\n","protected":false},"excerpt":{"rendered":"Die Staats- und Regierungschefs der sogenannten E5-Gruppe treffen sich am Mittwochnachmittag in Berlin zu Vorbereitungen f\u00fcr den Nato-Gipfel&hellip;\n","protected":false},"author":2,"featured_media":1117168,"comment_status":"","ping_status":"","sticky":false,"template":"","format":"standard","meta":{"footnotes":"","_share_on_mastodon":"0"},"categories":[1825],"tags":[296,29,37829,30,4543,161950,39699,39698],"class_list":["post-1117167","post","type-post","status-publish","format-standard","has-post-thumbnail","category-berlin","tag-berlin","tag-deutschland","tag-donald-tusk","tag-germany","tag-mark-rutte","tag-mittwochnachmittag","tag-regierungschefs","tag-staats"],"share_on_mastodon":{"url":"https:\/\/pubeurope.com\/@de\/116802733106041746","error":""},"_links":{"self":[{"href":"https:\/\/www.europesays.com\/de\/wp-json\/wp\/v2\/posts\/1117167","targetHints":{"allow":["GET"]}}],"collection":[{"href":"https:\/\/www.europesays.com\/de\/wp-json\/wp\/v2\/posts"}],"about":[{"href":"https:\/\/www.europesays.com\/de\/wp-json\/wp\/v2\/types\/post"}],"author":[{"embeddable":true,"href":"https:\/\/www.europesays.com\/de\/wp-json\/wp\/v2\/users\/2"}],"replies":[{"embeddable":true,"href":"https:\/\/www.europesays.com\/de\/wp-json\/wp\/v2\/comments?post=1117167"}],"version-history":[{"count":0,"href":"https:\/\/www.europesays.com\/de\/wp-json\/wp\/v2\/posts\/1117167\/revisions"}],"wp:featuredmedia":[{"embeddable":true,"href":"https:\/\/www.europesays.com\/de\/wp-json\/wp\/v2\/media\/1117168"}],"wp:attachment":[{"href":"https:\/\/www.europesays.com\/de\/wp-json\/wp\/v2\/media?parent=1117167"}],"wp:term":[{"taxonomy":"category","embeddable":true,"href":"https:\/\/www.europesays.com\/de\/wp-json\/wp\/v2\/categories?post=1117167"},{"taxonomy":"post_tag","embeddable":true,"href":"https:\/\/www.europesays.com\/de\/wp-json\/wp\/v2\/tags?post=1117167"}],"curies":[{"name":"wp","href":"https:\/\/api.w.org\/{rel}","templated":true}]}}