{"id":1117217,"date":"2026-06-24T03:01:17","date_gmt":"2026-06-24T03:01:17","guid":{"rendered":"https:\/\/www.europesays.com\/de\/1117217\/"},"modified":"2026-06-24T03:01:17","modified_gmt":"2026-06-24T03:01:17","slug":"wm-2026-in-karlsruhe-schauen-die-besten-kneipen-bars-und-sportsbars-fuer-public-viewing-5","status":"publish","type":"post","link":"https:\/\/www.europesays.com\/de\/1117217\/","title":{"rendered":"WM 2026 in Karlsruhe schauen: Die besten Kneipen, Bars und Sportsbars f\u00fcr Public-Viewing"},"content":{"rendered":"<p class=\"mb-6 text-xs-varying md:text-m lg:text-l font-serif group-[.font-sans]:font-sans \">\n    Die WM 2026 wird von Kanada, den USA und Mexiko ausgerichtet \u2013 deshalb werden manche Partien <strong class=\"font-bold\">nach mitteleurop\u00e4ischer Zeit auch erst tief in der Nacht angepfiffen<\/strong>. Doch wo kann man in <a href=\"https:\/\/www.ka-news.de\/karlsruhe\" target=\"_self\" class=\"underline \" rel=\"nofollow noopener\">Karlsruhe<\/a> die Spiele auch sp\u00e4t noch gemeinsam anschauen \u2013 und <strong class=\"font-bold\">welche Locations bieten ein Public Viewing?<\/strong>\n  <\/p>\n<p>            Bar Milano (S\u00fcdstadt)<\/p>\n<p class=\"mb-6 text-xs-varying md:text-m lg:text-l font-serif group-[.font-sans]:font-sans \">\n    \u201eWir sind eine Fu\u00dfballkneipe. Die Deutschlandspiele m\u00fcssen definitiv gezeigt werden\u201c, sagt <a href=\"https:\/\/www.ka-news.de\/karlsruhe\/gastro-und-handel\/karlsruhe-neue-wirtin-in-ksc-fankneipe-bar-milano-bewahrt-eckkneipen-charme-113585254\" target=\"_self\" class=\"underline \" rel=\"nofollow noopener\">Sarah Schweigert, die neue Gesch\u00e4ftsf\u00fchrerin der Bar Milano.<\/a> F\u00fcr die \u00fcbrigen Partien befinde man sich derzeit noch in der Planungsphase. Falls ein wichtiges Spiel wegen der st\u00e4dtischen Sperrstunde nicht live \u00fcbertragen werden kann, soll es zumindest im Nachhinein gezeigt werden.\n  <\/p>\n<ul rel=\"\" class=\"[&amp;&gt;li]:relative list-none  [&amp;&gt;li]:pl-[1.2em] [&amp;&gt;li]:marker:text-[0] [&amp;&gt;li]:relative [&amp;&gt;li]:before:absolute [&amp;&gt;li]:before:w-3 [&amp;&gt;li]:before:h-3 [&amp;&gt;li]:before:bg-brand [&amp;&gt;li]:before:left-0 [&amp;&gt;li]:before:top-[8px] [&amp;&gt;li]:before:rounded-full  my-5\">\n<li class=\" mb-3 text-xs md:text-m lg:text-l\">Wo? Marienstra\u00dfe 34, 76137 Karlsruhe<\/li>\n<li class=\" mb-3 text-xs md:text-m lg:text-l\">\u00d6ffnungszeiten: Sonntag\u2013Donnerstag 10\u20132 Uhr; Freitag\u2013Samstag 10\u20135 Uhr<\/li>\n<\/ul>\n<p>    <img decoding=\"async\" src=\"https:\/\/images.mgpd.de\/img\/113585993\/crop\/c16_9-w100\/1604937995\/1091567381\/img4455.jpg\" alt=\"Die Bar Milano in der Karlsruher S\u00fcdstadt. (Archivbild)\" title=\"Die Bar Milano in der Karlsruher S\u00fcdstadt. (Archivbild)\" loading=\"lazy\" class=\"h-full w-full object-cover\"\/><\/p>\n<p>      Icon vergr\u00f6\u00dfern<\/p>\n<p>    Die Bar Milano in der Karlsruher S\u00fcdstadt. (Archivbild)<br \/>\n    Foto: Gerrit Lieb<\/p>\n<p>        Schlie\u00dfen <\/p>\n<p>      Icon Schlie\u00dfen<\/p>\n<p>        Icon vergr\u00f6\u00dfern<\/p>\n<p>        Icon verkleinern<\/p>\n<p>      Icon Pfeil bewegen<\/p>\n<p>    Die Bar Milano in der Karlsruher S\u00fcdstadt. (Archivbild)<br \/>\n    Foto: Gerrit Lieb<\/p>\n<p>            Ludwigs Restaurant &amp; Bar (Innenstadt-West)<\/p>\n<p class=\"mb-6 text-xs-varying md:text-m lg:text-l font-serif group-[.font-sans]:font-sans \">\n    F\u00fcr Deutschlandspiele gibt es im Au\u00dfenbereich ein Public Viewing mit zwei 75-Zoll-Fernsehern. Die \u00fcbrigen Spiele sollen je anch M\u00f6glichkeit gezeigt werden.\n  <\/p>\n<ul rel=\"\" class=\"[&amp;&gt;li]:relative list-none  [&amp;&gt;li]:pl-[1.2em] [&amp;&gt;li]:marker:text-[0] [&amp;&gt;li]:relative [&amp;&gt;li]:before:absolute [&amp;&gt;li]:before:w-3 [&amp;&gt;li]:before:h-3 [&amp;&gt;li]:before:bg-brand [&amp;&gt;li]:before:left-0 [&amp;&gt;li]:before:top-[8px] [&amp;&gt;li]:before:rounded-full  my-5\">\n<li class=\" mb-3 text-xs md:text-m lg:text-l\">Wo? Waldstra\u00dfe 61, 76133 Karlsruhe<\/li>\n<li class=\" mb-3 text-xs md:text-m lg:text-l\">\u00d6ffnungszeiten: Montag\u2013Samstag ab 11 Uhr; Sonntag 12\u201322 Uhr<\/li>\n<\/ul>\n<p>            Mauritius (Innenstadt-West)<\/p>\n<p class=\"mb-6 text-xs-varying md:text-m lg:text-l font-serif group-[.font-sans]:font-sans \">\n    <a href=\"https:\/\/www.ka-news.de\/karlsruhe\/gastro-und-handel\/wegen-baustelle-mauritius-karlsruhe-eroeffnet-restaurant-zelt-auf-dem-schlossvorplatz-29-5-26-114315688\" target=\"_self\" class=\"underline \" rel=\"nofollow noopener\">Auf der Terrasse des Mauritius<\/a> wird w\u00e4hrend der Spiele eine gro\u00dfe Leinwand aufgestellt, im Innenbereich gibt es einen Fernseher. Auf Anfrage von Gruppen k\u00f6nnen aber auch au\u00dferhalb der \u00d6ffnungszeiten \u00dcbertragungen m\u00f6glich gemacht werden, best\u00e4tigt Inhaber Mehran Nadimi gegen\u00fcber der Redaktion.\n  <\/p>\n<ul rel=\"\" class=\"[&amp;&gt;li]:relative list-none  [&amp;&gt;li]:pl-[1.2em] [&amp;&gt;li]:marker:text-[0] [&amp;&gt;li]:relative [&amp;&gt;li]:before:absolute [&amp;&gt;li]:before:w-3 [&amp;&gt;li]:before:h-3 [&amp;&gt;li]:before:bg-brand [&amp;&gt;li]:before:left-0 [&amp;&gt;li]:before:top-[8px] [&amp;&gt;li]:before:rounded-full  my-5\">\n<li class=\" mb-3 text-xs md:text-m lg:text-l\">Wo? Schlossplatz 19, 76131 Karlsruhe<\/li>\n<li class=\" mb-3 text-xs md:text-m lg:text-l\">\u00d6ffnungszeiten: Montag\u2013Donnerstag: 11.30 bis 23 Uhr; Freitag: 11.30 bis 1 Uhr; Samstag: 12 bis 1 Uhr; Sonntag: 12 bis 23 Uhr<\/li>\n<\/ul>\n<p>    <img decoding=\"async\" src=\"https:\/\/images.mgpd.de\/img\/114315243\/crop\/c16_9-w100\/1726565375\/437013818\/img8533.jpg\" alt=\"Das Mauritius Karlsruhe verlegt sein Restaurant auf den Schlossplatz.\" title=\"Das Mauritius Karlsruhe verlegt sein Restaurant auf den Schlossplatz.\" loading=\"lazy\" class=\"h-full w-full object-cover\"\/><\/p>\n<p>      Icon vergr\u00f6\u00dfern<\/p>\n<p>    Das Mauritius Karlsruhe verlegt sein Restaurant auf den Schlossplatz.<br \/>\n    Foto: Thomas Riedel<\/p>\n<p>        Schlie\u00dfen <\/p>\n<p>      Icon Schlie\u00dfen<\/p>\n<p>        Icon vergr\u00f6\u00dfern<\/p>\n<p>        Icon verkleinern<\/p>\n<p>      Icon Pfeil bewegen<\/p>\n<p>    Das Mauritius Karlsruhe verlegt sein Restaurant auf den Schlossplatz.<br \/>\n    Foto: Thomas Riedel<\/p>\n<p>            48 American Sports Bar &amp; Diner (M\u00fchlburg)<\/p>\n<p class=\"mb-6 text-xs-varying md:text-m lg:text-l font-serif group-[.font-sans]:font-sans \">\n    Auch in der American Sports Bar in M\u00fchlburg werden die wichtigen Spiele ausgestrahlt. Bei den anderen komme es auf die Uhrzeit an.\n  <\/p>\n<ul rel=\"\" class=\"[&amp;&gt;li]:relative list-none  [&amp;&gt;li]:pl-[1.2em] [&amp;&gt;li]:marker:text-[0] [&amp;&gt;li]:relative [&amp;&gt;li]:before:absolute [&amp;&gt;li]:before:w-3 [&amp;&gt;li]:before:h-3 [&amp;&gt;li]:before:bg-brand [&amp;&gt;li]:before:left-0 [&amp;&gt;li]:before:top-[8px] [&amp;&gt;li]:before:rounded-full  my-5\">\n<li class=\" mb-3 text-xs md:text-m lg:text-l\">Wo? Rheinstra\u00dfe 48, 76185 Karlsruhe<\/li>\n<li class=\" mb-3 text-xs md:text-m lg:text-l\">\u00d6ffnungszeiten: Sonntag\u2013Donnerstag 10\u20133 Uhr; Freitag\u2013Samstag 10\u20135 Uhr<\/li>\n<\/ul>\n<p>            Vogelbr\u00e4u Karlsruhe (Innenstadt-Ost)<\/p>\n<p class=\"mb-6 text-xs-varying md:text-m lg:text-l font-serif group-[.font-sans]:font-sans \">\n    Im <a href=\"https:\/\/www.ka-news.de\/anzeigen\/content-textlink\/bier-vom-vogel-art-2254806\" target=\"_self\" class=\"underline \" rel=\"nofollow noopener\">Vogelbr\u00e4u Karlsruhe<\/a> sollen die Spiele w\u00e4hrend der regul\u00e4ren \u00d6ffnungszeit \u00fcbertragen werden. Deutschlandspiele werden \u201eauf jeden Fall\u201c gezeigt \u2013 drinnen wie drau\u00dfen. Bei anderen Spielen komme es auf die Uhrzeit an: \u201eNach 1 Uhr morgens wird es schwierig\u201c, hei\u00dft es auf Nachfrage von ka-news.\n  <\/p>\n<ul rel=\"\" class=\"[&amp;&gt;li]:relative list-none  [&amp;&gt;li]:pl-[1.2em] [&amp;&gt;li]:marker:text-[0] [&amp;&gt;li]:relative [&amp;&gt;li]:before:absolute [&amp;&gt;li]:before:w-3 [&amp;&gt;li]:before:h-3 [&amp;&gt;li]:before:bg-brand [&amp;&gt;li]:before:left-0 [&amp;&gt;li]:before:top-[8px] [&amp;&gt;li]:before:rounded-full  my-5\">\n<li class=\" mb-3 text-xs md:text-m lg:text-l\">Wo? Kapellenstra\u00dfe 50, 76131 Karlsruhe<\/li>\n<li class=\" mb-3 text-xs md:text-m lg:text-l\">\u00d6ffnungszeiten: Sonntag\u2013Donnerstag 10\u20130 Uhr; Freitag\u2013Samstag 10\u20131 Uhr<\/li>\n<\/ul>\n<p>    <img decoding=\"async\" src=\"https:\/\/images.mgpd.de\/img\/109948396\/crop\/c16_9-w100\/729691849\/307306575\/vogelbraeu.jpg\" alt=\"Das Vogelbr\u00e4u in der Karlsruher Innenstadt (Archivbild)\" title=\"Das Vogelbr\u00e4u in der Karlsruher Innenstadt (Archivbild)\" loading=\"lazy\" class=\"h-full w-full object-cover\"\/><\/p>\n<p>      Icon vergr\u00f6\u00dfern<\/p>\n<p>    Das Vogelbr\u00e4u in der Karlsruher Innenstadt (Archivbild)<br \/>\n    Foto: Sophia Wagner<\/p>\n<p>        Schlie\u00dfen <\/p>\n<p>      Icon Schlie\u00dfen<\/p>\n<p>        Icon vergr\u00f6\u00dfern<\/p>\n<p>        Icon verkleinern<\/p>\n<p>      Icon Pfeil bewegen<\/p>\n<p>    Das Vogelbr\u00e4u in der Karlsruher Innenstadt (Archivbild)<br \/>\n    Foto: Sophia Wagner<\/p>\n<p>            La Cage (Innenstadt-West)<\/p>\n<p class=\"mb-6 text-xs-varying md:text-m lg:text-l font-serif group-[.font-sans]:font-sans \">\n    \u201eWenn Deutschland au\u00dferhalb der \u00d6ffnungszeiten spielt, w\u00fcrden wir eine Sonderer\u00f6ffnung machen\u201c, teilt der Betriebsleiter vom <a href=\"https:\/\/www.ka-news.de\/wirtschaft\/regional\/la-cage-art-2655801\" target=\"_self\" class=\"underline \" rel=\"nofollow noopener\">La Cage<\/a> der Redaktion mit. Ansonsten werden die \u00fcbrigen Spiele w\u00e4hrend der \u00d6ffnungszeiten gezeigt \u2013 drinnen wie drau\u00dfen.\n  <\/p>\n<ul rel=\"\" class=\"[&amp;&gt;li]:relative list-none  [&amp;&gt;li]:pl-[1.2em] [&amp;&gt;li]:marker:text-[0] [&amp;&gt;li]:relative [&amp;&gt;li]:before:absolute [&amp;&gt;li]:before:w-3 [&amp;&gt;li]:before:h-3 [&amp;&gt;li]:before:bg-brand [&amp;&gt;li]:before:left-0 [&amp;&gt;li]:before:top-[8px] [&amp;&gt;li]:before:rounded-full  my-5\">\n<li class=\" mb-3 text-xs md:text-m lg:text-l\">Wo?\u00a0Blumenstra\u00dfe 25, 76133 Karlsruhe<\/li>\n<li class=\" mb-3 text-xs md:text-m lg:text-l\">\u00d6ffnungszeiten: Sonntag, Dienstag\u2013Donnerstag 17\u20131 Uhr; Freitag\u2013Samstag 17\u20133 Uhr; Montag geschlossen<\/li>\n<\/ul>\n<p>            Bierakademie (Innenstadt-West)<\/p>\n<p class=\"mb-6 text-xs-varying md:text-m lg:text-l font-serif group-[.font-sans]:font-sans \">\n    Auch in der Bierakademie soll es ein gemeinsames Mitfiebern geben. \u201eBei Deutschland-Spielen w\u00fcrden wir auch au\u00dferhalb der regul\u00e4ren \u00d6ffnungszeit die Spiele zeigen\u201c, sagt Tobias Vier, Inhaber der Bierakademie.\n  <\/p>\n<ul rel=\"\" class=\"[&amp;&gt;li]:relative list-none  [&amp;&gt;li]:pl-[1.2em] [&amp;&gt;li]:marker:text-[0] [&amp;&gt;li]:relative [&amp;&gt;li]:before:absolute [&amp;&gt;li]:before:w-3 [&amp;&gt;li]:before:h-3 [&amp;&gt;li]:before:bg-brand [&amp;&gt;li]:before:left-0 [&amp;&gt;li]:before:top-[8px] [&amp;&gt;li]:before:rounded-full  my-5\">\n<li class=\" mb-3 text-xs md:text-m lg:text-l\">Wo?\u00a0Douglasstra\u00dfe 10, 76133 Karlsruhe<\/li>\n<li class=\" mb-3 text-xs md:text-m lg:text-l\">\u00d6ffnungszeiten: Montag\u2013Donnerstag 16\u20130 Uhr; Freitag\u2013Samstag 6\u20133 Uhr; Sonntag geschlossen<\/li>\n<\/ul>\n<p>    <img decoding=\"async\" src=\"https:\/\/images.mgpd.de\/img\/109607956\/crop\/c16_9-w100\/590624148\/800387118\/bierakademie.jpg\" alt=\"Die Bierakademie in der Karlsruher Innenstadt (Archivbild)\" title=\"Die Bierakademie in der Karlsruher Innenstadt (Archivbild)\" loading=\"lazy\" class=\"h-full w-full object-cover\"\/><\/p>\n<p>      Icon vergr\u00f6\u00dfern<\/p>\n<p>    Die Bierakademie in der Karlsruher Innenstadt (Archivbild)<br \/>\n    Foto: Thomas Riedel<\/p>\n<p>        Schlie\u00dfen <\/p>\n<p>      Icon Schlie\u00dfen<\/p>\n<p>        Icon vergr\u00f6\u00dfern<\/p>\n<p>        Icon verkleinern<\/p>\n<p>      Icon Pfeil bewegen<\/p>\n<p>    Die Bierakademie in der Karlsruher Innenstadt (Archivbild)<br \/>\n    Foto: Thomas Riedel<\/p>\n<p>            Fun-Sportsbar XL (Neureut)<\/p>\n<p class=\"mb-6 text-xs-varying md:text-m lg:text-l font-serif group-[.font-sans]:font-sans \">\n    In der Fun-Sportsbar XL werden die WM-Spiele regul\u00e4r w\u00e4hrend der \u00d6ffnungszeiten gezeigt.\n  <\/p>\n<ul rel=\"\" class=\"[&amp;&gt;li]:relative list-none  [&amp;&gt;li]:pl-[1.2em] [&amp;&gt;li]:marker:text-[0] [&amp;&gt;li]:relative [&amp;&gt;li]:before:absolute [&amp;&gt;li]:before:w-3 [&amp;&gt;li]:before:h-3 [&amp;&gt;li]:before:bg-brand [&amp;&gt;li]:before:left-0 [&amp;&gt;li]:before:top-[8px] [&amp;&gt;li]:before:rounded-full  my-5\">\n<li class=\" mb-3 text-xs md:text-m lg:text-l\">Wo?\u00a0Am Sandfeld 1, 76149 Karlsruhe<\/li>\n<li class=\" mb-3 text-xs md:text-m lg:text-l\">\u00d6ffnungszeiten: Sonntag\u2013Donnerstag 10\u20131 Uhr; Freitag\u2013Samstag 10\u20133 Uhr<\/li>\n<\/ul>\n<p>    <img decoding=\"async\" src=\"https:\/\/images.mgpd.de\/img\/109931842\/crop\/c16_9-w100\/383415050\/1616097611\/zwiebel-karlsruhe.jpg\" alt=\"Die Zwiebel in der Karlsruher Oststadt (Archivbild).\" title=\"Die Zwiebel in der Karlsruher Oststadt (Archivbild).\" loading=\"lazy\" class=\"h-full w-full object-cover\"\/><\/p>\n<p>      Icon vergr\u00f6\u00dfern<\/p>\n<p>    Die Zwiebel in der Karlsruher Oststadt (Archivbild).<br \/>\n    Foto: Lennah Dimmler<\/p>\n<p>        Schlie\u00dfen <\/p>\n<p>      Icon Schlie\u00dfen<\/p>\n<p>        Icon vergr\u00f6\u00dfern<\/p>\n<p>        Icon verkleinern<\/p>\n<p>      Icon Pfeil bewegen<\/p>\n<p>    Die Zwiebel in der Karlsruher Oststadt (Archivbild).<br \/>\n    Foto: Lennah Dimmler<\/p>\n<p>            Die Pinte (Innenstadt-West)<\/p>\n<p class=\"mb-6 text-xs-varying md:text-m lg:text-l font-serif group-[.font-sans]:font-sans \">\n    In der zweiten WM-Woche, <strong class=\"font-bold\">17.\u201323. Juni, ist <a href=\"https:\/\/www.ka-news.de\/region\/karlsruhe\/bier-fuer-5-euro-karlsruher-traditionskneipe-pinte-macht-da-nicht-mit-art-2910808\" target=\"_self\" class=\"underline \" rel=\"nofollow noopener\">Die Pinte<\/a> in Betriebsferien.<\/strong> \u201eAb dem 25. Juni zeigen wir alle Begegnungen des deutschen Teams\u201c, sagt Gastwirt Volker Gumsheimer gegen\u00fcber der Redaktion. Alle weiteren Spiele werden auf der <a href=\"https:\/\/diepintekarlsruhe.de\/\" rel=\"nofollow noopener\" target=\"_blank\" class=\"underline \">Hompage<\/a> live angek\u00fcndigt. Bei Nachfrage werden auch andere live \u00dcbertragungen und Wiederholungen ausgestrahlt.\n  <\/p>\n<ul rel=\"\" class=\"[&amp;&gt;li]:relative list-none  [&amp;&gt;li]:pl-[1.2em] [&amp;&gt;li]:marker:text-[0] [&amp;&gt;li]:relative [&amp;&gt;li]:before:absolute [&amp;&gt;li]:before:w-3 [&amp;&gt;li]:before:h-3 [&amp;&gt;li]:before:bg-brand [&amp;&gt;li]:before:left-0 [&amp;&gt;li]:before:top-[8px] [&amp;&gt;li]:before:rounded-full  my-5\">\n<li class=\" mb-3 text-xs md:text-m lg:text-l\">Wo? Leopoldstra\u00dfe 15, 76133 Karlsruhe<\/li>\n<li class=\" mb-3 text-xs md:text-m lg:text-l\">\u00d6ffnungszeiten: Dienstag\u2013Donnerstag ab 18 Uhr; Freitag ab 19 Uhr; Samstag ab 15.15 Uhr (1. Liga); Sonntag\u2013Montag geschlossen<\/li>\n<\/ul>\n<p>    <img decoding=\"async\" src=\"https:\/\/images.mgpd.de\/img\/109403204\/crop\/c16_9-w100\/228053062\/1519062935\/die-pinte-bier-wird-teurer.jpg\" alt=\"Die Pinte in der Karlsruher Innenstadt. (Archivbild)\" title=\"Die Pinte in der Karlsruher Innenstadt. (Archivbild)\" loading=\"lazy\" class=\"h-full w-full object-cover\"\/><\/p>\n<p>      Icon vergr\u00f6\u00dfern<\/p>\n<p>    Die Pinte in der Karlsruher Innenstadt. (Archivbild)<br \/>\n    Foto: Thomas Riedel<\/p>\n<p>        Schlie\u00dfen <\/p>\n<p>      Icon Schlie\u00dfen<\/p>\n<p>        Icon vergr\u00f6\u00dfern<\/p>\n<p>        Icon verkleinern<\/p>\n<p>      Icon Pfeil bewegen<\/p>\n<p>    Die Pinte in der Karlsruher Innenstadt. (Archivbild)<br \/>\n    Foto: Thomas Riedel<\/p>\n<p>            Erste Fracht (S\u00fcdweststadt)<\/p>\n<p class=\"mb-6 text-xs-varying md:text-m lg:text-l font-serif group-[.font-sans]:font-sans \">\n    In der Ersten Fracht am Bahnhofplatz werden die WM-Spiele 2026 nur w\u00e4hrend der \u00d6ffnungszeiten gezeigt. Das gilt auch f\u00fcr die Deutschlandspiele. Wiederholungen am n\u00e4chsten Tag wird es keine geben.\n  <\/p>\n<ul rel=\"\" class=\"[&amp;&gt;li]:relative list-none  [&amp;&gt;li]:pl-[1.2em] [&amp;&gt;li]:marker:text-[0] [&amp;&gt;li]:relative [&amp;&gt;li]:before:absolute [&amp;&gt;li]:before:w-3 [&amp;&gt;li]:before:h-3 [&amp;&gt;li]:before:bg-brand [&amp;&gt;li]:before:left-0 [&amp;&gt;li]:before:top-[8px] [&amp;&gt;li]:before:rounded-full  my-5\">\n<li class=\" mb-3 text-xs md:text-m lg:text-l\">Wo? Bahnhofplatz 6, 76137 Karlsruhe<\/li>\n<li class=\" mb-3 text-xs md:text-m lg:text-l\">\u00d6ffnungszeiten: Montag\u2013Freitag 7\u20130 Uhr; Samstag 8\u20130 Uhr; Sonntag 8\u201323 Uhr<\/li>\n<\/ul>\n","protected":false},"excerpt":{"rendered":"Die WM 2026 wird von Kanada, den USA und Mexiko ausgerichtet \u2013 deshalb werden manche Partien nach mitteleurop\u00e4ischer&hellip;\n","protected":false},"author":2,"featured_media":1023336,"comment_status":"","ping_status":"","sticky":false,"template":"","format":"standard","meta":{"footnotes":"","_share_on_mastodon":"0"},"categories":[1844],"tags":[1634,3364,29,63828,30,65129,53,8903,208,20813,209,219846,64],"class_list":["post-1117217","post","type-post","status-publish","format-standard","has-post-thumbnail","category-karlsruhe","tag-baden-wuerttemberg","tag-de","tag-deutschland","tag-elfenbeinkueste","tag-germany","tag-gruppenphase","tag-kanada","tag-karlsruhe","tag-mexiko","tag-milano","tag-mittelamerika","tag-sarah-schweigert","tag-usa"],"share_on_mastodon":{"url":"https:\/\/pubeurope.com\/@de\/116802860758374548","error":""},"_links":{"self":[{"href":"https:\/\/www.europesays.com\/de\/wp-json\/wp\/v2\/posts\/1117217","targetHints":{"allow":["GET"]}}],"collection":[{"href":"https:\/\/www.europesays.com\/de\/wp-json\/wp\/v2\/posts"}],"about":[{"href":"https:\/\/www.europesays.com\/de\/wp-json\/wp\/v2\/types\/post"}],"author":[{"embeddable":true,"href":"https:\/\/www.europesays.com\/de\/wp-json\/wp\/v2\/users\/2"}],"replies":[{"embeddable":true,"href":"https:\/\/www.europesays.com\/de\/wp-json\/wp\/v2\/comments?post=1117217"}],"version-history":[{"count":0,"href":"https:\/\/www.europesays.com\/de\/wp-json\/wp\/v2\/posts\/1117217\/revisions"}],"wp:featuredmedia":[{"embeddable":true,"href":"https:\/\/www.europesays.com\/de\/wp-json\/wp\/v2\/media\/1023336"}],"wp:attachment":[{"href":"https:\/\/www.europesays.com\/de\/wp-json\/wp\/v2\/media?parent=1117217"}],"wp:term":[{"taxonomy":"category","embeddable":true,"href":"https:\/\/www.europesays.com\/de\/wp-json\/wp\/v2\/categories?post=1117217"},{"taxonomy":"post_tag","embeddable":true,"href":"https:\/\/www.europesays.com\/de\/wp-json\/wp\/v2\/tags?post=1117217"}],"curies":[{"name":"wp","href":"https:\/\/api.w.org\/{rel}","templated":true}]}}