{"id":1117243,"date":"2026-06-24T03:18:33","date_gmt":"2026-06-24T03:18:33","guid":{"rendered":"https:\/\/www.europesays.com\/de\/1117243\/"},"modified":"2026-06-24T03:18:33","modified_gmt":"2026-06-24T03:18:33","slug":"iran-abgeschossener-us-kampfjet-pilot-berichtet-von-seltsamer-formation","status":"publish","type":"post","link":"https:\/\/www.europesays.com\/de\/1117243\/","title":{"rendered":"Iran: Abgeschossener US-Kampfjet-Pilot berichtet von seltsamer Formation"},"content":{"rendered":"<p>&#8222;Echter Alien-Kram&#8220; <\/p>\n<p>US-Pilot sieht seltsame Formation \u00fcber Iran<\/p>\n<p>Aktualisiert am 24.06.2026 &#8211; 04:01 UhrLesedauer: 2 Min.<\/p>\n<p><a href=\"#focus-0\" class=\"transition-colors block text-current relative\" data-sctrack=\"FocusGalleryImage.Reference\"><img fetchpriority=\"high\" data-testid=\"Opener.Image\"   loading=\"eager\" src=\"https:\/\/www.europesays.com\/de\/wp-content\/uploads\/2026\/06\/eine-f-15-der-us-luftwaffe-stoesst-einen-taeuschkoerper-ab-symbolbild-am-karfreitag-wurde-eines-der-.jpeg\" alt=\"Eine F-15 der US-Luftwaffe st\u00f6\u00dft einen T\u00e4uschk\u00f6rper ab (Symbolbild): Am Karfreitag wurde eines der Kampfflugzeuge \u00fcber dem Iran abgeschossen.\" title=\"Eine F-15 der US-Luftwaffe st\u00f6\u00dft einen T\u00e4uschk\u00f6rper ab (Symbolbild): Am Karfreitag wurde eines der Kampfflugzeuge \u00fcber dem Iran abgeschossen.\" width=\"3291\" height=\"1851\" class=\"bg-[url:var(--lqipURL)] bg-cover bg-center flex h-full w-full max-w-full\" style=\"--lqipURL:url('https:\/\/images.t-online.de\/2026\/04\/F5A1ogX4cWPl\/0x0:3291x1851\/fit-in\/150x0\/filters:blur(25)\/eine-f-15-der-us-luftwaffe-stoesst-einen-taeuschkoerper-ab-symbolbild-am-karfreitag-wurde-eines-der-kampfflugzeuge-ueber-dem-iran-abgeschossen.jpg')\" decoding=\"async\"\/><img loading=\"lazy\" src=\"https:\/\/www.t-online.de\/s\/paper\/_next\/static\/media\/zoom-in.f7dae02f.svg\" alt=\"Vergr\u00f6\u00dfern des Bildes\" title=\"Vergr\u00f6\u00dfern des Bildes\" class=\"block h-[calc(var(--height)_\/_16_*_1rem)] w-[calc(var(--width)_\/_16_*_1rem)] max-w-none absolute right-8 bottom-8 rounded-4 bg-snow p-8\" style=\"--width:32;--height:32\" decoding=\"async\"\/><\/a><\/p>\n<p>Eine F-15 der US-Luftwaffe st\u00f6\u00dft einen T\u00e4uschk\u00f6rper ab (Symbolbild): Am Karfreitag wurde eines der Kampfflugzeuge \u00fcber dem Iran abgeschossen. (Quelle: IMAGO\/Sra Zackary Willis\/U.S Air)<\/p>\n<p><img loading=\"lazy\" src=\"https:\/\/www.t-online.de\/s\/paper\/_next\/static\/media\/audio-volume.6689034c.svg\" alt=\"\" title=\"\" class=\"block h-[calc(var(--height)_\/_16_*_1rem)] w-[calc(var(--width)_\/_16_*_1rem)] max-w-none group-hover:brightness-0 group-hover:invert\" style=\"--width:16;--height:16\" decoding=\"async\"\/>Vorlesen<\/p>\n<p>Aktuelle Zeit:0:00Gesamtdauer:0:00<\/p>\n<p>1x<\/p>\n<p class=\"text-center\">Jetzt neu bei t-online:<\/p>\n<p class=\"text-center\">Schriftgr\u00f6\u00dfe anpassen!<\/p>\n<p><img loading=\"lazy\" src=\"https:\/\/www.t-online.de\/s\/paper\/_next\/static\/media\/font-sizes.32942e33.svg\" alt=\"\" title=\"\" class=\"block h-[calc(var(--height)_\/_16_*_1rem)] w-[calc(var(--width)_\/_16_*_1rem)] max-w-none group-hover:hidden group-aria-expanded:hidden\" style=\"--width:16;--height:16\" decoding=\"async\"\/><img loading=\"lazy\" src=\"https:\/\/www.t-online.de\/s\/paper\/_next\/static\/media\/font-sizes-dark-mode.e382645c.svg\" alt=\"\" title=\"\" class=\"block h-[calc(var(--height)_\/_16_*_1rem)] w-[calc(var(--width)_\/_16_*_1rem)] max-w-none hidden group-hover:block group-aria-expanded:block\" style=\"--width:16;--height:16\" decoding=\"async\"\/><img loading=\"lazy\" src=\"https:\/\/www.t-online.de\/s\/paper\/_next\/static\/media\/sharing-menu-icon.1eb71368.svg\" alt=\"\" title=\"\" class=\"block h-[calc(var(--height)_\/_16_*_1rem)] w-[calc(var(--width)_\/_16_*_1rem)] max-w-none group-hover:brightness-0 group-hover:invert\" style=\"--width:16;--height:16\" decoding=\"async\"\/>Artikel teilen<\/p>\n<p class=\"font-bold text-18 leading-17 user-text-lg:text-22 user-text-xl:text-24\">Nach dem Abschuss seines F-15-Jets schildert ein US-Pilot ein beunruhigendes Bild. Irans Drohnen sollen sich wie ein einziger Organismus durch die Luft bewegt haben.<\/p>\n<p class=\"text-18 leading-17 user-text-lg:text-22 user-text-xl:text-24\">Ein abgeschossener US-Kampfpilot hat nach Angaben des Senders <a href=\"https:\/\/www.t-online.de\/themen\/cnn\/\" class=\"transition-colors cursor-pointer no-underline md:hover:text-magenta md:focus:text-magenta border-b border-solid border-current text-salemsfur md:hover:border-magenta\" data-tracking=\"{&quot;action&quot;:&quot;click&quot;,&quot;category&quot;:&quot;intextLink&quot;,&quot;label&quot;:&quot;\/themen\/cnn\/&quot;}\" data-sctrack=\"BodyAnchor\" rel=\"nofollow noopener\" target=\"_blank\">CNN<\/a> von einer ungew\u00f6hnlichen Drohnenformation \u00fcber dem <a href=\"https:\/\/www.t-online.de\/themen\/iran\/\" class=\"transition-colors cursor-pointer no-underline md:hover:text-magenta md:focus:text-magenta border-b border-solid border-current text-salemsfur md:hover:border-magenta\" data-tracking=\"{&quot;action&quot;:&quot;click&quot;,&quot;category&quot;:&quot;intextLink&quot;,&quot;label&quot;:&quot;\/themen\/iran\/&quot;}\" data-sctrack=\"BodyAnchor\" rel=\"nofollow noopener\" target=\"_blank\">Iran<\/a> berichtet. Der Pilot soll nach seiner Rettung gegen\u00fcber Geheimdienstmitarbeitern geschildert haben, mehrere iranische Drohnen h\u00e4tten sich gemeinsam und koordiniert durch die Luft bewegt.<\/p>\n<p class=\"text-18 leading-17 user-text-lg:text-22 user-text-xl:text-24\">CNN beruft sich auf vier mit dem Vorgang vertraute Personen. Demnach beschrieb eine Quelle die Aussage des Piloten so: Es habe sich um &#8222;mehrere miteinander verbundene Drohnen&#8220; gehandelt, die sich &#8222;wie eine Einheit&#8220; bewegt h\u00e4tten. Kleinere Drohnen h\u00e4tten sich unter gr\u00f6\u00dferen befunden \u2013 &#8222;wie Beine&#8220;. Eine weitere Quelle sagte CNN, der Pilot habe von einem &#8222;Minenfeld aus Drohnen&#8220; gesprochen. Was er gesehen habe, soll der Pilot als &#8222;echten Alien-Kram&#8220; beschrieben haben.<\/p>\n<ul class=\"text-18 leading-17 block pl-24 *:pb-16 *:before:inline-block *:before:size-8 *:before:bg-magenta *:before:mt-0 *:before:mr-12 *:before:mb-2 *:before:-ml-[20px]\">\n<li><strong class=\"font-bold\">Spekulationen \u00fcber Grund:<\/strong> <a href=\"https:\/\/www.t-online.de\/nachrichten\/ausland\/usa\/id_101308912\/donald-trump-fokussiert-sich-auf-die-zahl-22-in-reden-und-sozialen-medien.html\" class=\"transition-colors cursor-pointer no-underline md:hover:text-magenta md:focus:text-magenta border-b border-solid border-current text-salemsfur md:hover:border-magenta\" data-tracking=\"{&quot;action&quot;:&quot;click&quot;,&quot;category&quot;:&quot;intextLink&quot;,&quot;label&quot;:&quot;\/nachrichten\/ausland\/usa\/id_101308912\/donald-trump-fokussiert-sich-auf-die-zahl-22-in-reden-und-sozialen-medien.html&quot;}\" data-sctrack=\"BodyAnchor\" rel=\"nofollow noopener\" target=\"_blank\">Auf einmal spricht Trump st\u00e4ndig von der Zahl 22<\/a><\/li>\n<li><strong class=\"font-bold\">F\u00fcr Wohnmobil und Jaguar:<\/strong> <a href=\"https:\/\/www.t-online.de\/nachrichten\/ausland\/id_101309380\/schottland-ex-mann-von-ex-regierungschefin-sturgeon-stahl-von-snp-partei.html\" class=\"transition-colors cursor-pointer no-underline md:hover:text-magenta md:focus:text-magenta border-b border-solid border-current text-salemsfur md:hover:border-magenta\" data-tracking=\"{&quot;action&quot;:&quot;click&quot;,&quot;category&quot;:&quot;intextLink&quot;,&quot;label&quot;:&quot;\/nachrichten\/ausland\/id_101309380\/schottland-ex-mann-von-ex-regierungschefin-sturgeon-stahl-von-snp-partei.html&quot;}\" data-sctrack=\"BodyAnchor\" rel=\"nofollow noopener\" target=\"_blank\">Ex-Mann von Ex-Regierungschefin stahl 460.000 Euro<\/a><\/li>\n<\/ul>\n<p class=\"text-18 leading-17 user-text-lg:text-22 user-text-xl:text-24\">Die Angaben sind bislang nicht unabh\u00e4ngig best\u00e4tigt. Auch ist unklar, ob die Beobachtung des Piloten tats\u00e4chlich auf eine neue F\u00e4higkeit iranischer Drohnen hinweist. Laut CNN wird innerhalb der US-Geheimdienste dar\u00fcber diskutiert, wie die Schilderung einzuordnen ist. Der Pilot habe bei dem Absturz eine Gehirnersch\u00fctterung erlitten.<\/p>\n<p>Fachleute vermuten vernetzte Systeme<\/p>\n<p class=\"text-18 leading-17 user-text-lg:text-22 user-text-xl:text-24\">Nach dem Bericht pr\u00fcfen US-Stellen zudem, ob die Drohnenformation in irgendeiner Weise zum Abschuss des F-15-Kampfjets beigetragen haben k\u00f6nnte. Eine abschlie\u00dfende Bewertung gebe es demnach noch nicht. Das US-Milit\u00e4r \u00e4u\u00dferte sich CNN zufolge nicht konkret zu den Angaben.<\/p>\n<p class=\"text-18 leading-17 user-text-lg:text-22 user-text-xl:text-24\">Bei der beschriebenen F\u00e4higkeit k\u00f6nnte es sich nach Einsch\u00e4tzung von Fachleuten um sogenannte vernetzte Drohnensysteme handeln. Dabei k\u00f6nnen mehrere Drohnen koordiniert gesteuert werden und Informationen untereinander austauschen. US-Geheimdienste h\u00e4tten bislang nicht angenommen, dass Iran \u00fcber eine solche F\u00e4higkeit in ausgereifter Form verf\u00fcgt, berichtet CNN.<\/p>\n<p class=\"text-18 leading-17 user-text-lg:text-22 user-text-xl:text-24\">Die Drohnenexpertin Emma Bates sagte dem Sender, eine solche Entwicklung w\u00e4re milit\u00e4risch bedeutsam. Wenn Drohnen ihre Formation koordinieren und aufrechterhalten k\u00f6nnten, sei das ein &#8222;sehr leistungsf\u00e4higer Ansatz&#8220;.<\/p>\n<p class=\"text-18 leading-17 user-text-lg:text-22 user-text-xl:text-24\">Der Abschuss des F-15-Jets war der erste Verlust eines US-Flugzeugs \u00fcber iranischem Gebiet w\u00e4hrend des Konflikts. Der Pilot wurde nach mehreren Stunden gerettet. Ein zweites Besatzungsmitglied konnte sich dem Bericht zufolge mehr als einen Tag lang einer Gefangennahme entziehen, bevor es ebenfalls geborgen wurde.<\/p>\n","protected":false},"excerpt":{"rendered":"&#8222;Echter Alien-Kram&#8220; US-Pilot sieht seltsame Formation \u00fcber Iran Aktualisiert am 24.06.2026 &#8211; 04:01 UhrLesedauer: 2 Min. Eine F-15&hellip;\n","protected":false},"author":2,"featured_media":1117244,"comment_status":"","ping_status":"","sticky":false,"template":"","format":"standard","meta":{"footnotes":"","_share_on_mastodon":"0"},"categories":[5],"tags":[722,326,522,331,332,3364,29,1478,30,13,345,643,14,15,12,201394,25939],"class_list":["post-1117243","post","type-post","status-publish","format-standard","has-post-thumbnail","category-nachrichten","tag-722","tag-326","tag-522","tag-aktuelle-nachrichten","tag-aktuelle-news","tag-de","tag-deutschland","tag-drohne","tag-germany","tag-headlines","tag-iran","tag-karfreitag","tag-nachrichten","tag-news","tag-schlagzeilen","tag-taeuschkoerper","tag-us-luftwaffe"],"share_on_mastodon":{"url":"https:\/\/pubeurope.com\/@de\/116802926300227097","error":""},"_links":{"self":[{"href":"https:\/\/www.europesays.com\/de\/wp-json\/wp\/v2\/posts\/1117243","targetHints":{"allow":["GET"]}}],"collection":[{"href":"https:\/\/www.europesays.com\/de\/wp-json\/wp\/v2\/posts"}],"about":[{"href":"https:\/\/www.europesays.com\/de\/wp-json\/wp\/v2\/types\/post"}],"author":[{"embeddable":true,"href":"https:\/\/www.europesays.com\/de\/wp-json\/wp\/v2\/users\/2"}],"replies":[{"embeddable":true,"href":"https:\/\/www.europesays.com\/de\/wp-json\/wp\/v2\/comments?post=1117243"}],"version-history":[{"count":0,"href":"https:\/\/www.europesays.com\/de\/wp-json\/wp\/v2\/posts\/1117243\/revisions"}],"wp:featuredmedia":[{"embeddable":true,"href":"https:\/\/www.europesays.com\/de\/wp-json\/wp\/v2\/media\/1117244"}],"wp:attachment":[{"href":"https:\/\/www.europesays.com\/de\/wp-json\/wp\/v2\/media?parent=1117243"}],"wp:term":[{"taxonomy":"category","embeddable":true,"href":"https:\/\/www.europesays.com\/de\/wp-json\/wp\/v2\/categories?post=1117243"},{"taxonomy":"post_tag","embeddable":true,"href":"https:\/\/www.europesays.com\/de\/wp-json\/wp\/v2\/tags?post=1117243"}],"curies":[{"name":"wp","href":"https:\/\/api.w.org\/{rel}","templated":true}]}}