{"id":1117265,"date":"2026-06-24T03:29:48","date_gmt":"2026-06-24T03:29:48","guid":{"rendered":"https:\/\/www.europesays.com\/de\/1117265\/"},"modified":"2026-06-24T03:29:48","modified_gmt":"2026-06-24T03:29:48","slug":"dynamo-dresden-verpflichtet-robert-wagner-von-bundesligist-freiburg-fest","status":"publish","type":"post","link":"https:\/\/www.europesays.com\/de\/1117265\/","title":{"rendered":"Dynamo Dresden verpflichtet Robert Wagner von Bundesligist Freiburg fest"},"content":{"rendered":"<p>        <img decoding=\"async\" src=\"https:\/\/www.europesays.com\/de\/wp-content\/uploads\/2026\/06\/robert-wagner-114.webp\" alt=\"Robert Wagner\" title=\"Robert Wagner | SG Dynamo Dresden\" class=\"responsive\"\/><\/p>\n<p>AUDIO: Fu\u00dfball: Dynamo Dresden holt Robert Wagner fest (1 Min)<\/p>\n<p class=\"topline\">Fu\u00dfball | 2. Bundesliga<\/p>\n<p>\n                Stand: 23.06.2026 17:39 Uhr<\/p>\n<p class=\"preface\">Die SG Dynamo Dresden ist ein echter Transfer-Hammer gelungen. Von Bundesligist SC Freiburg wechselt Robert Wagner fest nach Elbflorenz. Dazu haben die Schwarz-Gelben einen neuen Innenverteidiger aus Slowenien verpflichtet.<\/p>\n<p class=\"\">Dynamo Dresden wird mit Robert Wagner in die neue Saison gehen., Wie der Zweitligist mitteilte, wird der 22-J\u00e4hrige vom SC Freiburg fest verpflichtet. \u00dcber die Abl\u00f6semodalit\u00e4ten vereinbarten beide Vereine Stillschweigen.<\/p>\n<p>    Gonther: Wagner kann &#8222;ein Unterschiedsspieler sein&#8220;<\/p>\n<p>                    <a href=\"https:\/\/www.europesays.com\/de\/wp-content\/uploads\/2026\/06\/robert-wagner-dynamo-dresden-100.webp\" class=\"zoomimage\" title=\"Bild vergr\u00f6\u00dfern\"><\/p>\n<p>        <img decoding=\"async\" src=\"https:\/\/www.europesays.com\/de\/wp-content\/uploads\/2026\/06\/robert-wagner-dynamo-dresden-100.webp\" alt=\"Robert Wagner stoppt den Ball mit dem Fu\u00df.\" title=\"Robert Wagner wird auch kommende Saison das Trikot der SG Dynamo Dresden tragen.  | IMAGO \/ DeFodi Images\" class=\"responsive\" loading=\"lazy\"\/><\/p>\n<p>                    <\/a><\/p>\n<p>                    Robert Wagner wird auch kommende Saison das Trikot der SG Dynamo Dresden tragen. <\/p>\n<p class=\"\">Mit der Verpflichtung dieses entwicklungsf\u00e4higen und vielversprechenden Spielers aus der Bundesliga setzt die SGD durchaus ein Zeichen auf dem Transfermarkt und in Richtung der Zweitliga-Konkurrenz. Bereits in der abgelaufenen Zweitliga-R\u00fcckrunde war der 22-j\u00e4hrige Wagner nach Dresden ausgeliehen. Dynamo-Sportgesch\u00e4ftsf\u00fchrer S\u00f6ren Gonther erkl\u00e4rte zur festen Verpflichtung Wagners: &#8222;Er hat in der R\u00fcckrunde nachgewiesen, welche herausragende Qualit\u00e4t er mitbringt. Robert kann ein Unterschiedsspieler in unserem Zentrum werden.&#8220;<\/p>\n<p>    Wagner sofort absoluter Stammspieler<\/p>\n<p class=\"\">W\u00e4hrend seiner Leihe im vergangenen Halbjahr trug der Mittelfeldmotor einen gro\u00dfen Anteil zum Klassenerhalt bei und agierte dabei als echter Dauerbrenner: von 17 m\u00f6glichen Spielen ging Wagner in 14 \u00fcber die volle Distanz, wurde lediglich gegen Bochum kurz vor Ende der Partie ausgewechselt und verpasste die beiden ausbleibenden Spiele gesperrt. Dabei gl\u00e4nzte der geb\u00fcrtige Schwarzw\u00e4lder weniger mit Torbeteiligungen, sondern viel mehr mit Laufbereitschaft, Kampfgeist und Zweikampfst\u00e4rke.<\/p>\n<p>    Innenverteidiger kommt aus Slowenien<\/p>\n<p class=\"\">Dazu verst\u00e4rkte sich die SGD in der Innenverteidigung mit Ahmet Muhamedbegovic. Der 1,86 Meter gro\u00dfe geb\u00fcrtige \u00d6sterreicher wechselt vom NK Olimpija Ljubljana zu Dynamo.<\/p>\n<p>                    <a href=\"https:\/\/www.europesays.com\/de\/wp-content\/uploads\/2026\/06\/ahmet-muhamedbegovic-100.webp\" class=\"zoomimage\" title=\"Bild vergr\u00f6\u00dfern\"><\/p>\n<p>        <img decoding=\"async\" src=\"https:\/\/www.europesays.com\/de\/wp-content\/uploads\/2026\/06\/ahmet-muhamedbegovic-100.webp\" alt=\"Spieler auf dem Fu\u00dfballplatz\" title=\"Ahmet Muhamedbegovic verst\u00e4rkt die SGD zuk\u00fcnftig in der Abwehr. |  IMAGO \/ Newspix | KAMIL SWIRYDOWICZ\" class=\"responsive\" loading=\"lazy\"\/><\/p>\n<p>                    <\/a><\/p>\n<p>                    Ahmet Muhamedbegovic verst\u00e4rkt die SGD zuk\u00fcnftig in der Abwehr.<\/p>\n<p class=\"\">&#8222;Auf der Position des Innenverteidigers haben wir durch die Abg\u00e4nge Handlungsbedarf gehabt&#8220;, erkl\u00e4rte Dresdens Sportgesch\u00e4ftsf\u00fchrer S\u00f6ren Gonther. &#8222;Umso gl\u00fccklicher sind wir, dass wir mit Ahmet einen international erfahrenen Spieler f\u00fcr uns begeistern konnten, der den Konkurrenzkampf auf ein hervorragendes Level heben kann. Er wird unser Spiel durch sein Tempo sowie die Qualit\u00e4t im Spielaufbau bereichern.&#8220;<\/p>\n<p class=\"\">Muhamedbegovic bringt unter anderem die Erfahrung aus 64 Spielen in der \u00d6sterreichischen Bundesliga sowie 80 Partien in der Prva Liga, der ersten slowenischen Liga, mit nach Dresden. Der 27-J\u00e4hrige absolvierte bislang 14 Spiele in der UEFA Conference League sowie 14 weitere Partien in der Qualifikation des Wettbewerbs. Dar\u00fcber hinaus bestritt der Verteidiger acht Spiele in der Qualifikation zur UEFA Champions League.<\/p>\n<p class=\"\">SpiO\/PM<\/p>\n","protected":false},"excerpt":{"rendered":"AUDIO: Fu\u00dfball: Dynamo Dresden holt Robert Wagner fest (1 Min) Fu\u00dfball | 2. Bundesliga Stand: 23.06.2026 17:39 Uhr&hellip;\n","protected":false},"author":2,"featured_media":1117266,"comment_status":"","ping_status":"","sticky":false,"template":"","format":"standard","meta":{"footnotes":"","_share_on_mastodon":"0"},"categories":[1835],"tags":[621,235980,3364,29,2386,3766,347,30,52618,859,298,5405,265,8720],"class_list":["post-1117265","post","type-post","status-publish","format-standard","has-post-thumbnail","category-dresden","tag-2-bundesliga","tag-ahmet-muhamedbegovic","tag-de","tag-deutschland","tag-dresden","tag-dynamo-dresden","tag-fussball","tag-germany","tag-robert-wagner","tag-sachsen","tag-sc-freiburg","tag-sgd","tag-sport","tag-thomas-stamm"],"share_on_mastodon":{"url":"https:\/\/pubeurope.com\/@de\/116802969361956547","error":""},"_links":{"self":[{"href":"https:\/\/www.europesays.com\/de\/wp-json\/wp\/v2\/posts\/1117265","targetHints":{"allow":["GET"]}}],"collection":[{"href":"https:\/\/www.europesays.com\/de\/wp-json\/wp\/v2\/posts"}],"about":[{"href":"https:\/\/www.europesays.com\/de\/wp-json\/wp\/v2\/types\/post"}],"author":[{"embeddable":true,"href":"https:\/\/www.europesays.com\/de\/wp-json\/wp\/v2\/users\/2"}],"replies":[{"embeddable":true,"href":"https:\/\/www.europesays.com\/de\/wp-json\/wp\/v2\/comments?post=1117265"}],"version-history":[{"count":0,"href":"https:\/\/www.europesays.com\/de\/wp-json\/wp\/v2\/posts\/1117265\/revisions"}],"wp:featuredmedia":[{"embeddable":true,"href":"https:\/\/www.europesays.com\/de\/wp-json\/wp\/v2\/media\/1117266"}],"wp:attachment":[{"href":"https:\/\/www.europesays.com\/de\/wp-json\/wp\/v2\/media?parent=1117265"}],"wp:term":[{"taxonomy":"category","embeddable":true,"href":"https:\/\/www.europesays.com\/de\/wp-json\/wp\/v2\/categories?post=1117265"},{"taxonomy":"post_tag","embeddable":true,"href":"https:\/\/www.europesays.com\/de\/wp-json\/wp\/v2\/tags?post=1117265"}],"curies":[{"name":"wp","href":"https:\/\/api.w.org\/{rel}","templated":true}]}}