{"id":1117281,"date":"2026-06-24T03:38:20","date_gmt":"2026-06-24T03:38:20","guid":{"rendered":"https:\/\/www.europesays.com\/de\/1117281\/"},"modified":"2026-06-24T03:38:20","modified_gmt":"2026-06-24T03:38:20","slug":"rb-leipzig-martin-demichelis-offiziell-was-unter-dem-neuen-trainer-alles-anders-wird-sport","status":"publish","type":"post","link":"https:\/\/www.europesays.com\/de\/1117281\/","title":{"rendered":"RB Leipzig: Mart\u00edn Demichelis offiziell! Was unter dem neuen Trainer alles anders wird | Sport"},"content":{"rendered":"<p><a class=\"skip-content skip-content--link\" href=\"#in-content-skip-link-target-v-0-0\">TTS-Player \u00fcberspringen\u21b5<\/a><a id=\"in-content-skip-link-target-v-0-0\" class=\"skip-content--target-link-hidden skip-content skip-content--target-link\" href=\"#in-content-skip-link-target-v-0-0\">Artikel weiterlesen<\/a><\/p>\n<p data-21134c99=\"0-2542\"><b>Er gewann in Leipzigs Stadion schon einen Titel, da gab es RB noch gar nicht!<\/b><\/p>\n<p data-21134c99=\"0-2542\">Im Juli 2007 siegte Mart\u00edn Demichelis (45) mit dem FC Bayern  1:0 gegen Schalke 04 im Zentralstadion und holte den DFB-Ligapokal. Jetzt kehrt der fr\u00fchere Weltklasse-Verteidiger zur\u00fcck. Diesmal nicht als Spieler, sondern als Trainer. In der inzwischen zur Red Bull Arena umbenannten Spielst\u00e4tte soll er RB Leipzig zu Erfolgen f\u00fchren.<\/p>\n<p><img decoding=\"async\" width=\"992\" height=\"558\" alt=\"\" loading=\"lazy\" src=\"https:\/\/www.europesays.com\/de\/wp-content\/uploads\/2026\/06\/85902bcc932cf48d8a302ba2fc34c085,19092d53.jpeg\"   class=\"landscape\"\/><\/p>\n<p>Foto: PICTURE POINT<\/p>\n<p data-21134c99=\"0-2542\">Am Montagabend machte RB den Deal perfekt. Der Nachfolger des freigestellten Ole Werner unterschrieb einen Vertrag bis 2028. <\/p>\n<p>Demichelis analysiert RB-Kader<\/p>\n<p data-21134c99=\"0-2542\">Ins Leistungszentrum am Cottaweg wird er nach BILD-Informationen allerdings erst in der kommenden Woche kommen. Von Urlaub kann dennoch keine Rede sein \u2013 denn der Argentinier soll jetzt bereits entscheidend Einfluss nehmen.<\/p>\n<p data-21134c99=\"0-2542\"><b>Kader:<\/b> Demichelis wird von Sportgesch\u00e4ftsf\u00fchrer Marcel Sch\u00e4fer (45) schon jetzt komplett in die Kaderplanungen einbezogen. Au\u00dferdem soll er seit der Einigung tiefgehend die RB-Spiele der Vorsaison analysieren.<\/p>\n<p>Mehr zum Thema<\/p>\n<p data-21134c99=\"0-2542\">Der Hintergrund ist klar: Demichelis soll das Team spielerisch an den RB-Fu\u00dfball heranf\u00fchren, den Global-Sportboss J\u00fcrgen Klopp (59) fordert.<\/p>\n<p data-21134c99=\"0-2542\">Bei seiner Vorstellung sagte der neue Trainer: \u201eIch m\u00f6chte eine Mannschaft formen, die mutigen, intensiven und attraktiven Fu\u00dfball spielt, Verantwortung \u00fcbernimmt und die Menschen in Leipzig mit ihrer Leidenschaft begeistert.\u201c<\/p>\n<p>Demichelis bringt drei Assistenten mit<\/p>\n<p data-21134c99=\"0-2542\"><b>Trainerteam<\/b>: Mit Demichelis sollen drei neue Assistenten nach Leipzig kommen. Offen ist dagegen weiter, <a href=\"https:\/\/www.bild.de\/sport\/fussball\/werner-weg-demichelis-soll-kommen-trainer-knall-kostet-leipzig-mega-summe-6a326d2e4522e459ce2f363b\" class=\"text-link\" rel=\"nofollow noopener\" target=\"_blank\">ob Werner-Assistent Jan Zimmermann (46) zus\u00e4tzlich im Trainerteam bleibt<\/a>. Der Experte f\u00fcr Standards ist bislang noch nicht freigestellt. Klar dagegen, dass Frederik G\u00f6\u00dfling (48) weiter Torwart-Trainer bleibt.<\/p>\n<p data-21134c99=\"0-2542\"><b>Trainings-Start:<\/b> An den Vorbereitungen f\u00fcr die neue Saison \u00e4ndern die personellen Entscheidungen zun\u00e4chst nichts. F\u00fcr die Spieler, die nicht an der WM teilnehmen, stehen am 10. und 11. Juli die Leistungstests an. Das erste offizielle Training unter Demichelis ist f\u00fcr den 13. Juli geplant. <\/p>\n<p><img decoding=\"async\" width=\"992\" height=\"1178\" alt=\"Werner-Assistent Jan Zimmermann (46) k\u00f6nnte auch unter Demichelis weiter als Co-Trainer arbeiten\" loading=\"lazy\" src=\"https:\/\/www.europesays.com\/de\/wp-content\/uploads\/2026\/06\/ec934c0fd330af155d8b30eb3fe49a5f,43d122b.jpeg\"   class=\"portrait\"\/><\/p>\n<p class=\"fig__caption__text\">Werner-Assistent Jan Zimmermann (46) k\u00f6nnte auch unter Demichelis weiter als Co-Trainer arbeiten<\/p>\n<p>Foto: IMAGO\/Picture Point LE<\/p>\n<p data-21134c99=\"0-2542\"><b>Testspiele:<\/b> Rund um die bereits bekannten Testspiele gegen Ingolstadt (25. Juli) und Verl (1. August) sollen diese Woche zudem noch zwei weitere Vorbereitungspartien bekanntgegeben werden. Der H\u00f6hepunkt der Vorbereitung wartet am 15. August um 15.30 Uhr. Dann tritt Leipzig zur Generalprobe bei Meister M\u00fcnchen an.<\/p>\n<p data-21134c99=\"0-2542\">F\u00fcr Demichelis wird es eine besondere R\u00fcckkehr. Bei dem Klub gewann er vier Meisterschaften und viermal den Pokal \u2013 Titel, die man sich nun auch bei <a href=\"https:\/\/www.bild.de\/sport\/fussball\/rb-leipzig\/startseite-leipzig-31148870.bild.html\" class=\"text-link\" rel=\"nofollow noopener\" target=\"_blank\">RB Leipzig<\/a> von ihm erhofft.<\/p>\n","protected":false},"excerpt":{"rendered":"TTS-Player \u00fcberspringen\u21b5Artikel weiterlesen Er gewann in Leipzigs Stadion schon einen Titel, da gab es RB noch gar nicht!&hellip;\n","protected":false},"author":2,"featured_media":1117282,"comment_status":"","ping_status":"","sticky":false,"template":"","format":"standard","meta":{"footnotes":"","_share_on_mastodon":"0"},"categories":[1832],"tags":[3364,231305,29,538,30,7645,71,1655,859,3460,4581,539],"class_list":["post-1117281","post","type-post","status-publish","format-standard","has-post-thumbnail","category-leipzig","tag-de","tag-demichelis-martin","tag-deutschland","tag-erste-bundesliga","tag-germany","tag-klopp-juergen","tag-leipzig","tag-rb-leipzig","tag-sachsen","tag-sport-leuchtturm-leipzig","tag-sport-tag-im-ticker","tag-werner-ole"],"share_on_mastodon":{"url":"https:\/\/pubeurope.com\/@de\/116803006065700736","error":""},"_links":{"self":[{"href":"https:\/\/www.europesays.com\/de\/wp-json\/wp\/v2\/posts\/1117281","targetHints":{"allow":["GET"]}}],"collection":[{"href":"https:\/\/www.europesays.com\/de\/wp-json\/wp\/v2\/posts"}],"about":[{"href":"https:\/\/www.europesays.com\/de\/wp-json\/wp\/v2\/types\/post"}],"author":[{"embeddable":true,"href":"https:\/\/www.europesays.com\/de\/wp-json\/wp\/v2\/users\/2"}],"replies":[{"embeddable":true,"href":"https:\/\/www.europesays.com\/de\/wp-json\/wp\/v2\/comments?post=1117281"}],"version-history":[{"count":0,"href":"https:\/\/www.europesays.com\/de\/wp-json\/wp\/v2\/posts\/1117281\/revisions"}],"wp:featuredmedia":[{"embeddable":true,"href":"https:\/\/www.europesays.com\/de\/wp-json\/wp\/v2\/media\/1117282"}],"wp:attachment":[{"href":"https:\/\/www.europesays.com\/de\/wp-json\/wp\/v2\/media?parent=1117281"}],"wp:term":[{"taxonomy":"category","embeddable":true,"href":"https:\/\/www.europesays.com\/de\/wp-json\/wp\/v2\/categories?post=1117281"},{"taxonomy":"post_tag","embeddable":true,"href":"https:\/\/www.europesays.com\/de\/wp-json\/wp\/v2\/tags?post=1117281"}],"curies":[{"name":"wp","href":"https:\/\/api.w.org\/{rel}","templated":true}]}}