{"id":1117298,"date":"2026-06-24T03:47:17","date_gmt":"2026-06-24T03:47:17","guid":{"rendered":"https:\/\/www.europesays.com\/de\/1117298\/"},"modified":"2026-06-24T03:47:17","modified_gmt":"2026-06-24T03:47:17","slug":"wie-eine-app-fahrradfahren-sicherer-machen-will","status":"publish","type":"post","link":"https:\/\/www.europesays.com\/de\/1117298\/","title":{"rendered":"Wie eine App Fahrradfahren sicherer machen will"},"content":{"rendered":"<p>Heatmap von M\u00fcnchen zeigt Gefahrenstellen<\/p>\n<p>Mitmachen kann jeder, der ein Smartphone und eine Halterung f\u00fcrs Fahrrad hat. Bisher gibt es die App in London, Amsterdam \u2013 und M\u00fcnchen. Die Betreiber wollen sie in weiteren bayerischen St\u00e4dten anbieten. In M\u00fcnchen machen bislang etwa 400 Radfahrende mit, mehr als 900 Gefahrenorte hat Buschings Team verifiziert.<\/p>\n<p>Busching sieht erste Muster: &#8222;Stellen, die schlecht ausgebaut sind, wo enge Fahrradwege und Baustellen sind, da kommt es zu sehr vielen Risikosituationen.&#8220; Die Heatmap zeige aber auch: &#8222;Stellen, die gut ausgebaut sind, mit breiten Radwegen, da passiert deutlich weniger. Man sieht, dass Ma\u00dfnahmen wirklich Wirkung zeigen.&#8220;<\/p>\n<p>Mehr Fahrradunf\u00e4lle 2025 in Bayern <\/p>\n<p>In <a href=\"https:\/\/www.br.de\/nachrichten\/bayern\/verkehrsstatistik-wieder-mehr-tote-bei-unfaellen-in-bayern,VCG9PCu\" rel=\"nofollow noopener\" target=\"_blank\">Bayern passierten 2025 mehr Unf\u00e4lle mit Fahrradfahrern<\/a>: Laut der Verkehrsunfallstatistik wurden etwa 18.500 Radfahrende verletzt, 600 mehr als im Jahr zuvor. 82 kamen ums Leben. Die meisten Radunf\u00e4lle passierten laut Innenministerium in M\u00fcnchen: 3.026, sechs Radfahrer starben. Danach folgen N\u00fcrnberg und Augsburg.<\/p>\n<p>Die Unfallstatistik ist die Handlungsgrundlage f\u00fcr die Stadt M\u00fcnchen. Denn diese Daten seien &#8222;objektiv und gerichtsfest&#8220;, teilte das Mobilit\u00e4tsreferat auf Anfrage mit. Ergebnisse von &#8222;Go-Bike&#8220; nutzt sie bisher nicht. Auch perspektivisch k\u00f6nne die App nur &#8222;n\u00fctzliche zus\u00e4tzliche Hinweise&#8220; bieten.<\/p>\n<p>Radentscheid: Infrastruktur verbessern, bevor Unfall passiert<\/p>\n<p>F\u00fcr Holger Quick vom B\u00fcndnis Radentscheid M\u00fcnchen greift das zu kurz: &#8222;Verbesserungen in der Infrastruktur auf dokumentierte Unf\u00e4lle zu basieren, das ist f\u00fcr uns ein Unding. Wenn ein Unfall passiert ist, ist das immer eine Stufe zu sp\u00e4t.&#8220;<\/p>\n<p>Die App biete einen Mehrwert, indem sie eine objektive Grundlage f\u00fcr Verbesserungen liefere. &#8222;Wenn wir jemals die Vision Zero erreichen wollen, m\u00fcssen wir reagieren und die Radinfrastruktur verbessern&#8220;, sagt Quick mit Blick auf das Ziel der Stadt, dass niemand im Stra\u00dfenverkehr get\u00f6tet oder schwer verletzt werden soll. Er hofft, dass die Stadt die Daten k\u00fcnftig doch nutzt.<\/p>\n<p>Wissenschaft: Sicherheitsgef\u00fchl entscheidend f\u00fcr Radfahrer<\/p>\n<p>Auch die Wissenschaft arbeitet mit den Daten und Videos der App, etwa die Mobilit\u00e4tsexpertin Monika Popp von der LMU M\u00fcnchen. Sie will herausfinden, wann Radfahrende sich unsicher f\u00fchlen. Denn manchmal werde auch eine gute Infrastruktur als unsicher erlebt, etwa durch Hindernisse auf dem Fahrradweg: M\u00fclltonnen, Einfahrten oder aufgehende T\u00fcren f\u00fchrten dazu, dass Fahrradfahrer in Alarmbereitschaft seien, sagt Monika Popp. Sie betont: &#8222;Wir sehen, dass in Deutschland die H\u00e4lfte der Menschen gar nicht oder sehr selten Fahrrad f\u00e4hrt. Ein entscheidender Grund daf\u00fcr ist das Sicherheitsgef\u00fchl, das fehlt.&#8220;<\/p>\n<p>Die App biete die M\u00f6glichkeit, das fl\u00e4chendeckend zu untersuchen. Die Fahrradinfrastruktur zu verbessern, nennt Popp &#8222;eine Mammutaufgabe&#8220;. Oft k\u00f6nnten schon kleine Schritte helfen: So k\u00f6nnten auf Basis der Daten sichere Routen f\u00fcr Radfahrende vorgeschlagen werden. &#8222;Da braucht es eine andere App als eine urspr\u00fcnglich f\u00fcr Autos entwickelte&#8220;, sagt die Expertin. Als ersten Schritt plant sie f\u00fcr Studierende ab Herbst eine Karte mit konfliktarmen Wegen f\u00fcr Radfahrende.<\/p>\n","protected":false},"excerpt":{"rendered":"Heatmap von M\u00fcnchen zeigt Gefahrenstellen Mitmachen kann jeder, der ein Smartphone und eine Halterung f\u00fcrs Fahrrad hat. Bisher&hellip;\n","protected":false},"author":2,"featured_media":1117299,"comment_status":"","ping_status":"","sticky":false,"template":"","format":"standard","meta":{"footnotes":"","_share_on_mastodon":"0"},"categories":[1827],"tags":[6844,772,29,17063,30,1466,1268,2465,3931,2624,601],"class_list":["post-1117298","post","type-post","status-publish","format-standard","has-post-thumbnail","category-muenchen","tag-app","tag-bayern","tag-deutschland","tag-fahrradfahren","tag-germany","tag-mobilitaet","tag-muenchen","tag-radfahrer","tag-sicherheit","tag-unfaelle","tag-verkehr"],"share_on_mastodon":{"url":"https:\/\/pubeurope.com\/@de\/116803039720907021","error":""},"_links":{"self":[{"href":"https:\/\/www.europesays.com\/de\/wp-json\/wp\/v2\/posts\/1117298","targetHints":{"allow":["GET"]}}],"collection":[{"href":"https:\/\/www.europesays.com\/de\/wp-json\/wp\/v2\/posts"}],"about":[{"href":"https:\/\/www.europesays.com\/de\/wp-json\/wp\/v2\/types\/post"}],"author":[{"embeddable":true,"href":"https:\/\/www.europesays.com\/de\/wp-json\/wp\/v2\/users\/2"}],"replies":[{"embeddable":true,"href":"https:\/\/www.europesays.com\/de\/wp-json\/wp\/v2\/comments?post=1117298"}],"version-history":[{"count":0,"href":"https:\/\/www.europesays.com\/de\/wp-json\/wp\/v2\/posts\/1117298\/revisions"}],"wp:featuredmedia":[{"embeddable":true,"href":"https:\/\/www.europesays.com\/de\/wp-json\/wp\/v2\/media\/1117299"}],"wp:attachment":[{"href":"https:\/\/www.europesays.com\/de\/wp-json\/wp\/v2\/media?parent=1117298"}],"wp:term":[{"taxonomy":"category","embeddable":true,"href":"https:\/\/www.europesays.com\/de\/wp-json\/wp\/v2\/categories?post=1117298"},{"taxonomy":"post_tag","embeddable":true,"href":"https:\/\/www.europesays.com\/de\/wp-json\/wp\/v2\/tags?post=1117298"}],"curies":[{"name":"wp","href":"https:\/\/api.w.org\/{rel}","templated":true}]}}