{"id":1117308,"date":"2026-06-24T03:52:18","date_gmt":"2026-06-24T03:52:18","guid":{"rendered":"https:\/\/www.europesays.com\/de\/1117308\/"},"modified":"2026-06-24T03:52:18","modified_gmt":"2026-06-24T03:52:18","slug":"brief-nach-berlin-so-einfach-geht-der-kontakt-zur-politik-nachrichten-aktuell","status":"publish","type":"post","link":"https:\/\/www.europesays.com\/de\/1117308\/","title":{"rendered":"Brief nach Berlin &#8211; So einfach geht der Kontakt zur Politik | Nachrichten Aktuell"},"content":{"rendered":"<p id=\"absatz1\" class=\"em_text\">Ein Bremer T\u00fcftler m\u00f6chte B\u00fcrgerinnen und B\u00fcrgern helfen, mit Hilfe von K\u00fcnstlicher Intelligenz schnell und einfach Politiker zu kontaktieren. Wer ein Anliegen hat, kann sich \u00fcber das Portal \u00abBrief nach Berlin\u00bb einen Entwurf verfassen und die Kontaktdaten des zust\u00e4ndigen Abgeordneten heraussuchen lassen.<\/p>\n<p id=\"absatz2\" class=\"em_text\">\u00abIch finde wirklich r\u00fchrend, dass Leute sagen: Ich habe mich zum ersten Mal getraut, einen Brief zu schreiben\u00bb, sagt Entwickler Thomas Lorenz. Mehr als 800 Menschen aus ganz Deutschland lie\u00dfen in den ersten Wochen ein Schreiben aufsetzen. Zuvor hatte der Podcast \u00abLage der Nation\u00bb und mehrere Medien dar\u00fcber berichtet.<\/p>\n<p>F\u00fcr die Mutter entwickelt<\/p>\n<p><a class=\"link-img\" href=\"https:\/\/www.mt.de\/_em_daten\/_cache\/image\/1xSkZrbm5qenlidjRuZ05UTUhWYjVSZ25lOXdYejFCWElXckxXOElQV3dyWmdZMnpHa3Z4S1NTd0gvTFkzeEVId3g3UVZtZ2NoL3ZFTWlRSEJ6Z2J4Y1IwaXJNTzgxV3JYYXQ4VXJobVlmeXZkOG0rTnpLUEJFR29MVWVTUmpOOVI\/260624-0506-urn-newsml-dpa-com-20090101-260624-935-1430504.webp\" data-fancybox=\"images\" data-caption=\"Die Seite l\u00e4sst sich mit dem Handy oder am Rechner \u00f6ffnen. - \u00a9 Moritz Frankenberg\/dpa\" rel=\"nofollow noopener\" target=\"_blank\"><br \/>\n<img decoding=\"async\"  src=\"https:\/\/www.europesays.com\/de\/wp-content\/uploads\/2026\/06\/260624-0506-urn-newsml-dpa-com-20090101-260624-935-1430504.webp\" loading=\"lazy\" width=\"1000\" alt=\"Die Seite l\u00e4sst sich mit dem Handy oder am Rechner \u00f6ffnen. - \u00a9 Moritz Frankenberg\/dpa\"\/><\/p>\n<p><\/a><\/p>\n<p>Die Seite l\u00e4sst sich mit dem Handy oder am Rechner \u00f6ffnen. &#8211; \u00a9 Moritz Frankenberg\/dpa<\/p>\n<p id=\"absatz5\" class=\"em_text\">Die Idee kam dem 34-J\u00e4hrigen im Februar im Gespr\u00e4ch mit seinen Eltern aus Duisburg. Seine Mutter habe sich \u00fcber M\u00fcllberge und Randalierer ge\u00e4rgert. \u00abIch dachte: Ja, Mensch, dann schreib doch mal deinem Abgeordneten\u00bb, erinnert sich Lorenz. Doch seine Mutter habe gez\u00f6gert und Argumente vorgeschoben: Wer interessiert sich \u00fcberhaupt f\u00fcr ihre Probleme? Wie soll sie einen solchen Brief formulieren? Und wann soll sie die Zeit daf\u00fcr finden?<\/p>\n<p id=\"absatz6\" class=\"em_text\">Lorenz sch\u00fcttelt bei der Erinnerung daran den Kopf. \u00abDas muss doch leichter gehen.\u00bb Spontan t\u00fcftelte der Politikwissenschaftler mit K\u00fcnstlicher Intelligenz und entwickelte einen Prototyp. Seine Mutter testete das Portal &#8211; und verfasste ein Schreiben an einen Abgeordneten. \u00abDas war schon richtig cool zu sehen, dass sie den Brief dann tats\u00e4chlich eingeworfen hat.\u00bb<\/p>\n<p>Wie \u00abBrief nach Berlin\u00bb funktioniert<\/p>\n<p id=\"absatz7\" class=\"em_text\">Das kostenlose Portal funktioniert am Handy, Tablet und Rechner. Nutzerinnen und Nutzer k\u00f6nnen ihr Anliegen schriftlich oder per Sprachnachricht schildern. Ein Entwurf und die Kontaktdaten des zust\u00e4ndigen Politikers kommen nach ein paar Klicks per Mail. \u00abSchreib&#8217;s am besten handschriftlich ab und personalisiere das so, dass es f\u00fcr dich passt\u00bb, r\u00e4t der Entwickler.<\/p>\n<p id=\"absatz8\" class=\"em_text\">Dem 34-J\u00e4hrigen ist wichtig, dass die Briefe am Ende per Hand geschrieben und mit der Post versendet werden. \u00abEin handschriftlicher Brief f\u00e4llt unter diesen ganzen Drucksachen noch mal ganz anders auf\u00bb, sagt Lorenz, der fr\u00fcher als Praktikant f\u00fcr zwei SPD-Bundestagsabgeordnete gearbeitet hat. \u00abDann sieht man: Okay, jemand hat sich wirklich Zeit und M\u00fche gegeben, das pers\u00f6nliche Anliegen zu adressieren.\u00bb<\/p>\n<p>Welche Daten erfasst werden<\/p>\n<p id=\"absatz9\" class=\"em_text\">Ein Account sei daf\u00fcr nicht n\u00f6tig, versichert Lorenz. \u00abMir ist es wichtig, dass es super datenschutzkonform ist.\u00bb So speichert der 34-J\u00e4hrige keine pers\u00f6nlichen Angaben und greift auf K\u00fcnstliche Intelligenz aus Frankreich zur\u00fcck. Nur durch freiwilliges Feedback erh\u00e4lt er im Anschluss ein paar wenige Informationen &#8211; etwa dass sich momentan viele wegen der geplanten Gesundheitsreform an ihre Abgeordneten wenden. \u00abEs macht auch Sinn, gerade akute Themen aufzugreifen, wo vielleicht noch so ein bisschen Entscheidungsspielraum ist.\u00bb<\/p>\n<p id=\"absatz10\" class=\"em_text\">Mit \u00abBrief nach Berlin\u00bb verdient Lorenz kein Geld. Im Gegenteil: Er kommt f\u00fcr die laufenden Kosten auf und steckt viel freie Zeit in die Entwicklung des Portals. \u00abDas ist mein Engagement gerade.\u00bb Er hofft, dass Menschen sich auf diese Weise nicht mehr politisch ausgeliefert f\u00fchlen, sondern selbst aktiv werden und sich demokratisch einbringen. \u00abEine Garantie ist sowieso nicht dabei, dass sich danach die Welt \u00e4ndert.\u00bb<\/p>\n<p>Bald auch Post ans Rathaus und an die Landesregierung<\/p>\n<p id=\"absatz11\" class=\"em_text\">Lorenz m\u00f6chte das Tool noch perfektionieren. So sollen die Formulierungen der K\u00fcnstlichen Intelligenz m\u00f6glichst alltagsnah sein und das Textfeld f\u00fcr das eigene Anliegen direkt auf der Startseite erscheinen. Bis Ende Juni sollen auch Schreiben an die Landesregierungen und an die Kommunen m\u00f6glich sein.<\/p>\n<p id=\"absatz12\" class=\"em_text\">K\u00fcnftig soll die K\u00fcnstliche Intelligenz vorschlagen, welches Thema am besten bei welcher Ansprechperson aufgehoben ist. Etwa beim Abfall: \u00abEs ist zwar gut, dass meine Mutter nach Berlin schreibt: Ey, Duisburg hat Probleme damit. Wir haben strukturelle Schwierigkeiten und das Ruhrgebiet generell ist vernachl\u00e4ssigt\u00bb, meint Lorenz. \u00abAber eigentlich w\u00e4re dieser Brief besser bei der Kommune aufgehoben.\u00bb<\/p>\n<p id=\"absatz13\" class=\"em_text\">Der 34-J\u00e4hrige m\u00f6chte auch seine Kontakte ins Ausland nutzen und hofft, dass Entwickler aus anderen L\u00e4ndern seine Idee aufgreifen. \u00abMan kann den Code einsehen im Internet\u00bb, sagt Lorenz. Doch das Angebot m\u00fcsste noch f\u00fcr die jeweiligen Bedingungen vor Ort angepasst werden. So eigne sich etwa die K\u00fcnstliche Intelligenz aus Frankreich besonders f\u00fcr europ\u00e4ische Sprachen, f\u00fcr einen anderen Sprachraum gebe es m\u00f6glicherweise eine bessere L\u00f6sung.<\/p>\n<p>Links<\/p>\n<p>\nDas Mindener Tageblatt ist nicht verantwortlich f\u00fcr die Inhalte externer Internetseiten.<\/p>\n","protected":false},"excerpt":{"rendered":"Ein Bremer T\u00fcftler m\u00f6chte B\u00fcrgerinnen und B\u00fcrgern helfen, mit Hilfe von K\u00fcnstlicher Intelligenz schnell und einfach Politiker zu&hellip;\n","protected":false},"author":2,"featured_media":1117309,"comment_status":"","ping_status":"","sticky":false,"template":"","format":"standard","meta":{"footnotes":"","_share_on_mastodon":"0"},"categories":[1825],"tags":[1941,1939,46904,296,1937,29,3715,156,30,10756,3317,1940,1938,236077],"class_list":["post-1117308","post","type-post","status-publish","format-standard","has-post-thumbnail","category-berlin","tag-aktuelle-nachrichten-aus-berlin","tag-aktuelle-news-aus-berlin","tag-anbindung","tag-berlin","tag-berlin-news","tag-deutschland","tag-duisburg","tag-frankreich","tag-germany","tag-intelligenz","tag-miete","tag-nachrichten-aus-berlin","tag-news-aus-berlin","tag-thomas-lorenz"],"share_on_mastodon":{"url":"https:\/\/pubeurope.com\/@de\/116803061012947289","error":""},"_links":{"self":[{"href":"https:\/\/www.europesays.com\/de\/wp-json\/wp\/v2\/posts\/1117308","targetHints":{"allow":["GET"]}}],"collection":[{"href":"https:\/\/www.europesays.com\/de\/wp-json\/wp\/v2\/posts"}],"about":[{"href":"https:\/\/www.europesays.com\/de\/wp-json\/wp\/v2\/types\/post"}],"author":[{"embeddable":true,"href":"https:\/\/www.europesays.com\/de\/wp-json\/wp\/v2\/users\/2"}],"replies":[{"embeddable":true,"href":"https:\/\/www.europesays.com\/de\/wp-json\/wp\/v2\/comments?post=1117308"}],"version-history":[{"count":0,"href":"https:\/\/www.europesays.com\/de\/wp-json\/wp\/v2\/posts\/1117308\/revisions"}],"wp:featuredmedia":[{"embeddable":true,"href":"https:\/\/www.europesays.com\/de\/wp-json\/wp\/v2\/media\/1117309"}],"wp:attachment":[{"href":"https:\/\/www.europesays.com\/de\/wp-json\/wp\/v2\/media?parent=1117308"}],"wp:term":[{"taxonomy":"category","embeddable":true,"href":"https:\/\/www.europesays.com\/de\/wp-json\/wp\/v2\/categories?post=1117308"},{"taxonomy":"post_tag","embeddable":true,"href":"https:\/\/www.europesays.com\/de\/wp-json\/wp\/v2\/tags?post=1117308"}],"curies":[{"name":"wp","href":"https:\/\/api.w.org\/{rel}","templated":true}]}}