{"id":1117350,"date":"2026-06-24T04:16:13","date_gmt":"2026-06-24T04:16:13","guid":{"rendered":"https:\/\/www.europesays.com\/de\/1117350\/"},"modified":"2026-06-24T04:16:13","modified_gmt":"2026-06-24T04:16:13","slug":"60-000-euro-fuer-den-abiball-schueler-aus-moenchengladbach-berichten","status":"publish","type":"post","link":"https:\/\/www.europesays.com\/de\/1117350\/","title":{"rendered":"60.000 Euro f\u00fcr den Abiball? Sch\u00fcler aus M\u00f6nchengladbach berichten"},"content":{"rendered":"<p class=\"text_ohne_einzug richtext text-em-55 !leading-serif mx-6 desktop:mx-0\">Schon in den Sommerferien 2025 hat Anna Winzen angefangen, den Abiball f\u00fcr 2027 zu organisieren. Sie ist Mitglied im eigens daf\u00fcr verantwortlichen Komitee mit mehreren Mitsch\u00fclerinnen und Mitsch\u00fclern der zw\u00f6lften Stufe des Gymnasiums Odenkirchen. Eine gro\u00dfe Aufgabe. \u201eWir haben mit Sch\u00fclern aus fr\u00fcheren Stufen geredet. Da wir relativ wenige Sch\u00fcler sind, haben wir aber weniger Geld zur Verf\u00fcgung. Wir wollen aber das Beste rausholen.\u201c<\/p>\n","protected":false},"excerpt":{"rendered":"Schon in den Sommerferien 2025 hat Anna Winzen angefangen, den Abiball f\u00fcr 2027 zu organisieren. Sie ist Mitglied&hellip;\n","protected":false},"author":2,"featured_media":1117351,"comment_status":"","ping_status":"","sticky":false,"template":"","format":"standard","meta":{"footnotes":"","_share_on_mastodon":"0"},"categories":[1849],"tags":[52668,4453,55870,3364,29,4109,548,663,3934,30,6717,13,4455,14,15,1209,12,63882,11730,224405],"class_list":["post-1117350","post","type-post","status-publish","format-standard","has-post-thumbnail","category-moenchengladbach","tag-stufen","tag-4453","tag-abiball","tag-de","tag-deutschland","tag-einnahmen","tag-eu","tag-europa","tag-europe","tag-germany","tag-gymnasiums","tag-headlines","tag-moenchengladbach","tag-nachrichten","tag-news","tag-nordrhein-westfalen","tag-schlagzeilen","tag-stufe","tag-suche","tag-winzen"],"share_on_mastodon":{"url":"https:\/\/pubeurope.com\/@de\/116803153827001485","error":""},"_links":{"self":[{"href":"https:\/\/www.europesays.com\/de\/wp-json\/wp\/v2\/posts\/1117350","targetHints":{"allow":["GET"]}}],"collection":[{"href":"https:\/\/www.europesays.com\/de\/wp-json\/wp\/v2\/posts"}],"about":[{"href":"https:\/\/www.europesays.com\/de\/wp-json\/wp\/v2\/types\/post"}],"author":[{"embeddable":true,"href":"https:\/\/www.europesays.com\/de\/wp-json\/wp\/v2\/users\/2"}],"replies":[{"embeddable":true,"href":"https:\/\/www.europesays.com\/de\/wp-json\/wp\/v2\/comments?post=1117350"}],"version-history":[{"count":0,"href":"https:\/\/www.europesays.com\/de\/wp-json\/wp\/v2\/posts\/1117350\/revisions"}],"wp:featuredmedia":[{"embeddable":true,"href":"https:\/\/www.europesays.com\/de\/wp-json\/wp\/v2\/media\/1117351"}],"wp:attachment":[{"href":"https:\/\/www.europesays.com\/de\/wp-json\/wp\/v2\/media?parent=1117350"}],"wp:term":[{"taxonomy":"category","embeddable":true,"href":"https:\/\/www.europesays.com\/de\/wp-json\/wp\/v2\/categories?post=1117350"},{"taxonomy":"post_tag","embeddable":true,"href":"https:\/\/www.europesays.com\/de\/wp-json\/wp\/v2\/tags?post=1117350"}],"curies":[{"name":"wp","href":"https:\/\/api.w.org\/{rel}","templated":true}]}}