{"id":1117459,"date":"2026-06-24T05:14:15","date_gmt":"2026-06-24T05:14:15","guid":{"rendered":"https:\/\/www.europesays.com\/de\/1117459\/"},"modified":"2026-06-24T05:14:15","modified_gmt":"2026-06-24T05:14:15","slug":"datenschutz-berlin-9-224-beschwerden-und-1-462-vorfaelle-2025","status":"publish","type":"post","link":"https:\/\/www.europesays.com\/de\/1117459\/","title":{"rendered":"Datenschutz Berlin: 9.224 Beschwerden und 1.462 Vorf\u00e4lle 2025"},"content":{"rendered":"<p>Ganze 9.224 Eingaben gingen ein, ein Plus von 52 Prozent im Vergleich zum Vorjahr. Darunter: 2.856 konkrete Beschwerden und 6.368 Beratungsanfragen.<\/p>\n<p>Bu\u00dfgelder und interne Datenlecks<\/p>\n<p>Die Beh\u00f6rde reagierte mit voller H\u00e4rte: 53 Verwarnungen und 59 Geldbu\u00dfen in H\u00f6he von insgesamt 79.450 Euro. Besonders brisant: Viele Verst\u00f6\u00dfe kamen aus dem \u00f6ffentlichen Dienst. Ein Arzt griff unberechtigt auf Gesundheitsdaten zu. Ein Polizist fragte Informationen zu einem Verfahren ab, das ihn selbst betraf.<\/p>\n<p>Anzeige: Die Berliner Datenschutzbeauftragte meldet 52 % mehr Beschwerden \u2013 und 59 Bu\u00dfgelder allein 2025. Wer jetzt seine DSGVO-Compliance nicht auf den Pr\u00fcfstand stellt, riskiert teure Verfahren. Dieser Report liefert die drei wichtigsten Stellschrauben: KI-Compliance-Checkliste, Datenvorfall-Meldeprozess und Schutz vor internen Lecks. <strong><a href=\"https:\/\/www.boerse-express.com\/lp\/report\/datenschutz-berlin-9224-beschwerden-2025-bussgelder-7936?adref=Blog_BEX:Ex-Article-ID_990924:Topic_data_protection_business_compliance:Source_BEX_Dynamic_LP&amp;lp=7936\" rel=\"noopener nofollow\" style=\"color: #337ab7 !important; font-weight: bold; text-decoration: underline;\" target=\"_blank\">Jetzt kostenlosen Compliance-Report anfordern<\/a><\/strong><\/p>\n<p>Insgesamt meldeten Beh\u00f6rden und Unternehmen 1.462 Datenschutzvorf\u00e4lle. Der spektakul\u00e4rste Fall: Ein Hackerangriff auf einen Dienstleister der BVG. Rund 180.000 Kundendatens\u00e4tze landeten in falschen H\u00e4nden. Die Datensch\u00fctzer kritisierten die mangelnden Kontrollpflichten des Unternehmens.<\/p>\n<p>KI als neues Problemfeld<\/p>\n<p>K\u00fcnstliche Intelligenz treibt die Beschwerdezahlen in die H\u00f6he. Immer mehr B\u00fcrger beschweren sich \u00fcber mangelnde Transparenz beim KI-Training. Die Beh\u00f6rde deckte auf: Inkassodienstleister nutzten Schuldnerdaten f\u00fcr das KI-Training \u2013 ohne die Betroffenen zu informieren.<\/p>\n<p>Eine Studie von Aithos best\u00e4tigt die Problematik: Kein g\u00e4ngiges KI-Modell erreicht aktuell ein akzeptables DSGVO-Compliance-Niveau. Die Berliner Datenschutzbeauftragte fordert deshalb klare rechtliche Grundlagen \u2013 auch f\u00fcr das eigene Verwaltungsprojekt \u201eB\u00e4rGPT\u201c.<\/p>\n<p>Gerichte schaffen Klarheit<\/p>\n<p>Das Sozialgericht N\u00fcrnberg sorgte Mitte Juni f\u00fcr eine wichtige Entscheidung. Eine Versicherte hatte nach dem MOVEit-Hack Schadensersatz von ihrer Krankenkasse gefordert. Die Richter wiesen die Klage ab: Ein Hackerangriff allein begr\u00fcnde keine automatische Haftung \u2013 solange ausreichende Schutzma\u00dfnahmen nachgewiesen werden.<\/p>\n<p>Noch grunds\u00e4tzlicher wurde der Europ\u00e4ische Gerichtshof. Die Luxemburger Richter entschieden: Rechtswidrig erhobene Mitarbeiterdaten d\u00fcrfen vor Gericht verwertet werden. Nationale Gerichte m\u00fcssen zwar den Datenschutz wahren, entscheiden aber nach eigenen Prozessregeln.<\/p>\n<p>Anzeige: Hackerangriff auf BVG-Dienstleister: 180.000 Datens\u00e4tze kompromittiert. Die Aufsicht pr\u00fcft Kontrollpflichten \u2013 und Ihr Unternehmen k\u00f6nnte der n\u00e4chste Fall sein. Der Report zeigt, wie Sie mit f\u00fcnf konkreten Ma\u00dfnahmen Datenlecks verhindern und im Ernstfall richtig reagieren. <strong><a href=\"https:\/\/www.boerse-express.com\/lp\/report\/datenschutz-berlin-9224-beschwerden-2025-bussgelder-7936?adref=Blog_BEX:Ex-Article-ID_990924:Topic_data_protection_business_compliance:Source_BEX_Dynamic_LP&amp;lp=7936\" rel=\"noopener nofollow\" style=\"color: #337ab7 !important; font-weight: bold; text-decoration: underline;\" target=\"_blank\">5 Ma\u00dfnahmen gegen Datenlecks sichern<\/a><\/strong><\/p>\n<p>Modernisierung der Aufsicht gefordert<\/p>\n<p>Der Druck auf die Datenschutzbeh\u00f6rden steigt bundesweit. In Niedersachsen meldeten Unternehmen im ersten Quartal 2026 bereits 573 Datenpannen \u2013 ein Plus von 32 Prozent. Bundesweit legten die gemeldeten Vorf\u00e4lle 2025 um 29 Prozent zu.<\/p>\n<p>Der nieders\u00e4chsische Datenschutzbeauftragte Denis Lehmkemper unterst\u00fctzt deshalb die \u201eStuttgarter Impulse\u201c. Die Initiative fordert eine st\u00e4rkere gesetzliche Verankerung der Datenschutzkonferenz, bindende Mehrheitsentscheidungen und geb\u00fcndelte Spezialkompetenzen. Das Ziel: Eine einheitlichere und effizientere Aufsicht \u00fcber alle Bundesl\u00e4nder hinweg.<\/p>\n","protected":false},"excerpt":{"rendered":"Ganze 9.224 Eingaben gingen ein, ein Plus von 52 Prozent im Vergleich zum Vorjahr. Darunter: 2.856 konkrete Beschwerden&hellip;\n","protected":false},"author":2,"featured_media":1117460,"comment_status":"","ping_status":"","sticky":false,"template":"","format":"standard","meta":{"footnotes":"","_share_on_mastodon":"0"},"categories":[1825],"tags":[1941,1939,296,1937,49930,1743,105880,29,24175,70676,7328,30,1940,1938,78801,3180,14734],"class_list":["post-1117459","post","type-post","status-publish","format-standard","has-post-thumbnail","category-berlin","tag-aktuelle-nachrichten-aus-berlin","tag-aktuelle-news-aus-berlin","tag-berlin","tag-berlin-news","tag-beschwerden","tag-datenschutz","tag-datenschutzbehoerde","tag-deutschland","tag-dienst","tag-eingaben","tag-faelle","tag-germany","tag-nachrichten-aus-berlin","tag-news-aus-berlin","tag-rekordwert","tag-verstoesse","tag-vorfaelle"],"share_on_mastodon":{"url":"https:\/\/pubeurope.com\/@de\/116803382033750992","error":""},"_links":{"self":[{"href":"https:\/\/www.europesays.com\/de\/wp-json\/wp\/v2\/posts\/1117459","targetHints":{"allow":["GET"]}}],"collection":[{"href":"https:\/\/www.europesays.com\/de\/wp-json\/wp\/v2\/posts"}],"about":[{"href":"https:\/\/www.europesays.com\/de\/wp-json\/wp\/v2\/types\/post"}],"author":[{"embeddable":true,"href":"https:\/\/www.europesays.com\/de\/wp-json\/wp\/v2\/users\/2"}],"replies":[{"embeddable":true,"href":"https:\/\/www.europesays.com\/de\/wp-json\/wp\/v2\/comments?post=1117459"}],"version-history":[{"count":0,"href":"https:\/\/www.europesays.com\/de\/wp-json\/wp\/v2\/posts\/1117459\/revisions"}],"wp:featuredmedia":[{"embeddable":true,"href":"https:\/\/www.europesays.com\/de\/wp-json\/wp\/v2\/media\/1117460"}],"wp:attachment":[{"href":"https:\/\/www.europesays.com\/de\/wp-json\/wp\/v2\/media?parent=1117459"}],"wp:term":[{"taxonomy":"category","embeddable":true,"href":"https:\/\/www.europesays.com\/de\/wp-json\/wp\/v2\/categories?post=1117459"},{"taxonomy":"post_tag","embeddable":true,"href":"https:\/\/www.europesays.com\/de\/wp-json\/wp\/v2\/tags?post=1117459"}],"curies":[{"name":"wp","href":"https:\/\/api.w.org\/{rel}","templated":true}]}}