{"id":1117495,"date":"2026-06-24T05:37:22","date_gmt":"2026-06-24T05:37:22","guid":{"rendered":"https:\/\/www.europesays.com\/de\/1117495\/"},"modified":"2026-06-24T05:37:22","modified_gmt":"2026-06-24T05:37:22","slug":"gummersbach-debakel-brachte-alles-ins-rollen-warum-jicha-trotz-vertrags-in-kiel-gehen-musste-sportmix","status":"publish","type":"post","link":"https:\/\/www.europesays.com\/de\/1117495\/","title":{"rendered":"Gummersbach-Debakel brachte alles ins Rollen: Warum Jicha trotz Vertrags in Kiel gehen musste | Sportmix"},"content":{"rendered":"<p><a class=\"skip-content skip-content--link\" href=\"#in-content-skip-link-target-v-0-0\">TTS-Player \u00fcberspringen\u21b5<\/a><a id=\"in-content-skip-link-target-v-0-0\" class=\"skip-content--target-link-hidden skip-content skip-content--target-link\" href=\"#in-content-skip-link-target-v-0-0\">Artikel weiterlesen<\/a><\/p>\n<p><b>Zwei Wochen nach dem Saisonende hat der deutsche Handball-Rekordmeister THW Kiel Konsequenzen gezogen. Trainer Filip Jicha (44) musste gehen \u2013 trotz eines im vergangenen Herbst bis 2028 verl\u00e4ngerten Vertrags. <\/b><a href=\"https:\/\/sportbild.bild.de\/sportmix\/handball\/hbl-trainer-knall-an-der-kueste-der-thw-kiel-feuert-filip-jicha-6a390efcaf14c0b52896292a\" class=\"text-link\" rel=\"nofollow noopener\" target=\"_blank\"><b>Am Montag machte der Verein die Trennung offiziell<\/b><\/a><b>. Trainer-Beben an der K\u00fcste!<\/b><\/p>\n<p><a class=\"article-image__anchor\" href=\"https:\/\/www.dyn.sport\/sport_handball\" target=\"_blank\" rel=\"noopener nofollow\"><img decoding=\"async\" width=\"992\" height=\"92\" alt=\"\" loading=\"lazy\" src=\"https:\/\/www.europesays.com\/de\/wp-content\/uploads\/2026\/06\/dbd0e33974ca5490ab5fd78951c189de,7ff27930.png\"   class=\"dynamic\"\/><\/a><\/p>\n<p>Foto: Dyn<\/p>\n<p>Es ist ein Einschnitt: Erstmals seit \u00fcber 30 Jahren trennte sich Kiel vorzeitig von einem Trainer \u2013 aus sportlichen Gr\u00fcnden. \u00dcberhaupt gab es in den vergangenen 34 Jahren gerade einmal drei Cheftrainer: Noka Serdarusic, Alfred G\u00edslason und eben <a href=\"https:\/\/sportbild.bild.de\/sportmix\/handball\/handball-nach-kiel-aus-emotionale-abschiedsworte-von-filip-jicha-6a3a43b584d1ec4a45f99993\" class=\"text-link\" rel=\"nofollow noopener\" target=\"_blank\">Filip Jicha<\/a>, der in 16 Jahren als Spieler und Trainer 33 Titel gewann. Hei\u00dft: Wer in Kiel Erfolg hat, bekommt Zeit. Doch beim THW z\u00e4hlt die Vergangenheit nur bedingt. Sie bringt Anerkennung \u2013 aber keine Punkte.<\/p>\n<p><img decoding=\"async\" width=\"992\" height=\"661\" alt=\"13.\u00a0April 2025: Filip Jicha (44) reckt in K\u00f6ln den DHB-Pokal in die H\u00f6he. Der letzte seiner insgesamt 33 Titel als Spieler und Trainer f\u00fcr den THW Kiel\" loading=\"lazy\" src=\"https:\/\/www.europesays.com\/de\/wp-content\/uploads\/2026\/06\/495d3f6a40c22a0e20c1fece202f2f50,bbdd8ccd.jpeg\"   class=\"dynamic\"\/><\/p>\n<p class=\"fig__caption__text\">13.\u00a0April 2025: Filip Jicha (44) reckt in K\u00f6ln den DHB-Pokal in die H\u00f6he. Der letzte seiner insgesamt 33 Titel als Spieler und Trainer f\u00fcr den THW Kiel<\/p>\n<p>Foto: Marius Becker\/dpa<\/p>\n<p>Nach SPORT BILD-Informationen gilt der Norweger B\u00f8rge Lund (47) als aussichtsreicher Nachfolgekandidat. Er stand als Spieler f\u00fcr Kiel auf der Platte (2007\u20132010). Aktuell ist er Trainer des norwegischen Erstligisten Elverum.<\/p>\n<p>Warum Jicha trotz Vertrag beim THW Kiel gehen musste!<\/p>\n<p>Keine Frage: Die abgelaufene Saison lag nach zwei vierten Pl\u00e4tzen in den Jahren zuvor erneut deutlich hinter den Erwartungen zur\u00fcck. Platz\u00a06, erstmals seit 33 Jahren ohne Europapokal, zum dritten Mal in Folge keine Champions League und dazu ein siebenstelliger Verlust.<\/p>\n<p><img decoding=\"async\" width=\"992\" height=\"816\" alt=\"Der Norweger B\u00f8rge Lund \u00ad(47) spielte von 2007 bis 2010 in Kiel, trainiert in seiner Heimat \u00adElverum \u00adH\u00e5ndball\" loading=\"lazy\" src=\"https:\/\/www.europesays.com\/de\/wp-content\/uploads\/2026\/06\/e472a7daa9a22fb0c3b8bcd9b45198f8,e15bae9d.jpeg\"   class=\"dynamic\"\/><\/p>\n<p class=\"fig__caption__text\">Der Norweger B\u00f8rge Lund \u00ad(47) spielte von 2007 bis 2010 in Kiel, trainiert in seiner Heimat \u00adElverum \u00adH\u00e5ndball<\/p>\n<p>Foto: picture alliance\/NTB<\/p>\n<p>Zwei Wochen lang wurde intern diskutiert. Aufsichtsrat, Gesch\u00e4ftsf\u00fchrung und die sportliche F\u00fchrung sprachen Tacheles. Gesch\u00e4ftsf\u00fchrer Viktor Szilagyi (47): \u201eMeine Aufgabe ist es, aus Erkenntnissen zu handeln. Ich h\u00e4tte mir gew\u00fcnscht, den Neustart unserer neu\u00adformierten Mannschaft wie geplant gemeinsam mit Filip angehen zu k\u00f6nnen, aber der Ballast der sportlichen Entwicklung in den vergangenen Monaten wiegt daf\u00fcr zu schwer.\u201c<\/p>\n<p>Mehr zum Thema<\/p>\n<p>Gleichzeitig macht der Gesch\u00e4ftsf\u00fchrer klar: \u201eEs ist angesichts der vielen Herausforderungen und Entwicklungen nicht richtig, zu signalisieren, dass Filip f\u00fcr die heutige Gesamtsituation allein verantwortlich ist.\u201c<\/p>\n<p>Knallhart-Analyse besiegelte das Kiel-Aus von Jicha!<\/p>\n<p>Das war ein Ergebnis der schonungslosen Analyse. Der Kader war auf mehreren Schl\u00fcsselpositionen zu schmal, Verletzungen von Leistungstr\u00e4gern (Pekeler, Madsen, P\u00e9rez de Vargas, Ellefsen \u00e1 Skipag\u00f8tu) konnten nicht kompensiert werden. Gleichzeitig entwickelte sich die Konkurrenz aus Berlin und Magdeburg spielerisch weiter, w\u00e4hrend Kiel zu lange am alten Erfolgsmodell festhielt. Auch bedingt durch die vielen Ausf\u00e4lle.<\/p>\n<p><img decoding=\"async\" width=\"992\" height=\"1312\" alt=\"Hat zwei kl\u00e4rende Wochen hinter sich! Kiels Gesch\u00e4ftsf\u00fchrer Viktor Szilagyi (47) musste seinem Freund Filip Jicha (44) die THW-Trennung mitteilen und erkl\u00e4ren\" loading=\"lazy\" src=\"https:\/\/www.europesays.com\/de\/wp-content\/uploads\/2026\/06\/93adefcc2c00b1dfd08b86957f634452,66d09fd3.jpeg\"   class=\"dynamic\"\/><\/p>\n<p class=\"fig__caption__text\">Hat zwei kl\u00e4rende Wochen hinter sich! Kiels Gesch\u00e4ftsf\u00fchrer Viktor Szilagyi (47) musste seinem Freund Filip Jicha (44) die THW-Trennung mitteilen und erkl\u00e4ren<\/p>\n<p>Foto: WITTERS<\/p>\n<p>Vor allem aber fehlte Konstanz: Viele Profis erreichten zu selten ihr Top-Niveau. Und: Auf Siege gegen Topteams wie Magdeburg oder Flensburg folgten \u00fcberraschende Niederlagen gegen Kellerkinder wie Minden und Wetzlar. Diese Widerspr\u00fcche sorgten auch intern f\u00fcr Unruhe. Die Saison kippte zulasten von Jicha im Februar. Der THW verlor zu Hause im Kampf um Europa gegen Gummersbach (26:34) \u2013 nach einem 0:7-Lauf in vier (!) Minuten.<\/p>\n<p> An dieser Stelle findest du Inhalte aus Instagram <\/p>\n<p> Um mit Inhalten aus Instagram und anderen sozialen Netzwerken zu interagieren oder diese darzustellen, brauchen wir deine Zustimmung. <\/p>\n<p> soziale Netzwerke aktivieren  Um eingebettete Inhalte anzuzeigen, ist Ihre jederzeit widerrufliche Einwilligung (\u00fcber den Schalter oder \u00fcber &#8220; <a class=\"embed-placeholder__text-link\" href=\"#\" rel=\"noopener noreferrer\" title=\"Tracking widerrufen\"> Widerruf Tracking und Cookies<\/a> &#8220; am Seitenende) zur Verarbeitung personenbezogener Daten n\u00f6tig.  Dabei k\u00f6nnen Daten in Drittl\u00e4nder wie die USA \u00fcbermittelt werden (Art. 49 Abs. 1 lit. a DSGVO). Mit dem Aktivieren des Inhalts stimmen Sie zu. Weitere Infos finden Sie <a class=\"embed-placeholder__text-link\" href=\"#\" rel=\"noopener noreferrer\" title=\"Zu den Privatsph\u00e4re Einstellungen\"> hier<\/a>. <\/p>\n<p>Szilagyi erkl\u00e4rt: \u201eEnde Februar, in einer Phase, in der wir eigentlich weniger Belastung hatten, sind wir in einen Strudel geraten, aus dem wir nicht mehr herausgekommen sind. Bildlich gesprochen war es das Heimspiel gegen Gummersbach, diese vier Minuten, die uns da in die falsche Richtung gebracht haben.\u201c<\/p>\n<p><img decoding=\"async\" width=\"992\" height=\"558\" alt=\"Kai Kruse (54) ist seit einigen Monaten Aufsichtsratsvorsitzender des THW Kiel\" loading=\"lazy\" src=\"https:\/\/www.europesays.com\/de\/wp-content\/uploads\/2026\/06\/ff647a1aa1cd7ebf6a4420f6cf0b7268,16ae13fd.jpeg\"   class=\"landscape\"\/><\/p>\n<p class=\"fig__caption__text\">Kai Kruse (54) ist seit einigen Monaten Aufsichtsratsvorsitzender des THW Kiel<\/p>\n<p>Foto: THW Kiel<\/p>\n<p><b>Neben der sportlichen Zukunft ging es auch um die wirtschaftliche Basis! Kiel braucht Einnahmen \u2013 und stellt sich deshalb nicht nur sportlich neu auf. Mit Kai Kruse als neuem Aufsichtsratschef (seit Dezember 2025) und Anja Niemann als Gesch\u00e4ftsf\u00fchrerin (seit Mai 2026) soll der Verein organisatorisch und sportlich zukunftsf\u00e4higer werden.<\/b><\/p>\n<p><b>Trotz der sportlichen Krise sendet Kiel jetzt wirtschaftlich ein Signal. Der Verein hat nach SPORT BILD-Informationen eine verh\u00e4ltnism\u00e4\u00dfige Kapitalerh\u00f6hung im zweistelligen Prozentbereich durchgef\u00fchrt und sogar weitere Gesellschafter gewinnen k\u00f6nnen. Der Anspruch: Kiel will zur\u00fcck nach Europa und an die Spitze.<\/b><\/p>\n","protected":false},"excerpt":{"rendered":"TTS-Player \u00fcberspringen\u21b5Artikel weiterlesen Zwei Wochen nach dem Saisonende hat der deutsche Handball-Rekordmeister THW Kiel Konsequenzen gezogen. Trainer Filip&hellip;\n","protected":false},"author":2,"featured_media":1117496,"comment_status":"","ping_status":"","sticky":false,"template":"","format":"standard","meta":{"footnotes":"","_share_on_mastodon":"0"},"categories":[1852],"tags":[1263,101712,3364,29,11662,15310,1932,548,663,3934,30,1391,5009,13,17342,204910,4949,14,15,15312,204909,12,1971,101714,542,4581,17340,7748,27864,15314,15311,17341,101713],"class_list":["post-1117495","post","type-post","status-publish","format-standard","has-post-thumbnail","category-kiel","tag-aufmacher-bereich","tag-dahmke-rune","tag-de","tag-deutschland","tag-dhb","tag-duvnjak-domagoj","tag-dyn-handball","tag-eu","tag-europa","tag-europe","tag-germany","tag-handball","tag-hbl","tag-headlines","tag-jicha-filip","tag-johansson-eric","tag-kiel","tag-nachrichten","tag-news","tag-pekeler-hendrik","tag-perez-de-vargas-gonzalo","tag-schlagzeilen","tag-schleswig-holstein","tag-skipagotu-elias-ellefsen-a","tag-sport-leuchtturm-hamburg","tag-sport-tag-im-ticker","tag-szilagyi-viktor","tag-thw-kiel","tag-vfl-gummersbach","tag-weitzmann-dirk","tag-wiencek-patrick","tag-wolff-andreas","tag-zerbe-lukas"],"share_on_mastodon":{"url":"","error":""},"_links":{"self":[{"href":"https:\/\/www.europesays.com\/de\/wp-json\/wp\/v2\/posts\/1117495","targetHints":{"allow":["GET"]}}],"collection":[{"href":"https:\/\/www.europesays.com\/de\/wp-json\/wp\/v2\/posts"}],"about":[{"href":"https:\/\/www.europesays.com\/de\/wp-json\/wp\/v2\/types\/post"}],"author":[{"embeddable":true,"href":"https:\/\/www.europesays.com\/de\/wp-json\/wp\/v2\/users\/2"}],"replies":[{"embeddable":true,"href":"https:\/\/www.europesays.com\/de\/wp-json\/wp\/v2\/comments?post=1117495"}],"version-history":[{"count":0,"href":"https:\/\/www.europesays.com\/de\/wp-json\/wp\/v2\/posts\/1117495\/revisions"}],"wp:featuredmedia":[{"embeddable":true,"href":"https:\/\/www.europesays.com\/de\/wp-json\/wp\/v2\/media\/1117496"}],"wp:attachment":[{"href":"https:\/\/www.europesays.com\/de\/wp-json\/wp\/v2\/media?parent=1117495"}],"wp:term":[{"taxonomy":"category","embeddable":true,"href":"https:\/\/www.europesays.com\/de\/wp-json\/wp\/v2\/categories?post=1117495"},{"taxonomy":"post_tag","embeddable":true,"href":"https:\/\/www.europesays.com\/de\/wp-json\/wp\/v2\/tags?post=1117495"}],"curies":[{"name":"wp","href":"https:\/\/api.w.org\/{rel}","templated":true}]}}