{"id":1117616,"date":"2026-06-24T06:52:15","date_gmt":"2026-06-24T06:52:15","guid":{"rendered":"https:\/\/www.europesays.com\/de\/1117616\/"},"modified":"2026-06-24T06:52:15","modified_gmt":"2026-06-24T06:52:15","slug":"die-bachelors-2026-im-stream-ausstrahlung-vor-free-tv-wann-laufen-die-folgen-bei-rtl","status":"publish","type":"post","link":"https:\/\/www.europesays.com\/de\/1117616\/","title":{"rendered":"Die Bachelors 2026 im Stream: Ausstrahlung vor Free-TV \u2013 wann laufen die Folgen bei RTL+"},"content":{"rendered":"<p class=\"mb-6 text-xs-varying md:text-m lg:text-l font-serif group-[.font-sans]:font-sans \">\n    Vor der spektakul\u00e4ren Kulisse S\u00fcdafrikas beginnt 2026 erneut die Suche nach echter N\u00e4he und gro\u00dfen Gef\u00fchlen bei \u201eDie Bachelors\u201c. <a href=\"https:\/\/www.augsburger-allgemeine.de\/panorama\/tv\/die-bachelors-2026-im-portraet-sebastian-paul-tim-reitz-18-6-26-113762893\" target=\"_self\" class=\"underline \" rel=\"nofollow noopener\">Zwei M\u00e4nner<\/a> stehen dabei im Mittelpunkt: Sebastian Paul (33), Leistungssportler und Coach aus D\u00fcsseldorf, sowie Tim Reitz (35), Unternehmer aus K\u00f6ln. Unterschiedliche Lebenswege, unterschiedliche Pers\u00f6nlichkeiten \u2013 doch beide eint der Wunsch, sich endlich wieder auf die Liebe einzulassen.\n  <\/p>\n<p class=\"mb-6 text-xs-varying md:text-m lg:text-l font-serif group-[.font-sans]:font-sans \">\n    Sebastian sehnt sich nach einer Beziehung, die nicht von Perfektion, sondern von Vertrauen und echter Verbundenheit getragen wird. Er m\u00f6chte jemanden finden, mit dem sich Zukunft nicht wie ein Konzept, sondern wie ein gemeinsamer Weg anf\u00fchlt. Tim wiederum hat nach Jahren intensiver beruflicher Fokussierung bewusst Platz f\u00fcr Emotionen geschaffen. Er sucht eine Partnerin, die ihn nicht aus Notwendigkeit, sondern aus \u00dcberzeugung an ihrer Seite haben m\u00f6chte.\n  <\/p>\n<p class=\"mb-6 text-xs-varying md:text-m lg:text-l font-serif group-[.font-sans]:font-sans \">\n    Ihnen gegen\u00fcber stehen <a href=\"https:\/\/www.augsburger-allgemeine.de\/panorama\/tv\/die-bachelors-2026-kandidatinnen-in-staffel-16-alle-teilnehmerinnen-vorgestellt-24-6-2026-114016398\" target=\"_self\" class=\"underline \" rel=\"nofollow noopener\">22 Frauen<\/a>, die mit Selbstbewusstsein, Mut und ganz eigenen Geschichten in das Abenteuer \u201eDie Bachelors\u201c starten. Sie reichen von freiheitsliebend bis reflektiert, von humorvoll bis ambitioniert \u2013 und alle sind bereit, sich auf das vielleicht gr\u00f6\u00dfte Kapitel ihres Lebens einzulassen: die Chance auf eine Liebe, die bleibt. Wobei, und hier m\u00fcssen wir bedauerlicherweise etwas Wasser in den Wein gie\u00dfen: Welche Bachelor-Paare der vergangenen Staffeln sind <a href=\"https:\/\/www.augsburger-allgemeine.de\/panorama\/bachelor-paare-wer-ist-noch-zusammen-wer-ist-getrennt-2003-bis-2025-18-6-26-102746879\" target=\"_self\" class=\"underline \" rel=\"nofollow noopener\">eigentlich noch zusammen<\/a>?\n  <\/p>\n<p>            \u201eDie Bachelors\u201c 2026 im Stream: Wann laufen die Folgen vorab bei RTL+, bevor die Rosen im linearen Programm von RTL verteilt werden?<\/p>\n<p class=\"mb-6 text-xs-varying md:text-m lg:text-l font-serif group-[.font-sans]:font-sans \">\n    Bisher unterschl\u00e4gt uns der Sender die Zahl der Folgen \u2013 selbst unsere Kollegen auf der Presseseite von RTL h\u00fcllen sich bisher in Schweigen. Dies sind also die Termine, an denen Sie als Zuschauer vorab in den Stream von \u201eDie Bachelors\u201c 2026 eintauchen k\u00f6nnen, sofern es wie 2025 zehn Ausgaben werden:\n  <\/p>\n<ul rel=\"\" class=\"[&amp;&gt;li]:relative list-none  [&amp;&gt;li]:pl-[1.2em] [&amp;&gt;li]:marker:text-[0] [&amp;&gt;li]:relative [&amp;&gt;li]:before:absolute [&amp;&gt;li]:before:w-3 [&amp;&gt;li]:before:h-3 [&amp;&gt;li]:before:bg-brand [&amp;&gt;li]:before:left-0 [&amp;&gt;li]:before:top-[8px] [&amp;&gt;li]:before:rounded-full  my-5\">\n<li class=\" mb-3 text-xs md:text-m lg:text-l\">Folge 1: Mittwoch, 6. Mai 2026,\u00a0RTL+<\/li>\n<li class=\" mb-3 text-xs md:text-m lg:text-l\">Folge 2: Mittwoch, 13. Mai 2026,\u00a0RTL+<\/li>\n<li class=\" mb-3 text-xs md:text-m lg:text-l\">Folge 3: Mittwoch, 20. Mai 2026,\u00a0RTL+<\/li>\n<li class=\" mb-3 text-xs md:text-m lg:text-l\">Folge 4: Mittwoch, 27. Mai 2026,\u00a0RTL+<\/li>\n<li class=\" mb-3 text-xs md:text-m lg:text-l\">Folge 5: Mittwoch, 3. Juni 2026,\u00a0RTL+<\/li>\n<li class=\" mb-3 text-xs md:text-m lg:text-l\">Folge 6: Mittwoch, 10. Juni 2026,\u00a0RTL+<\/li>\n<li class=\" mb-3 text-xs md:text-m lg:text-l\">Folge 7: Mittwoch, 17. Juni 2026,\u00a0RTL+<\/li>\n<li class=\" mb-3 text-xs md:text-m lg:text-l\">Folge 8: Mittwoch, 24. Juni 2026,\u00a0RTL+<\/li>\n<li class=\" mb-3 text-xs md:text-m lg:text-l\">Folge 9: Mittwoch, 1. Juli 2026,\u00a0RTL+<\/li>\n<li class=\" mb-3 text-xs md:text-m lg:text-l\">Folge 10 (Finale und Wiedersehen): Mittwoch, 8. Juli 2026,\u00a0RTL+<\/li>\n<\/ul>\n<p class=\"mb-6 text-xs-varying md:text-m lg:text-l font-serif group-[.font-sans]:font-sans \">\n    Die <a href=\"https:\/\/www.augsburger-allgemeine.de\/panorama\/tv\/die-bachelors-2026-start-sendetermine-von-staffel-16-24-6-26-113750051\" target=\"_self\" class=\"underline \" rel=\"nofollow noopener\">Sendetermine<\/a> der linear ausgestrahlten Folgen starteten erst am Mittwoch, 10. Juni 2026, jeweils um 20.15 auf RTL. Weiter ging es am Donnerstag, 11. Juni 2026 \u2013 gleiche Zeit, gleicher Sender. Von da an immer mittwochs und donnerstags, bis alle Rosen vergeben sind. Die Sendung im klassischen <a href=\"https:\/\/www.augsburger-allgemeine.de\/panorama\/tv\" target=\"_self\" class=\"underline \" rel=\"nofollow noopener\">TV<\/a> kann man zeitgleich bei RTL+ verfolgen.\n  <\/p>\n<p>            \u201eDie Bachelors\u201c 2026 im Stream: Wie funktioniert RTL+?<\/p>\n<p class=\"mb-6 text-xs-varying md:text-m lg:text-l font-serif group-[.font-sans]:font-sans \">\n    F\u00fcr den Zugang zum Streamingangebot stehen Nutzerinnen und Nutzern drei unterschiedliche Preisstufen zur Auswahl. Das g\u00fcnstigste Modell, \u201eBasic\u201c, liegt bei 5,99 Euro im Monat und richtet sich an alle, die mit regelm\u00e4\u00dfigen Werbeunterbrechungen leben k\u00f6nnen und keine Live\u2011\u00dcbertragungen ben\u00f6tigen.\n  <\/p>\n<p class=\"mb-6 text-xs-varying md:text-m lg:text-l font-serif group-[.font-sans]:font-sans \">\n    Die mittlere Stufe, \u201ePremium\u201c f\u00fcr 9,99 Euro monatlich, erweitert den Leistungsumfang um Live\u2011Inhalte sowie exklusive Vorab\u2011Premieren. Laut Anbieter wird Werbung in diesem Tarif nur noch in begrenztem Umfang ausgespielt.\n  <\/p>\n<p class=\"mb-6 text-xs-varying md:text-m lg:text-l font-serif group-[.font-sans]:font-sans \">\n    An der Spitze des Angebots steht \u201ePremium Werbefrei\u201c f\u00fcr 12,99 Euro pro Monat. Dieses Paket verzichtet vollst\u00e4ndig auf Werbeunterbrechungen und bietet damit das ungest\u00f6rte Nutzungserlebnis (Stand: April 2026).\n  <\/p>\n<p class=\"mb-6 text-xs-varying md:text-m lg:text-l font-serif group-[.font-sans]:font-sans \">\n    Ausf\u00fchrliche Informationen zu Funktionen, Vorteilen und Konditionen der einzelnen Abos stellt der Anbieter auf seiner offiziellen <a href=\"https:\/\/my.plus.rtl.de\/buchen\/initial\" rel=\"nofollow noopener\" target=\"_blank\" class=\"underline \">Website<\/a> bereit.\n  <\/p>\n<p>            Und sonst so? Hier findet man alle Infos rund um \u201eDie Bachelors\u201c 2026<\/p>\n<p class=\"mb-6 text-xs-varying md:text-m lg:text-l font-serif group-[.font-sans]:font-sans \">\n    Wer sich \u00fcber Sebastian, Tim und das aktuelle Geschehen bei \u201eDie Bachelors\u201c informieren m\u00f6chte, findet das gesamte digitale Angebot erneut geb\u00fcndelt auf den <a href=\"https:\/\/www.rtl.de\/sendungen\/der-bachelor\/\" rel=\"nofollow noopener\" target=\"_blank\" class=\"underline \">offiziellen Plattformen von RTL<\/a>.\n  <\/p>\n<p class=\"mb-6 text-xs-varying md:text-m lg:text-l font-serif group-[.font-sans]:font-sans \">\n    Aktuelle Einblicke, kurze Updates und Behind-the-Scenes-Momente liefert der Instagram\u2011Kanal @bachelor.rtl, w\u00e4hrend auf TikTok (@bachelor.rtl) vorwiegend dynamische Kurzvideos und Trends rund um die beiden Bachelors im Mittelpunkt stehen. Erg\u00e4nzend dazu bietet der YouTube\u2011Kanal \u201eDie Bachelors\u201c l\u00e4ngere Videoformate, Specials und Highlight-Zusammenfassungen. Auch auf Facebook bleibt die Show mit einer eigenen RTL\u2011Seite pr\u00e4sent und sorgt dort f\u00fcr Austausch und zus\u00e4tzliche Hintergrundinformationen.\n  <\/p>\n","protected":false},"excerpt":{"rendered":"Vor der spektakul\u00e4ren Kulisse S\u00fcdafrikas beginnt 2026 erneut die Suche nach echter N\u00e4he und gro\u00dfen Gef\u00fchlen bei \u201eDie&hellip;\n","protected":false},"author":2,"featured_media":1117617,"comment_status":"","ping_status":"","sticky":false,"template":"","format":"standard","meta":{"footnotes":"","_share_on_mastodon":"0"},"categories":[1773],"tags":[29,3405,214,30,152,1420,640,193526,471,1780,7116,193527,684,215,16560],"class_list":["post-1117616","post","type-post","status-publish","format-standard","has-post-thumbnail","category-serien","tag-deutschland","tag-duesseldorf","tag-entertainment","tag-germany","tag-instagram","tag-koeln","tag-rtl","tag-sebastian-paul","tag-serien","tag-series","tag-suedafrika","tag-tim-reitz","tag-tv","tag-unterhaltung","tag-wein"],"share_on_mastodon":{"url":"https:\/\/pubeurope.com\/@de\/116803767335975238","error":""},"_links":{"self":[{"href":"https:\/\/www.europesays.com\/de\/wp-json\/wp\/v2\/posts\/1117616","targetHints":{"allow":["GET"]}}],"collection":[{"href":"https:\/\/www.europesays.com\/de\/wp-json\/wp\/v2\/posts"}],"about":[{"href":"https:\/\/www.europesays.com\/de\/wp-json\/wp\/v2\/types\/post"}],"author":[{"embeddable":true,"href":"https:\/\/www.europesays.com\/de\/wp-json\/wp\/v2\/users\/2"}],"replies":[{"embeddable":true,"href":"https:\/\/www.europesays.com\/de\/wp-json\/wp\/v2\/comments?post=1117616"}],"version-history":[{"count":0,"href":"https:\/\/www.europesays.com\/de\/wp-json\/wp\/v2\/posts\/1117616\/revisions"}],"wp:featuredmedia":[{"embeddable":true,"href":"https:\/\/www.europesays.com\/de\/wp-json\/wp\/v2\/media\/1117617"}],"wp:attachment":[{"href":"https:\/\/www.europesays.com\/de\/wp-json\/wp\/v2\/media?parent=1117616"}],"wp:term":[{"taxonomy":"category","embeddable":true,"href":"https:\/\/www.europesays.com\/de\/wp-json\/wp\/v2\/categories?post=1117616"},{"taxonomy":"post_tag","embeddable":true,"href":"https:\/\/www.europesays.com\/de\/wp-json\/wp\/v2\/tags?post=1117616"}],"curies":[{"name":"wp","href":"https:\/\/api.w.org\/{rel}","templated":true}]}}