{"id":111770,"date":"2025-05-15T05:45:11","date_gmt":"2025-05-15T05:45:11","guid":{"rendered":"https:\/\/www.europesays.com\/de\/111770\/"},"modified":"2025-05-15T05:45:11","modified_gmt":"2025-05-15T05:45:11","slug":"hamburg-starker-anstieg-bei-polizeieinsaetzen-in-der-feuerbergstrasse-ndr-de-nachrichten","status":"publish","type":"post","link":"https:\/\/www.europesays.com\/de\/111770\/","title":{"rendered":"Hamburg: Starker Anstieg bei Polizeieins\u00e4tzen in der Feuerbergstra\u00dfe | NDR.de &#8211; Nachrichten"},"content":{"rendered":"<p>\nStand: 15.05.2025 06:26 Uhr\n<\/p>\n<p class=\"preface\">Es ist die zentrale Kriseneinrichtung f\u00fcr schutzbed\u00fcrftige Minderj\u00e4hrige in Hamburg: Der Kinder- und Jugendnotdienst in der Feuerbergstra\u00dfe. Die Lage in der Einrichtung ist offenbar dramatisch. Denn mindestens einmal am Tag ist die Polizei im Durchschnitt dort im Einsatz.<\/p>\n<p>Allein im Januar musste die Polizei laut Senat 80 Mal in die Feuerbergstra\u00dfe kommen. Das geht aus der Antwort des Senats zu einer Anfrage der Linksfraktion hervor. In den ersten vier Monaten dieses Jahres war sie mehr als 150 Mal in der Einrichtung in Alsterdorf  wegen gewaltt\u00e4tiger oder grenz\u00fcberschreitender Vorkommnisse im Einsatz. Das sind zum Beispiel K\u00f6rperverletzungen, Drogenmissbrauch oder Sachbesch\u00e4digungen. Zum Vergleich: Wegen solcher Vorkommnisse gab es im Vorjahr bis Ende Mai 100 Eins\u00e4tze in der Feuerbergstra\u00dfe.<\/p>\n<p>Linke fordert kleinere Einrichtungen<\/p>\n<p>Laut Senat bleiben die Minderj\u00e4hrigen teilweise weit l\u00e4nger als ein Jahr, minderj\u00e4hrige Gefl\u00fcchtete sogar l\u00e4nger als zwei Jahre in der Einrichtung, die eigentlich nur f\u00fcr kurze Aufenthalte gedacht ist. 129 Pl\u00e4tze gibt es in der Feuerbergstra\u00dfe &#8211; die Linksfraktion spricht von einer &#8222;Massen-Einrichtung&#8220;. Sie fordert schon seit l\u00e4ngerem kleinere Einrichtungen f\u00fcr Kinder und Jugendliche, die in Obhut genommen werden m\u00fcssen, weil sie Gewalt erfahren haben, missbraucht oder nicht versorgt wurden.<\/p>\n<p>Rot-Gr\u00fcn plant dezentrale Unterbringung<\/p>\n<p>Offenbar plant das auch Rot-Gr\u00fcn. Laut Koalitionsvertrag sollen Bereiche der Einrichtung dezentralisiert werden. Bereits heute finden 20 Prozent der F\u00e4lle aller Inobhutnahmen dezentral bei freien Tr\u00e4gern statt. Weitere 40 Prozent finden in Einrichtungen des Landesbetrieb Erziehung und Beratung statt, die sich nicht in der Feuerbergstra\u00dfe befinden.<\/p>\n<p>Weitere Informationen<\/p>\n<p><img decoding=\"async\" src=\"https:\/\/www.europesays.com\/de\/wp-content\/uploads\/2025\/05\/handschellen154_v-contentgross.jpg\" alt=\"Ein Polizist h\u00e4lt Handschellen vor einem Einsatzfahrzeug hoch. \u00a9 picture alliance\/dpa Foto: Marcus Brandt\" title=\"Ein Polizist h\u00e4lt Handschellen vor einem Einsatzfahrzeug hoch.\" class=\"responsive\"\/><\/p>\n<p>\nDer Staatsschutz der Hamburger Polizei sch\u00e4tzt aktuell 19 Extremisten in der Hansestadt als sogenannte Gef\u00e4hrder ein.<br \/>\n<a title=\"Zum Artikel: Weniger Gef\u00e4hrder und Intensivt\u00e4ter in Hamburg\" href=\"https:\/\/www.ndr.de\/nachrichten\/hamburg\/Weniger-Gefaehrder-und-Intensivtaeter-in-Hamburg-,intensivtaeter124.html\" class=\"cta \" rel=\"nofollow noopener\" target=\"_blank\">mehr<\/a>\n<\/p>\n<p><img decoding=\"async\" src=\"https:\/\/www.europesays.com\/de\/wp-content\/uploads\/2025\/05\/sendungsbild20878_v-contentgross.jpg\" alt=\"Das Geb\u00e4ude der Kinder- und Jugendnotdienst in Hamburg. \u00a9 NDR \" title=\"Das Geb\u00e4ude der Kinder- und Jugendnotdienst in Hamburg.\" class=\"responsive\"\/><\/p>\n<p>\nIm Fall eines elfj\u00e4hrigen Jungen, der mehr als 70 Straftaten begangen haben soll, gehen die Hamburger Beh\u00f6rden jetzt einen neuen Weg.<br \/>\n<a title=\"Zum Artikel: Elfj\u00e4hriger Serieneinbrecher: Sicherheitsdienst soll aufpassen\" href=\"https:\/\/www.ndr.de\/nachrichten\/hamburg\/Elfjaehriger-Serieneinbrecher-Sicherheitsdienst-soll-aufpassen,intensivtaeter120.html\" class=\"cta \" rel=\"nofollow noopener\" target=\"_blank\">mehr<\/a>\n<\/p>\n<p><img decoding=\"async\" src=\"https:\/\/www.europesays.com\/de\/wp-content\/uploads\/2025\/05\/polizei244_v-contentgross.jpg\" alt=\"Ein Beamter der Polizei Hamburg vor einem Streifenwagen. \u00a9 dpa - Bildfunk Foto: Marcus Brandt\" title=\"Ein Beamter der Polizei Hamburg vor einem Streifenwagen.\" class=\"responsive\"\/><\/p>\n<p>\nDie Mitarbeiter des Kinder- und Jugendnotdienstes in der Feuerbergstra\u00dfe sind h\u00e4ufig \u00fcberlastet. Auch die Zahl der Polizeieins\u00e4tze im Umfeld hat zugenommen.<br \/>\n<a title=\"Zum Artikel: Steigende Einsatzzahlen bei Hamburger Kinder- und Jugendnotdienst\" href=\"https:\/\/www.ndr.de\/nachrichten\/hamburg\/Steigende-Einsatzzahlen-bei-Hamburger-Kinder-und-Jugendnotdienst,kindernotdienst106.html\" class=\"cta \" rel=\"nofollow noopener\" target=\"_blank\">mehr<\/a>\n<\/p>\n<p>Dieses Thema im Programm:<\/p>\n<p>NDR 90,3 |<br \/>\nNDR 90,3 Aktuell |<br \/>\n15.05.2025 | 07:00 Uhr<\/p>\n<p><img decoding=\"async\" src=\"https:\/\/www.europesays.com\/de\/wp-content\/uploads\/2025\/03\/ndr_printlogo.gif\" alt=\"NDR Logo\" title=\"NDR Logo\"\/><\/p>\n","protected":false},"excerpt":{"rendered":"Stand: 15.05.2025 06:26 Uhr Es ist die zentrale Kriseneinrichtung f\u00fcr schutzbed\u00fcrftige Minderj\u00e4hrige in Hamburg: Der Kinder- und Jugendnotdienst&hellip;\n","protected":false},"author":2,"featured_media":111771,"comment_status":"","ping_status":"","sticky":false,"template":"","format":"standard","meta":{"footnotes":""},"categories":[1826],"tags":[29,441,43590,30,692,43589,43588,438,439,440,121,83],"class_list":{"0":"post-111770","1":"post","2":"type-post","3":"status-publish","4":"format-standard","5":"has-post-thumbnail","7":"category-hamburg","8":"tag-deutschland","9":"tag-fernsehen","10":"tag-feuerbergstrasse","11":"tag-germany","12":"tag-hamburg","13":"tag-jugendnotdienst","14":"tag-kindernotdienst","15":"tag-ndr","16":"tag-norddeutscher-rundfunk","17":"tag-norddeutschland","18":"tag-polizei","19":"tag-radio"},"share_on_mastodon":{"url":"https:\/\/pubeurope.com\/@de\/114510268101305839","error":""},"_links":{"self":[{"href":"https:\/\/www.europesays.com\/de\/wp-json\/wp\/v2\/posts\/111770","targetHints":{"allow":["GET"]}}],"collection":[{"href":"https:\/\/www.europesays.com\/de\/wp-json\/wp\/v2\/posts"}],"about":[{"href":"https:\/\/www.europesays.com\/de\/wp-json\/wp\/v2\/types\/post"}],"author":[{"embeddable":true,"href":"https:\/\/www.europesays.com\/de\/wp-json\/wp\/v2\/users\/2"}],"replies":[{"embeddable":true,"href":"https:\/\/www.europesays.com\/de\/wp-json\/wp\/v2\/comments?post=111770"}],"version-history":[{"count":0,"href":"https:\/\/www.europesays.com\/de\/wp-json\/wp\/v2\/posts\/111770\/revisions"}],"wp:featuredmedia":[{"embeddable":true,"href":"https:\/\/www.europesays.com\/de\/wp-json\/wp\/v2\/media\/111771"}],"wp:attachment":[{"href":"https:\/\/www.europesays.com\/de\/wp-json\/wp\/v2\/media?parent=111770"}],"wp:term":[{"taxonomy":"category","embeddable":true,"href":"https:\/\/www.europesays.com\/de\/wp-json\/wp\/v2\/categories?post=111770"},{"taxonomy":"post_tag","embeddable":true,"href":"https:\/\/www.europesays.com\/de\/wp-json\/wp\/v2\/tags?post=111770"}],"curies":[{"name":"wp","href":"https:\/\/api.w.org\/{rel}","templated":true}]}}