{"id":1117741,"date":"2026-06-24T07:59:17","date_gmt":"2026-06-24T07:59:17","guid":{"rendered":"https:\/\/www.europesays.com\/de\/1117741\/"},"modified":"2026-06-24T07:59:17","modified_gmt":"2026-06-24T07:59:17","slug":"grossstoerung-bei-der-db-muenchner-s-bahnen-betroffen-was-pendler-und-reisende-jetzt-wissen-muessen","status":"publish","type":"post","link":"https:\/\/www.europesays.com\/de\/1117741\/","title":{"rendered":"Gro\u00dfst\u00f6rung bei der DB: M\u00fcnchner S-Bahnen betroffen \u2013 Was Pendler und Reisende jetzt wissen m\u00fcssen"},"content":{"rendered":"<p>Gestrandete Reisende und sehr lange Warteschlangen an den Bahnhofsinformationen: Eine deutschlandweite St\u00f6rung hat bei der Deutschen Bahn (DB) am sp\u00e4ten Dienstagabend f\u00fcr rund zwei Stunden Komplett-Stillstand gesorgt. Es waren etliche Reisende betroffen. Auch der S-Bahn-Verkehr in M\u00fcnchen war lahmgelegt. Erste Kritik an der DB-Technik wird laut.<\/p>\n<p>Nichts ging mehr bei der Deutschen Bahn: &#8222;Die Ursachenforschung l\u00e4uft bereits&#8220;<\/p>\n<p>Nach einer St\u00f6rung des digitalen Zugfunks GSM-R lief der Zugverkehr am Morgen auch in Bayern wieder an. Die Deutsche Bahn und andere Anbieter gingen f\u00fcr die Morgenstunden noch von Folgebeeintr\u00e4chtigungen aus, listeten aber auch viele Z\u00fcge als p\u00fcnktlich. \u00a0<\/p>\n<p>Am M\u00fcnchner Hauptbahnhof war die Situation am fr\u00fcheren Vormittag verh\u00e4ltnism\u00e4\u00dfig entspannt, wie ein dpa-Reporter vor Ort berichtete. Viele Z\u00fcge fuhren den Anzeigetafeln zufolge mit geringeren Versp\u00e4tungen ein. Einzelne Verbindungen waren ausgefallen oder die Z\u00fcge wendeten fr\u00fcher.<\/p>\n<p>&#8222;Gegen 0.30 Uhr fuhren die ersten Z\u00fcge wieder&#8220;, best\u00e4tigte ein Bahnsprecher der AZ am Mittwochmorgen. Der Verkehr sei Schritt f\u00fcr Schritt weiter angelaufen. Der Grund f\u00fcr den Stopp des Zugverkehrs war demnach eine St\u00f6rung des digitalen Bahnfunksystems GSM-R.\u00a0<\/p>\n<p>&#8222;Bis sich der Bahnverkehr wieder normalisiert hat, wird es noch einige Zeit dauern&#8220;<\/p>\n<p>&#8222;Die Ursachenforschung l\u00e4uft da bereits&#8220;, so der DB-Sprecher: &#8222;Es kommt heute auch in M\u00fcnchen und Bayern noch zu Folgeversp\u00e4tungen. Wie lange noch, ist nicht genau abzusehen. Wir empfehlen Reisenden, Ihre jeweilige Verbindung im Blick zu behalten, online und auf der App DB Navigator finden sich stets die aktuellen Informationen.&#8220;<\/p>\n<p>  <img decoding=\"async\" loading=\"lazy\" src=\"https:\/\/www.europesays.com\/de\/wp-content\/uploads\/2026\/06\/1705336_nach-dem-bundesweiten-ausfall-bei-der-deutschen-bahn_artikelbild_1GeU4b_7kOWh7.jpg\" alt=\"In M\u00fcnchen rollen die Z\u00fcge wieder.\" title=\"In M\u00fcnchen rollen die Z\u00fcge wieder.\" width=\"812\" height=\"459\"\/><\/p>\n<p>      In M\u00fcnchen rollen die Z\u00fcge wieder.<br \/>\n      \u00a9 Peter Kneffel\/dpa<\/p>\n<p>    In M\u00fcnchen rollen die Z\u00fcge wieder.<\/p>\n<p>von Peter Kneffel\/dpa <\/p>\n<p>&#8222;}&#8220;&gt; <\/p>\n<p>Wegen der Bauarbeiten an der Zweiten Stammstrecke kommt es aber zwischen dem 23. und 26. Juni zeitweilig ohnehin zu Einschr\u00e4nkungen im S-Bahn-Verkehr in der Landeshauptstadt. Laut der St\u00f6rungskarte der Deutschen Bahn waren auch Regionalz\u00fcge in Bayern betroffen.<\/p>\n<p>W\u00e4hrend der St\u00f6rung kaum Ausk\u00fcnfte f\u00fcr Reisende<\/p>\n<p>Die DB Regio Mitte teilte auf der Plattform X mit, bis sich der Bahnverkehr wieder normalisiert habe, m\u00fcsse heute mindestens bis 6 Uhr mit hohen Folgeversp\u00e4tungen und kurzfristigen Fahrtausf\u00e4llen gerechnet werden. Auf der Regionalseite der DB f\u00fcr Nordrhein-Westfalen hie\u00df es nach dem Ende der St\u00f6rung: &#8222;Bis sich der Bahnverkehr wieder normalisiert hat, wird es jedoch noch einige Zeit dauern.&#8220; Man solle mit hohen Versp\u00e4tungen und Ausf\u00e4llen rechnen.<\/p>\n<p>Viele Reisende sa\u00dfen durch den Ausfall fest. Zwar wurden laut einem Bahnsprecher Taxi- und Hotelgutscheine ausgegeben \u2013 in Frankfurt am Main berichteten Menschen aber zum Beispiel, es gebe in der ganzen Stadt gar kein Hotelzimmer mehr. Und: Ein <a href=\"https:\/\/www.abendzeitung-muenchen.de\/thema\/ice\/\" rel=\"nofollow noopener\" target=\"_blank\">ICE<\/a> nach Mannheim und Stuttgart fuhr dort nahezu ohne Passagiere los. Niemand hatte den vielen Wartenden vor der Abfahrt Bescheid gegeben. Unter anderem am Berliner Hauptbahnhof beklagten Fahrg\u00e4ste, dass es keine Ausk\u00fcnfte gab. Aber die Bahn-Mitarbeiter seien freundlich und ansprechbar gewesen, hie\u00df es.<\/p>\n<p>GSM-R steht f\u00fcr &#8222;Global System for Mobile Communications \u2013 Railway&#8220;<\/p>\n<p>Die Ursache der St\u00f6rung des Bahnfunks GSM-R hatte die DB noch in der Nacht identifiziert \u2013 ohne allerdings zu erkl\u00e4ren, worin sie bestand. IT-Experten der DB h\u00e4tten pausenlos an der Entst\u00f6rung gearbeitet, mit Erfolg. &#8222;Die St\u00f6rung konnte so innerhalb kurzer Zeit behoben werden&#8220;, hie\u00df es weiter. Man danke allen Fahrg\u00e4sten f\u00fcr die Geduld. Bahn-Chefin Evelyn Palla sagte der &#8222;Bild&#8220;-Zeitung, die Lage sei mit einem Notfallsystem stabilisiert worden.\u00a0<\/p>\n<p>Bahnfunksystem GSM-R stammt aus den 1990er Jahren\u00a0<\/p>\n<p>GSM-R steht f\u00fcr &#8222;Global System for Mobile Communications \u2013 Railway&#8220;. &#8222;Das GSM-R Mobilfunknetz ersetzt nahezu alle analogen Funksysteme der Deutschen Bahn AG&#8220;, hei\u00dft es auf der Webseite der DB InfraGo, der Betreiberin der Infrastruktur der Deutschen Bahn.\u00a0<\/p>\n<p>\u00dcber das Bahnfunksystem GSM-R kommunizieren Lokf\u00fchrer, Leitstellen und Streckenpersonal miteinander. Das System stammt aus den 1990er Jahren und basiert auf dem Mobilfunkstandard der zweiten Generation (2G). Es soll in den kommenden Jahren durch das System FRMCS ersetzt werden, dieses basiert auf dem Mobilfunkstandard der f\u00fcnften Generation (5G).<\/p>\n<p>Al-Wazir: Bahn-St\u00f6rung zeigt, dass die Systeme veraltet sind<\/p>\n<p>Von der St\u00f6rung betroffen waren nicht nur Fern- und Regionalverkehrsz\u00fcge, sondern auch <a href=\"https:\/\/www.abendzeitung-muenchen.de\/thema\/s-bahn\/\" rel=\"nofollow noopener\" target=\"_blank\">S-Bahnen<\/a>, die von der DB betrieben werden sowie Privatbahnen. In Berlin etwa war der Verkehr im gesamten S-Bahn-Netz eingestellt, ebenso in Stuttgart.<\/p>\n<p>  <img decoding=\"async\" loading=\"lazy\" src=\"https:\/\/www.europesays.com\/de\/wp-content\/uploads\/2026\/06\/1705364_bundestag_artikelbild_1GeUzk_3sJq5I.jpg\" alt=\"Tarek Al-Wazir (B\u00fcndnis90\/Die Gr\u00fcnen).\" title=\"Tarek Al-Wazir (B\u00fcndnis90\/Die Gr\u00fcnen).\" width=\"812\" height=\"459\"\/><\/p>\n<p>      Tarek Al-Wazir (B\u00fcndnis90\/Die Gr\u00fcnen).<br \/>\n      \u00a9 Michael Kappeler\/dpa<\/p>\n<p>    Tarek Al-Wazir (B\u00fcndnis90\/Die Gr\u00fcnen).<\/p>\n<p>von Michael Kappeler\/dpa <\/p>\n<p>&#8222;}&#8220;&gt; <\/p>\n<p>Der Vorsitzende des Verkehrsausschusses im Bundestag, Tarek Al-Wazir (Gr\u00fcne), fordert von der Deutschen Bahn nach den Ausf\u00e4llen in der Nacht einen Zeitplan zur Modernisierung veralteter Systeme.<\/p>\n<p>&#8222;Die St\u00f6rung von gestern Nacht zeigt, dass die Bahnsysteme durchaus veraltet sind und st\u00f6rungsanf\u00e4llig&#8220;, sagte er vor einer Sitzung des Ausschusses, bei der auch Bahnchefin Evelyn Palla erscheint.<\/p>\n<p>&#8222;Nat\u00fcrlich ist f\u00fcr uns die spannende Frage eher langfristig: Wie sorgen wir daf\u00fcr, dass unsere Systeme widerstandsf\u00e4higer werden&#8220;, betonte Al-Wazir. Von Bahnchefin Palla wolle er wissen, wann die Systeme modernisiert werden sollen. &#8222;GSM ist das, was man heute 2G nennen w\u00fcrde und wir sind ja gerade beim \u00dcbergang von 5G auf 6G&#8220;, sagte er mit Blick auf das betroffene Bahn-Funksystem GSM-R.\u00a0<\/p>\n<p>Bessere \u00dcberwachung des Schieneninfrastrukturbetriebs gefordert<\/p>\n<p>Auch der\u00a0G\u00fcterverkehr stand still \u2013 er ist vor allem abends und nachts unterwegs. Der Verband der privaten G\u00fcterbahnen forderte deshalb eine genaue Aufarbeitung des zweist\u00fcndigen Ausfalls. Die Ursache f\u00fcr den Ausfall am sp\u00e4ten Dienstagabend d\u00fcrfe &#8222;nicht allein durch eine &#8218;Selbstauskunft&#8216; der DB InfraGo als Betreiberin beantwortet werden&#8220;, sagte Peter Westenberger, Gesch\u00e4ftsf\u00fchrer des Vereins, der dpa. Es brauche eine bessere \u00dcberwachung und Steuerung des Schieneninfrastrukturbetriebs.<\/p>\n","protected":false},"excerpt":{"rendered":"Gestrandete Reisende und sehr lange Warteschlangen an den Bahnhofsinformationen: Eine deutschlandweite St\u00f6rung hat bei der Deutschen Bahn (DB)&hellip;\n","protected":false},"author":2,"featured_media":1117742,"comment_status":"","ping_status":"","sticky":false,"template":"","format":"standard","meta":{"footnotes":"","_share_on_mastodon":"0"},"categories":[1827],"tags":[2899,772,296,19489,5219,2030,29,79245,30,3601,1268,56061,1949,3809,5720],"class_list":["post-1117741","post","type-post","status-publish","format-standard","has-post-thumbnail","category-muenchen","tag-ausfaelle","tag-bayern","tag-berlin","tag-bundesweit","tag-db","tag-deutsche-bahn","tag-deutschland","tag-funk","tag-germany","tag-hauptbahnhof","tag-muenchen","tag-reisende","tag-s-bahn","tag-stoerung","tag-verspaetungen"],"share_on_mastodon":{"url":"https:\/\/pubeurope.com\/@de\/116804030972456318","error":""},"_links":{"self":[{"href":"https:\/\/www.europesays.com\/de\/wp-json\/wp\/v2\/posts\/1117741","targetHints":{"allow":["GET"]}}],"collection":[{"href":"https:\/\/www.europesays.com\/de\/wp-json\/wp\/v2\/posts"}],"about":[{"href":"https:\/\/www.europesays.com\/de\/wp-json\/wp\/v2\/types\/post"}],"author":[{"embeddable":true,"href":"https:\/\/www.europesays.com\/de\/wp-json\/wp\/v2\/users\/2"}],"replies":[{"embeddable":true,"href":"https:\/\/www.europesays.com\/de\/wp-json\/wp\/v2\/comments?post=1117741"}],"version-history":[{"count":0,"href":"https:\/\/www.europesays.com\/de\/wp-json\/wp\/v2\/posts\/1117741\/revisions"}],"wp:featuredmedia":[{"embeddable":true,"href":"https:\/\/www.europesays.com\/de\/wp-json\/wp\/v2\/media\/1117742"}],"wp:attachment":[{"href":"https:\/\/www.europesays.com\/de\/wp-json\/wp\/v2\/media?parent=1117741"}],"wp:term":[{"taxonomy":"category","embeddable":true,"href":"https:\/\/www.europesays.com\/de\/wp-json\/wp\/v2\/categories?post=1117741"},{"taxonomy":"post_tag","embeddable":true,"href":"https:\/\/www.europesays.com\/de\/wp-json\/wp\/v2\/tags?post=1117741"}],"curies":[{"name":"wp","href":"https:\/\/api.w.org\/{rel}","templated":true}]}}