{"id":1117782,"date":"2026-06-24T08:24:41","date_gmt":"2026-06-24T08:24:41","guid":{"rendered":"https:\/\/www.europesays.com\/de\/1117782\/"},"modified":"2026-06-24T08:24:41","modified_gmt":"2026-06-24T08:24:41","slug":"aachen-bauarbeiten-auf-eupener-strasse-starten-am-29-juni-sperrungen","status":"publish","type":"post","link":"https:\/\/www.europesays.com\/de\/1117782\/","title":{"rendered":"Aachen: Bauarbeiten auf Eupener Stra\u00dfe starten am 29. Juni \u2013 Sperrungen"},"content":{"rendered":"<p>Bauarbeiten angek\u00fcndigt <\/p>\n<p>Teil der Eupener Stra\u00dfe in Aachen ab Montag komplett gesperrt<\/p>\n<p>24.06.2026 &#8211; 09:01 UhrLesedauer: 2 Min.<\/p>\n<p><a href=\"#focus-0\" class=\"transition-colors block text-current relative\" data-sctrack=\"FocusGalleryImage.Reference\"><img fetchpriority=\"high\" data-testid=\"Opener.Image\"   loading=\"eager\" src=\"https:\/\/www.europesays.com\/de\/wp-content\/uploads\/2026\/06\/bauarbeiten-schild-symbolbild-auf-der-b56-kommt-es-zu-einschraenkungen.jpg\" alt=\"urn:newsml:dpa.com:20090101:241001-935-273942\" title=\"urn:newsml:dpa.com:20090101:241001-935-273942\" width=\"2048\" height=\"1152\" class=\"bg-[url:var(--lqipURL)] bg-cover bg-center flex h-full w-full max-w-full\" style=\"--lqipURL:url('https:\/\/images.t-online.de\/2026\/06\/HaUvOjCwIhww\/0x107:2048x1152\/fit-in\/150x0\/filters:blur(25)\/bauarbeiten-schild-symbolbild-auf-der-b56-kommt-es-zu-einschraenkungen.jpg')\" decoding=\"async\"\/><img loading=\"lazy\" src=\"https:\/\/aachen.t-online.de\/s\/paper\/_next\/static\/media\/zoom-in.f7dae02f.svg\" alt=\"Vergr\u00f6\u00dfern des Bildes\" title=\"Vergr\u00f6\u00dfern des Bildes\" class=\"block h-[calc(var(--height)_\/_16_*_1rem)] w-[calc(var(--width)_\/_16_*_1rem)] max-w-none absolute right-8 bottom-8 rounded-4 bg-snow p-8\" style=\"--width:32;--height:32\" decoding=\"async\"\/><\/a><\/p>\n<p>Bauarbeiten-Schild (Symbolbild): Auf der B56 kommt es zu Einschr\u00e4nkungen. (Quelle: Stefan Sauer)<\/p>\n<p><img loading=\"lazy\" src=\"https:\/\/aachen.t-online.de\/s\/paper\/_next\/static\/media\/audio-volume.6689034c.svg\" alt=\"\" title=\"\" class=\"block h-[calc(var(--height)_\/_16_*_1rem)] w-[calc(var(--width)_\/_16_*_1rem)] max-w-none group-hover:brightness-0 group-hover:invert\" style=\"--width:16;--height:16\" decoding=\"async\"\/>Vorlesen<\/p>\n<p>Aktuelle Zeit:0:00Gesamtdauer:0:00<\/p>\n<p>1x<\/p>\n<p class=\"text-center\">Jetzt neu bei t-online:<\/p>\n<p class=\"text-center\">Schriftgr\u00f6\u00dfe anpassen!<\/p>\n<p><img loading=\"lazy\" src=\"https:\/\/aachen.t-online.de\/s\/paper\/_next\/static\/media\/font-sizes.32942e33.svg\" alt=\"\" title=\"\" class=\"block h-[calc(var(--height)_\/_16_*_1rem)] w-[calc(var(--width)_\/_16_*_1rem)] max-w-none group-hover:hidden group-aria-expanded:hidden\" style=\"--width:16;--height:16\" decoding=\"async\"\/><img loading=\"lazy\" src=\"https:\/\/aachen.t-online.de\/s\/paper\/_next\/static\/media\/font-sizes-dark-mode.e382645c.svg\" alt=\"\" title=\"\" class=\"block h-[calc(var(--height)_\/_16_*_1rem)] w-[calc(var(--width)_\/_16_*_1rem)] max-w-none hidden group-hover:block group-aria-expanded:block\" style=\"--width:16;--height:16\" decoding=\"async\"\/><img loading=\"lazy\" src=\"https:\/\/aachen.t-online.de\/s\/paper\/_next\/static\/media\/sharing-menu-icon.1eb71368.svg\" alt=\"\" title=\"\" class=\"block h-[calc(var(--height)_\/_16_*_1rem)] w-[calc(var(--width)_\/_16_*_1rem)] max-w-none group-hover:brightness-0 group-hover:invert\" style=\"--width:16;--height:16\" decoding=\"async\"\/>Artikel teilen<\/p>\n<p class=\"font-bold text-18 leading-17 user-text-lg:text-22 user-text-xl:text-24\">Auf der Eupener Stra\u00dfe starten am Montag neue Bauarbeiten. Zwischen der belgischen Grenze und dem Aachener Ortseingang bleibt die B57 bis Mitte Juli gesperrt.<\/p>\n<p class=\"text-18 leading-17 user-text-lg:text-22 user-text-xl:text-24\">Die Sanierung der Fahrbahn auf der B57 (Eupener Stra\u00dfe) zwischen der deutsch-belgischen Staatsgrenze und dem Ortseingang von Aachen beginnt am Montag, 29. Juni. Wie der Landesbetrieb Stra\u00dfenbau Nordrhein-Westfalen mitteilte, wird f\u00fcr die Arbeiten der betroffene Abschnitt der Bundesstra\u00dfe bis voraussichtlich 15. Juli vollst\u00e4ndig gesperrt.<\/p>\n<p class=\"text-18 leading-17 user-text-lg:text-22 user-text-xl:text-24\">Zuvor schlie\u00dft der Landesbetrieb im Laufe dieser Woche die Sanierung des begleitenden Geh- und Radwegs weitgehend ab. Der Weg wurde zwischen der Grenze zu Belgien und dem Aachener Ortseingang auf rund zwei Kilometern L\u00e4nge in mehreren Bauabschnitten erneuert. Au\u00dferdem verlegten die Arbeiten neue Versorgungsleitungen unter dem Geh- und Radweg.<\/p>\n<p class=\"text-18 leading-17 user-text-lg:text-22 user-text-xl:text-24\">Mit dem Start der n\u00e4chsten Bauphase r\u00fcckt nun die Fahrbahn der B57 in den Fokus. W\u00e4hrend der Arbeiten k\u00f6nnen Fahrzeuge den Abschnitt zwischen Aachen und Belgien nicht passieren. Der Geh- und Radweg bleibt dagegen f\u00fcr Fu\u00dfg\u00e4nger und Radfahrer durchgehend nutzbar.<\/p>\n<p>Bauarbeiten in Aachen: Umleitungen ausgeschildert<\/p>\n<p class=\"text-18 leading-17 user-text-lg:text-22 user-text-xl:text-24\">F\u00fcr Anwohner innerhalb des Baufeldes kann es w\u00e4hrend der Asphaltarbeiten zu Einschr\u00e4nkungen bei der Erreichbarkeit ihrer Grundst\u00fccke kommen. Das ausf\u00fchrende Bauunternehmen informiert die betroffenen Anlieger laut Stra\u00dfen.NRW per Einwurfschreiben \u00fcber die jeweiligen Regelungen.<\/p>\n<p class=\"text-18 leading-17 user-text-lg:text-22 user-text-xl:text-24\">Der Verkehr zwischen Aachen und Belgien wird w\u00e4hrend der Sperrung gro\u00dfr\u00e4umig umgeleitet. Die ausgeschilderte Strecke f\u00fchrt von Aachen \u00fcber die Siegelallee (L260), die Monschauer Stra\u00dfe (L233\/B258) sowie die Raafstra\u00dfe und Lichtenbuscher Stra\u00dfe. Von dort verl\u00e4uft die Umleitung weiter \u00fcber das belgische Stra\u00dfennetz.<\/p>\n<p class=\"text-18 leading-17 user-text-lg:text-22 user-text-xl:text-24\">Mit Abschluss der Arbeiten soll die wichtige Verbindungsstra\u00dfe zwischen Aachen und Belgien wieder ohne Einschr\u00e4nkungen befahrbar sein. Bis dahin m\u00fcssen Autofahrer auf dem Grenzabschnitt mit l\u00e4ngeren Fahrzeiten und Umwegen rechnen.<\/p>\n","protected":false},"excerpt":{"rendered":"Bauarbeiten angek\u00fcndigt Teil der Eupener Stra\u00dfe in Aachen ab Montag komplett gesperrt 24.06.2026 &#8211; 09:01 UhrLesedauer: 2 Min.&hellip;\n","protected":false},"author":2,"featured_media":1117783,"comment_status":"","ping_status":"","sticky":false,"template":"","format":"standard","meta":{"footnotes":"","_share_on_mastodon":"0"},"categories":[1853],"tags":[722,1424,129222,1423,3364,29,548,34571,663,3934,30,13,14,15,1209,218331,12,2224,4085],"class_list":["post-1117782","post","type-post","status-publish","format-standard","has-post-thumbnail","category-aachen","tag-722","tag-aachen","tag-bauarbeitenschild","tag-belgien","tag-de","tag-deutschland","tag-eu","tag-eupener-strasse","tag-europa","tag-europe","tag-germany","tag-headlines","tag-nachrichten","tag-news","tag-nordrhein-westfalen","tag-ortseingang","tag-schlagzeilen","tag-sperrung","tag-strassensperrung"],"share_on_mastodon":{"url":"https:\/\/pubeurope.com\/@de\/116804129859767688","error":""},"_links":{"self":[{"href":"https:\/\/www.europesays.com\/de\/wp-json\/wp\/v2\/posts\/1117782","targetHints":{"allow":["GET"]}}],"collection":[{"href":"https:\/\/www.europesays.com\/de\/wp-json\/wp\/v2\/posts"}],"about":[{"href":"https:\/\/www.europesays.com\/de\/wp-json\/wp\/v2\/types\/post"}],"author":[{"embeddable":true,"href":"https:\/\/www.europesays.com\/de\/wp-json\/wp\/v2\/users\/2"}],"replies":[{"embeddable":true,"href":"https:\/\/www.europesays.com\/de\/wp-json\/wp\/v2\/comments?post=1117782"}],"version-history":[{"count":0,"href":"https:\/\/www.europesays.com\/de\/wp-json\/wp\/v2\/posts\/1117782\/revisions"}],"wp:featuredmedia":[{"embeddable":true,"href":"https:\/\/www.europesays.com\/de\/wp-json\/wp\/v2\/media\/1117783"}],"wp:attachment":[{"href":"https:\/\/www.europesays.com\/de\/wp-json\/wp\/v2\/media?parent=1117782"}],"wp:term":[{"taxonomy":"category","embeddable":true,"href":"https:\/\/www.europesays.com\/de\/wp-json\/wp\/v2\/categories?post=1117782"},{"taxonomy":"post_tag","embeddable":true,"href":"https:\/\/www.europesays.com\/de\/wp-json\/wp\/v2\/tags?post=1117782"}],"curies":[{"name":"wp","href":"https:\/\/api.w.org\/{rel}","templated":true}]}}