{"id":1117869,"date":"2026-06-24T09:13:15","date_gmt":"2026-06-24T09:13:15","guid":{"rendered":"https:\/\/www.europesays.com\/de\/1117869\/"},"modified":"2026-06-24T09:13:15","modified_gmt":"2026-06-24T09:13:15","slug":"hitzewelle-in-duesseldorf-stadt-verbietet-das-grillen-in-gruenanlagen","status":"publish","type":"post","link":"https:\/\/www.europesays.com\/de\/1117869\/","title":{"rendered":"Hitzewelle in D\u00fcsseldorf: Stadt verbietet das Grillen in Gr\u00fcnanlagen"},"content":{"rendered":"<p class=\"text_ohne_einzug richtext text-em-55 !leading-serif mx-6 desktop:mx-0\"> Die Temperaturen klettern immer weiter nach oben, der Boden wird immer trockener. Damit steigt die Brandgefahr. Deswegen verbietet die Stadt D\u00fcsseldorf ab sofort das Grillen in \u00f6ffentlichen Gr\u00fcnanlagen. Der Ordnungs- und Servicedienst (OSD) wird die Einhaltung des Verbots kontrollieren. Verst\u00f6\u00dfe k\u00f6nnen teuer werden: Die m\u00f6glichen Bu\u00dfgelder betragen bis zu 1000\u2005Euro.<\/p>\n<p class=\"richtext text-em-55 !leading-serif mx-6 desktop:mx-0\">In Wald- und Forstbereichen ist das Grillen grunds\u00e4tzlich verboten. In den st\u00e4dtischen Parks ist es erlaubt. Dabei ist aber generell besondere Vorsicht geboten, hei\u00dft es in einer Mitteilung. \u201eGerade in hei\u00dfen und trockenen Phasen ist ein verantwortungsvoller Umgang mit offenem Feuer unerl\u00e4sslich. Unsere Gr\u00fcnanlagen sind wichtige Erholungsorte f\u00fcr alle Menschen in D\u00fcsseldorf und zugleich sensible Naturfl\u00e4chen, die wir gemeinsam sch\u00fctzen m\u00fcssen\u201c, erkl\u00e4rt Umweltdezernent Jochen Kral.<\/p>\n<p class=\"richtext text-em-55 !leading-serif mx-6 desktop:mx-0\">Dass die Stadt jetzt das Grillverbot in Gr\u00fcnanlagen ausspricht, hat mit dem weiteren Anstieg der Temperaturen zu tun. Schon jetzt sei abzusehen, dass ab diesem Donnerstag der Grasland-Feuerindex die Stufe vier erreiche, hei\u00dft es in der Mitteilung. Auf der Internetseite des Deutschen Wetterdienstes ist diese Einstufung bereits vorgenommen worden. Sie gilt vorerst bis Sonntag, weitere Tage sind vom Wetterdienst noch nicht klassifiziert. Die Stadt k\u00fcndigt eine Aufhebung des Grillverbots an, sobald der Index wieder auf Stufe drei oder niedriger sinkt.<\/p>\n<p class=\"richtext text-em-55 !leading-serif mx-6 desktop:mx-0\">F\u00fcr das Wochenende sind auch Hitzegewitter angek\u00fcndigt. Sollte das Grillen wieder erlaubt werden, sind bestimmte Regeln einzuhalten: Einweggrills sind verboten, ebenso das Grillen direkt auf der Grasnarbe.<\/p>\n<p class=\"richtext text-em-55 !leading-serif mx-6 desktop:mx-0\">Wegen m\u00f6glichen Funkenflugs soll immer ausreichend Abstand zu B\u00e4umen und Str\u00e4uchern gehalten werden. Kohle und Feuerreste m\u00fcssen nach dem Grillen vollst\u00e4ndig gel\u00f6scht werden. Abf\u00e4lle sollten in geeigneten Beh\u00e4ltern entsorgt und wieder mitgenommen werden. <\/p>\n<p class=\"richtext text-em-55 !leading-serif mx-6 desktop:mx-0\">Bei l\u00e4ngeren Hitzeperioden \u2013 wie derzeit der Fall \u2013 kann zudem unabh\u00e4ngig vom Graslandfeuerindex auch ein stadtweites Grillverbot verh\u00e4ngt werden.<\/p>\n","protected":false},"excerpt":{"rendered":"Die Temperaturen klettern immer weiter nach oben, der Boden wird immer trockener. Damit steigt die Brandgefahr. Deswegen verbietet&hellip;\n","protected":false},"author":2,"featured_media":1117870,"comment_status":"","ping_status":"","sticky":false,"template":"","format":"standard","meta":{"footnotes":"","_share_on_mastodon":"0"},"categories":[1831],"tags":[8017,33383,3364,29,3405,2464,30,31569,2168,63621,1209,38722,4748,236187,17756],"class_list":["post-1117869","post","type-post","status-publish","format-standard","has-post-thumbnail","category-duesseldorf","tag-grillen","tag-brandgefahr","tag-de","tag-deutschland","tag-duesseldorf","tag-gefahr","tag-germany","tag-grillverbot","tag-gruenanlagen","tag-heissen","tag-nordrhein-westfalen","tag-oeffentlichen","tag-temperaturen","tag-verbietet","tag-verboten"],"share_on_mastodon":{"url":"https:\/\/pubeurope.com\/@de\/116804321767748698","error":""},"_links":{"self":[{"href":"https:\/\/www.europesays.com\/de\/wp-json\/wp\/v2\/posts\/1117869","targetHints":{"allow":["GET"]}}],"collection":[{"href":"https:\/\/www.europesays.com\/de\/wp-json\/wp\/v2\/posts"}],"about":[{"href":"https:\/\/www.europesays.com\/de\/wp-json\/wp\/v2\/types\/post"}],"author":[{"embeddable":true,"href":"https:\/\/www.europesays.com\/de\/wp-json\/wp\/v2\/users\/2"}],"replies":[{"embeddable":true,"href":"https:\/\/www.europesays.com\/de\/wp-json\/wp\/v2\/comments?post=1117869"}],"version-history":[{"count":0,"href":"https:\/\/www.europesays.com\/de\/wp-json\/wp\/v2\/posts\/1117869\/revisions"}],"wp:featuredmedia":[{"embeddable":true,"href":"https:\/\/www.europesays.com\/de\/wp-json\/wp\/v2\/media\/1117870"}],"wp:attachment":[{"href":"https:\/\/www.europesays.com\/de\/wp-json\/wp\/v2\/media?parent=1117869"}],"wp:term":[{"taxonomy":"category","embeddable":true,"href":"https:\/\/www.europesays.com\/de\/wp-json\/wp\/v2\/categories?post=1117869"},{"taxonomy":"post_tag","embeddable":true,"href":"https:\/\/www.europesays.com\/de\/wp-json\/wp\/v2\/tags?post=1117869"}],"curies":[{"name":"wp","href":"https:\/\/api.w.org\/{rel}","templated":true}]}}