{"id":1117939,"date":"2026-06-24T09:55:22","date_gmt":"2026-06-24T09:55:22","guid":{"rendered":"https:\/\/www.europesays.com\/de\/1117939\/"},"modified":"2026-06-24T09:55:22","modified_gmt":"2026-06-24T09:55:22","slug":"sturmtief-in-der-badewanne-meeresbiologin-claudia-ackermann-warnt-mit-kunst-mannheim-heidelberg","status":"publish","type":"post","link":"https:\/\/www.europesays.com\/de\/1117939\/","title":{"rendered":"Sturmtief in der Badewanne: Meeresbiologin Claudia Ackermann warnt mit Kunst &#8211; Mannheim\/Heidelberg"},"content":{"rendered":"<p class=\"rhp-dpa-teaser\"><b>Das  Liebesleben der Miesmuscheln hat sie erforscht und Menschen f\u00fcr Natur begeistert.  Jetzt vermittelt Claudia Ackermann ihr Lebensthema  als K\u00fcnstlerin.<\/b><\/p>\n<p>Ein Sturmtief zieht heran, Gewitterzellen brauen sich spontan zusammen und lassen  B\u00e4che  zu rei\u00dfenden Fl\u00fcssen anschwellen \u2013 wie  bei der \u00dcberschwemmung im Ahrtal erlebt. Diese katastrophalen Wetterph\u00e4nomene macht die K\u00fcnstlerin Claudia Ackermann  in ihrer Serie \u201eSturmtief\u201c sichtbar, indem sie aus K\u00fcchenpapier und Wandfarbe Pappmach\u00e9 herstellt und eine Prozession von Wirbeln als Bodenrelief formt. \u201eWir sind dem ausgeliefert,<\/p>\n<p class=\"rhp-teaser\"><b>Das  Liebesleben der Miesmuscheln hat sie erforscht und Menschen f\u00fcr Natur begeistert.  Jetzt vermittelt Claudia Ackermann ihr Lebensthema  als K\u00fcnstlerin.<\/b><\/p>\n","protected":false},"excerpt":{"rendered":"Das Liebesleben der Miesmuscheln hat sie erforscht und Menschen f\u00fcr Natur begeistert. Jetzt vermittelt Claudia Ackermann ihr Lebensthema&hellip;\n","protected":false},"author":2,"featured_media":1117940,"comment_status":"","ping_status":"","sticky":false,"template":"","format":"standard","meta":{"footnotes":"","_share_on_mastodon":"0"},"categories":[1845],"tags":[30127,1634,236199,3364,29,548,663,3934,30,13,2476,5300,80,4060,2096,14,15,3856,12,51423],"class_list":["post-1117939","post","type-post","status-publish","format-standard","has-post-thumbnail","category-mannheim","tag-ahrtal","tag-baden-wuerttemberg","tag-claudia-ackermann","tag-de","tag-deutschland","tag-eu","tag-europa","tag-europe","tag-germany","tag-headlines","tag-heidelberg","tag-irland","tag-kultur","tag-lokal","tag-mannheim","tag-nachrichten","tag-news","tag-ruhrgebiet","tag-schlagzeilen","tag-sturmtief"],"share_on_mastodon":{"url":"","error":""},"_links":{"self":[{"href":"https:\/\/www.europesays.com\/de\/wp-json\/wp\/v2\/posts\/1117939","targetHints":{"allow":["GET"]}}],"collection":[{"href":"https:\/\/www.europesays.com\/de\/wp-json\/wp\/v2\/posts"}],"about":[{"href":"https:\/\/www.europesays.com\/de\/wp-json\/wp\/v2\/types\/post"}],"author":[{"embeddable":true,"href":"https:\/\/www.europesays.com\/de\/wp-json\/wp\/v2\/users\/2"}],"replies":[{"embeddable":true,"href":"https:\/\/www.europesays.com\/de\/wp-json\/wp\/v2\/comments?post=1117939"}],"version-history":[{"count":0,"href":"https:\/\/www.europesays.com\/de\/wp-json\/wp\/v2\/posts\/1117939\/revisions"}],"wp:featuredmedia":[{"embeddable":true,"href":"https:\/\/www.europesays.com\/de\/wp-json\/wp\/v2\/media\/1117940"}],"wp:attachment":[{"href":"https:\/\/www.europesays.com\/de\/wp-json\/wp\/v2\/media?parent=1117939"}],"wp:term":[{"taxonomy":"category","embeddable":true,"href":"https:\/\/www.europesays.com\/de\/wp-json\/wp\/v2\/categories?post=1117939"},{"taxonomy":"post_tag","embeddable":true,"href":"https:\/\/www.europesays.com\/de\/wp-json\/wp\/v2\/tags?post=1117939"}],"curies":[{"name":"wp","href":"https:\/\/api.w.org\/{rel}","templated":true}]}}