{"id":1117950,"date":"2026-06-24T10:01:32","date_gmt":"2026-06-24T10:01:32","guid":{"rendered":"https:\/\/www.europesays.com\/de\/1117950\/"},"modified":"2026-06-24T10:01:32","modified_gmt":"2026-06-24T10:01:32","slug":"polizei-erwischt-eltern-und-kleinkind-aus-rheda-wiedenbrueck-auf-motorroller","status":"publish","type":"post","link":"https:\/\/www.europesays.com\/de\/1117950\/","title":{"rendered":"Polizei erwischt Eltern und Kleinkind aus Rheda-Wiedenbr\u00fcck auf Motorroller"},"content":{"rendered":"<p>Der kleine Junge sa\u00df zwischen seinen Eltern und trug lediglich einen Fahrradhelm. Und das waren nicht die einzigen Verst\u00f6\u00dfe, die die Beamten ahndeten.<\/p>\n<p>Bielefeld\/Rheda-Wiedenbr\u00fcck (gl) &#8211; Die Polizei in Bielefeld hat eine Familie aus Rheda-Wiedenbr\u00fcck erwischt, die zu dritt auf einem Motorroller unterwegs war. Zwischen den Eltern sa\u00df nach Angaben der Polizei ein Kleinkind, das lediglich einen Fahrradhelm trug. Zudem war der Roller nicht versichert.\u2026<\/p>\n<p>            <img decoding=\"async\" src=\"https:\/\/www.die-glocke.de\/typo3conf\/ext\/bo_dieglocke_template\/Resources\/Public\/Images\/logo\/glocke_plus_icon.svg\" class=\"pwTopImage\" alt=\"Glocke Plus\"\/><\/p>\n<p>                Jetzt weiterlesen mit G+<\/p>\n<p class=\"card-text equal-height text-center\" data-equalheightgroup=\"1\">\n                0,99 \u20ac im 1. Monat \u2013 monatlich k\u00fcndbar\n            <\/p>\n<p>                &#13;<br \/>\n                    &#13;<\/p>\n<tr>&#13;<\/p>\n<p>&#13;<\/p>\n<tr>&#13;<\/p>\n<td class=\"w-25px p-1\">&#13;<br \/>\n                                        &#13;\n                                    <\/td>\n<p>&#13;<\/p>\n<td class=\"p-1\">&#13;<br \/>\n                                        &#13;<br \/>\n                                            aktuelle Nachrichten rund um die Uhr&#13;<br \/>\n                                        &#13;\n                                    <\/td>\n<p>&#13;<br \/>\n                                <\/tr>\n<p>&#13;<\/p>\n<tr>&#13;<\/p>\n<td class=\"w-25px p-1\">&#13;<br \/>\n                                        &#13;\n                                    <\/td>\n<p>&#13;<\/p>\n<td class=\"p-1\">&#13;<br \/>\n                                        &#13;<br \/>\n                                            nur 79 \u20ac (ab dem 13. Monat 7,90 \u20ac monatlich)&#13;<br \/>\n                                        &#13;\n                                    <\/td>\n<p>&#13;<br \/>\n                                <\/tr>\n<p>&#13;<\/p>\n<tr>&#13;<\/p>\n<td class=\"w-25px p-1\">&#13;<br \/>\n                                        &#13;\n                                    <\/td>\n<p>&#13;<\/p>\n<td class=\"p-1\">&#13;<br \/>\n                                        &#13;<br \/>\n                                            nach 12 Monaten Mindestlaufzeit monatlich k\u00fcndbar&#13;<br \/>\n                                        &#13;\n                                    <\/td>\n<p>&#13;<br \/>\n                                <\/tr>\n<p>&#13;<\/p>\n<tr>&#13;<\/p>\n<td class=\"w-25px p-1\">&#13;<br \/>\n                                        &#13;\n                                    <\/td>\n<p>&#13;<\/p>\n<td class=\"p-1\">&#13;<br \/>\n                                        &#13;<br \/>\n                                            sparen Sie 15,80 \u20ac gegen\u00fcber dem Monatsabo&#13;<br \/>\n                                        &#13;\n                                    <\/td>\n<p>&#13;<br \/>\n                                <\/tr>\n<p>&#13;\n                            <\/p>\n<p>&#13;<br \/>\n                        <\/tr>\n<p>&#13;<br \/>\n                    &#13;<\/p>\n<p>&#13;<br \/>\n                        79 \u20ac f\u00fcr 12 Monate&#13;\n                    <\/p>\n<p>                    <a data-upscore-conversion=\"1\" class=\"btn link-primary border rounded border-2 border-primary d-block w-100 mb-4\" href=\"https:\/\/shop.die-glocke.de\/bestellen\/g-jahresabo-bc91?type=paypal&amp;upscore_object_id=c128c3cc-1395-4b37-b515-808b26cdfc8f-Portal&amp;upscore_offer_id=&amp;upscore_click_id=&amp;upscore_object_url=https%3A%2F%2Fwww.die-glocke.de%2Fkreis-guetersloh%2Frheda-wiedenbrueck%2Fartikel%2Fpolizei-erwischt-eltern-und-kleinkind-aus-rheda-wiedenbrueck-in-bielefeld-zu-dritt-auf-motorroller-1782291307&amp;target=https%3A%2F%2Fwww.die-glocke.de%2Fkreis-guetersloh%2Frheda-wiedenbrueck%2Fartikel%2Fpolizei-erwischt-eltern-und-kleinkind-aus-rheda-wiedenbrueck-in-bielefeld-zu-dritt-auf-motorroller-1782291307\" rel=\"nofollow noopener\" target=\"_blank\">&#13;<br \/>\n                        <strong>Jahresabo bestellen mit <\/strong>&#13;<br \/>\n                        <img loading=\"lazy\" decoding=\"async\" class=\"me-2 icon-paypal\" src=\"https:\/\/www.die-glocke.de\/fileadmin\/images\/demo\/paypal.svg\" width=\"65\" height=\"15\" alt=\"Paypal\"\/>&#13;<br \/>\n                    <\/a><\/p>\n<p>                    <a data-upscore-conversion=\"1\" class=\"paywall_order_btn-668975\" href=\"https:\/\/shop.die-glocke.de\/gplus-jahresabo?upscore_object_id=c128c3cc-1395-4b37-b515-808b26cdfc8f-Portal&amp;upscore_offer_id=&amp;upscore_click_id=&amp;upscore_object_url=https%3A%2F%2Fwww.die-glocke.de%2Fkreis-guetersloh%2Frheda-wiedenbrueck%2Fartikel%2Fpolizei-erwischt-eltern-und-kleinkind-aus-rheda-wiedenbrueck-in-bielefeld-zu-dritt-auf-motorroller-1782291307&amp;target=https%3A%2F%2Fwww.die-glocke.de%2Fkreis-guetersloh%2Frheda-wiedenbrueck%2Fartikel%2Fpolizei-erwischt-eltern-und-kleinkind-aus-rheda-wiedenbrueck-in-bielefeld-zu-dritt-auf-motorroller-1782291307\" rel=\"nofollow noopener\" target=\"_blank\">&#13;<br \/>\n                        Jahresabo bestellen&#13;<br \/>\n                    <\/a><\/p>\n<p>Texte und Fotos von die-glocke.de sind urheberrechtlich gesch\u00fctzt.<br \/>\n            Weiterverwendung nur mit Genehmigung der Chefredaktion.<\/p>\n","protected":false},"excerpt":{"rendered":"Der kleine Junge sa\u00df zwischen seinen Eltern und trug lediglich einen Fahrradhelm. Und das waren nicht die einzigen&hellip;\n","protected":false},"author":2,"featured_media":1117951,"comment_status":"","ping_status":"","sticky":false,"template":"","format":"standard","meta":{"footnotes":"","_share_on_mastodon":"0"},"categories":[1841],"tags":[39015,1605,3364,29,553,30,4189,11532,36948,1209,23753,8183],"class_list":["post-1117950","post","type-post","status-publish","format-standard","has-post-thumbnail","category-bielefeld","tag-roller","tag-bielefeld","tag-de","tag-deutschland","tag-familie","tag-germany","tag-kleinkind","tag-kontrolle","tag-motorroller","tag-nordrhein-westfalen","tag-rheda-wiedenbrueck","tag-verkehrskontrolle"],"share_on_mastodon":{"url":"https:\/\/pubeurope.com\/@de\/116804512463083730","error":""},"_links":{"self":[{"href":"https:\/\/www.europesays.com\/de\/wp-json\/wp\/v2\/posts\/1117950","targetHints":{"allow":["GET"]}}],"collection":[{"href":"https:\/\/www.europesays.com\/de\/wp-json\/wp\/v2\/posts"}],"about":[{"href":"https:\/\/www.europesays.com\/de\/wp-json\/wp\/v2\/types\/post"}],"author":[{"embeddable":true,"href":"https:\/\/www.europesays.com\/de\/wp-json\/wp\/v2\/users\/2"}],"replies":[{"embeddable":true,"href":"https:\/\/www.europesays.com\/de\/wp-json\/wp\/v2\/comments?post=1117950"}],"version-history":[{"count":0,"href":"https:\/\/www.europesays.com\/de\/wp-json\/wp\/v2\/posts\/1117950\/revisions"}],"wp:featuredmedia":[{"embeddable":true,"href":"https:\/\/www.europesays.com\/de\/wp-json\/wp\/v2\/media\/1117951"}],"wp:attachment":[{"href":"https:\/\/www.europesays.com\/de\/wp-json\/wp\/v2\/media?parent=1117950"}],"wp:term":[{"taxonomy":"category","embeddable":true,"href":"https:\/\/www.europesays.com\/de\/wp-json\/wp\/v2\/categories?post=1117950"},{"taxonomy":"post_tag","embeddable":true,"href":"https:\/\/www.europesays.com\/de\/wp-json\/wp\/v2\/tags?post=1117950"}],"curies":[{"name":"wp","href":"https:\/\/api.w.org\/{rel}","templated":true}]}}