{"id":1117993,"date":"2026-06-24T10:25:17","date_gmt":"2026-06-24T10:25:17","guid":{"rendered":"https:\/\/www.europesays.com\/de\/1117993\/"},"modified":"2026-06-24T10:25:17","modified_gmt":"2026-06-24T10:25:17","slug":"niedrigwasser-ausfaelle-bei-der-dresdner-dampfschifffahrt","status":"publish","type":"post","link":"https:\/\/www.europesays.com\/de\/1117993\/","title":{"rendered":"Niedrigwasser: Ausf\u00e4lle bei der Dresdner Dampfschifffahrt"},"content":{"rendered":"<p>        <img decoding=\"async\" src=\"https:\/\/www.europesays.com\/de\/wp-content\/uploads\/2026\/06\/niedrigwasser-elbe-154.webp\" alt=\"Die Elbe bei Dresden f\u00fchrt Niedrigwasser, eine Person sitzt auf einer Kiesbank. Im Hintergrund ist ein Dampfer zu sehen. \" title=\"Die Elbe bei Dresden f\u00fchrt Niedrigwasser, eine Person sitzt auf einer Kiesbank. Im Hintergrund ist ein Dampfer zu sehen.  |  IMAGO \/ Bernd M\u00e4rz\" class=\"responsive\"\/><\/p>\n<p>AUDIO: Niedrigwasser in Sachsen an zahlreichen Pegeln (1 Min)<\/p>\n<p class=\"topline\">Trockenheit<\/p>\n<p class=\"author\">von MDR SACHSEN<\/p>\n<p>\n                Stand: 24.06.2026 12:10 Uhr<\/p>\n<p class=\"\">Hitze und Trockenheit sorgen f\u00fcr Niedrigwasser in Sachsens Fl\u00fcssen. Bei der S\u00e4chsischen Dampfschifffahrt in Dresden gibt es bereits erste Einschr\u00e4nkungen, wie ein Sprecher auf Anfrage von MDR SACHSEN sagte. Demnach k\u00f6nnen die Anlegestellen in Prossen und Diesbar aktuell nicht bedient werden.<\/p>\n<p>Zudem sei es f\u00fcr die Dampfer derzeit nicht m\u00f6glich, die Tagestour von Dresden in die S\u00e4chsische Schweiz anzubieten. Die Schiffe der &#8222;Kleinen Elbtallinie&#8220; und der &#8222;Nationalparklinie&#8220; pendeln ferner nur zwischen Pirna und Bad Schandau, k\u00f6nnen jedoch Pillnitz nicht ansteuern.<\/p>\n<p>    H\u00e4lfte aller Fl\u00fcsse mit Niedrigwasser<\/p>\n<p class=\"\">Nach Angaben des Landesumweltamtes in Sachsen wird aktuell an der H\u00e4lfte von landesweit 149 ausgewerteten Pegeln Niedrigwasser registriert.<\/p>\n<p>An der Elbe in Dresden wurde am Dienstagabend ein Durchfluss von rund 100 Kubikmetern pro Sekunde ermittelt. Als Niedrigwasser z\u00e4hlen dort Werte von weniger als 109 Kubikmeter pro Sekunde. Auch an Fl\u00fcssen wie der Freiberger Mulde in Mittelsachsen, der Plei\u00dfe und der Parthe bei Leipzig oder der Schwarzen Elster in Ostsachsen messen die Hydrologen derzeit Niedrigwasser.<\/p>\n<p>    Es bleibt hei\u00df und trocken<\/p>\n<p class=\"\">Eine schnelle Wetter\u00e4nderung ist nicht in Sicht. Im Moment liegt Sachsen unter Hochdruckeinfluss. &#8222;Dabei nimmt die Hitzebelastung jetzt Tag f\u00fcr Tag wieder zu&#8220;, erkl\u00e4rt MDR SACHSEN-Wetterexpertin Susanne Langhans. So sollen am Wochenende auch in Sachsen die H\u00f6chstwerte zwischen 38 bis 40 Grad Celsius liegen.<\/p>\n<p>Bis dahin seien aus heutiger Sicht, so Langhans weiter, keine Niederschl\u00e4ge in Sicht. &#8222;Erst zum Start in die neue Woche r\u00e4umen teils heftige Gewitter diese hei\u00dfe Luftmasse aus.&#8220; Am Montag sollen die H\u00f6chstwerte nur noch bei 27 Grad Celsius liegen.<\/p>\n<p class=\"\">MDR (lam)\/dpa<\/p>\n","protected":false},"excerpt":{"rendered":"AUDIO: Niedrigwasser in Sachsen an zahlreichen Pegeln (1 Min) Trockenheit von MDR SACHSEN Stand: 24.06.2026 12:10 Uhr Hitze&hellip;\n","protected":false},"author":2,"featured_media":1117994,"comment_status":"","ping_status":"","sticky":false,"template":"","format":"standard","meta":{"footnotes":"","_share_on_mastodon":"0"},"categories":[1835],"tags":[3364,29,2386,2265,49875,30,11607,14,6401,859,5226,6404],"class_list":["post-1117993","post","type-post","status-publish","format-standard","has-post-thumbnail","category-dresden","tag-de","tag-deutschland","tag-dresden","tag-elbe","tag-fluesse","tag-germany","tag-hitze","tag-nachrichten","tag-niedrigwasser","tag-sachsen","tag-schifffahrt","tag-trockenheit"],"share_on_mastodon":{"url":"https:\/\/pubeurope.com\/@de\/116804606960971471","error":""},"_links":{"self":[{"href":"https:\/\/www.europesays.com\/de\/wp-json\/wp\/v2\/posts\/1117993","targetHints":{"allow":["GET"]}}],"collection":[{"href":"https:\/\/www.europesays.com\/de\/wp-json\/wp\/v2\/posts"}],"about":[{"href":"https:\/\/www.europesays.com\/de\/wp-json\/wp\/v2\/types\/post"}],"author":[{"embeddable":true,"href":"https:\/\/www.europesays.com\/de\/wp-json\/wp\/v2\/users\/2"}],"replies":[{"embeddable":true,"href":"https:\/\/www.europesays.com\/de\/wp-json\/wp\/v2\/comments?post=1117993"}],"version-history":[{"count":0,"href":"https:\/\/www.europesays.com\/de\/wp-json\/wp\/v2\/posts\/1117993\/revisions"}],"wp:featuredmedia":[{"embeddable":true,"href":"https:\/\/www.europesays.com\/de\/wp-json\/wp\/v2\/media\/1117994"}],"wp:attachment":[{"href":"https:\/\/www.europesays.com\/de\/wp-json\/wp\/v2\/media?parent=1117993"}],"wp:term":[{"taxonomy":"category","embeddable":true,"href":"https:\/\/www.europesays.com\/de\/wp-json\/wp\/v2\/categories?post=1117993"},{"taxonomy":"post_tag","embeddable":true,"href":"https:\/\/www.europesays.com\/de\/wp-json\/wp\/v2\/tags?post=1117993"}],"curies":[{"name":"wp","href":"https:\/\/api.w.org\/{rel}","templated":true}]}}