{"id":111800,"date":"2025-05-15T06:02:12","date_gmt":"2025-05-15T06:02:12","guid":{"rendered":"https:\/\/www.europesays.com\/de\/111800\/"},"modified":"2025-05-15T06:02:12","modified_gmt":"2025-05-15T06:02:12","slug":"optimierte-dolby-atmos-wiedergabe-fuer-airplay-und-bluetooth-lautsprecher","status":"publish","type":"post","link":"https:\/\/www.europesays.com\/de\/111800\/","title":{"rendered":"Optimierte Dolby Atmos-Wiedergabe f\u00fcr AirPlay- und Bluetooth-Lautsprecher"},"content":{"rendered":"<p><a href=\"https:\/\/www.europesays.com\/de\/wp-content\/uploads\/2025\/05\/Apple-TV-Stock-Photo-Unsplash.jpg\"><img fetchpriority=\"high\" decoding=\"async\" class=\"aligncenter size-full wp-image-379051\" src=\"data:image\/svg+xml,%3Csvg%20xmlns=\" http:=\"\" alt=\"\" width=\"1500\" height=\"943\" data-lazy- data-lazy- data-lazy-src=\"https:\/\/www.europesays.com\/de\/wp-content\/uploads\/2025\/05\/Apple-TV-Stock-Photo-Unsplash.jpg\"\/><\/a><\/p>\n<p>In dieser Woche hat Apple einige frische Updates f\u00fcr iOS, iPadOS, watchOS und auch tvOS ver\u00f6ffentlicht. Mit dem neuen tvOS in Version 18.5 hat Apple nun auch eine verbesserte Dolby Atmos-Wiedergabe f\u00fcr AirPlay- oder Bluetooth-Lautsprecher umgesetzt.<\/p>\n<p><img decoding=\"async\" class=\"wp-worthy-pixel-img skip-lazy \" src=\"https:\/\/www.europesays.com\/de\/wp-content\/uploads\/2025\/05\/aaa92d9fcc1b4cbca7e357f5f42c58ed.gif\" loading=\"eager\" data-no-lazy=\"1\" data-skip-lazy=\"1\" height=\"1\" width=\"1\" alt=\"\"\/><\/p>\n<p>Die neue Funktion wird in den <a href=\"https:\/\/support.apple.com\/en-us\/106336\" rel=\"nofollow noopener\" target=\"_blank\">Release Notes<\/a> f\u00fcr das Update beschrieben, die sich auf den Support-Seiten von Apple finden. Es sei durchaus m\u00f6glich, dass das Feature dabei helfen k\u00f6nnte, einige hartn\u00e4ckige Synchronisierungsprobleme zu beheben, auf die einige Apple TV-User gesto\u00dfen seien, wenn sie versucht haben, Audio mit Dolby Atmos abzuspielen, wie <a href=\"https:\/\/www.macrumors.com\/2025\/05\/13\/tvos-18-5-dolby-atmos-synchronization\/\" rel=\"nofollow noopener\" target=\"_blank\">MacRumors<\/a> dazu anmerkt.<\/p>\n<p>Sowohl bei <a href=\"https:\/\/www.reddit.com\/r\/appletv\/comments\/1htwhux\/apple_tv_keeps_getting_out_of_sync_with_audio\/\" rel=\"nofollow noopener\" target=\"_blank\">Reddit<\/a> als auch in den <a href=\"https:\/\/discussions.apple.com\/thread\/255553402?sortBy=rank\" rel=\"nofollow noopener\" target=\"_blank\">Apple Support-Foren<\/a> gab es dazu mehrere Beschwerden hinsichtlich dieser Probleme, die insbesondere bei der Wiedergabe mit Soundbars und Lautsprechern, auch solcher, die per AirPlay oder Bluetooth verbunden waren, auftraten. Eine betroffene Person namens angelocalabro beschreibt das Problem im Apple Support-Forum beispielsweise so:\u2028\u2028<\/p>\n<blockquote>\n<p>\u201eDas Problem, mit dem ich konfrontiert bin, ist eine Audio-Verz\u00f6gerung von etwa 2-3 Sekunden, wann immer ich die Wiedergabe von Inhalten (zum Beispiel Netflix, Amazon Prime, etc.) von meinem Apple TV starte. Es ist erw\u00e4hnenswert, dass der Ton, sobald er beginnt, perfekt mit dem Video synchronisiert ist, aber es gibt immer diese anf\u00e4ngliche 2-3 Sekunden Verz\u00f6gerung, wo das Video zuerst beginnt, gefolgt von dem Ton.\u201c<\/p>\n<\/blockquote>\n<p><a href=\"https:\/\/www.europesays.com\/de\/wp-content\/uploads\/2025\/05\/Apple-TV-Fernseher-Stock-Photo-Unsplash.jpg\"><img loading=\"lazy\" decoding=\"async\" class=\"aligncenter size-full wp-image-379050\" src=\"data:image\/svg+xml,%3Csvg%20xmlns=\" http:=\"\" alt=\"\" width=\"1500\" height=\"938\" data-lazy- data-lazy- data-lazy-src=\"https:\/\/www.europesays.com\/de\/wp-content\/uploads\/2025\/05\/Apple-TV-Fernseher-Stock-Photo-Unsplash.jpg\"\/><\/a><\/p>\n<p>Auch andere Nutzer und Nutzerinnen des Apple TV berichten von \u00e4hnlichen Problemen, beispielsweise eine mangelhafte Synchronisation von Dialogen und anderen Audioinhalten mit dem abgespielten Videoinhalt. Dies f\u00fchre dazu, dass sich die Lippen beim Sprechen in Fernsehsendungen und Filmen nicht richtig bewegen und Soundeffekte wie Explosionen verz\u00f6gert seien.<\/p>\n<p>Es sei laut MacRumors zwar m\u00f6glich, auf Dolby 5.1 Surround Sound umzuschalten. Allerdings kann dies kaum die L\u00f6sung sein, wenn eine teure Audioanlage im Einsatz ist und man gerne Dolby Atmos verwenden m\u00f6chte. Die neuen Dolby Atmos-Synchronisationsfunktionen finden sich laut Apple auf dem Apple TV unter Einstellungen -&gt; Video und Audio -&gt; Wireless Audio Sync. Wer demnach bisher Probleme mit der Dolby Atmos-Funktion unter tvOS gehabt hat, sollte auf dem Apple TV zun\u00e4chst das Update auf tvOS 18.5 ansto\u00dfen und dann die Einstellungen besuchen.<\/p>\n<p>Apple TV 4K im Angebot kaufen<\/p>\n<p>Hinweis: Dieser Artikel enth\u00e4lt Affiliate-Links. Bei K\u00e4ufen \u00fcber diese Links erhalten wir eine Provision, mit dem wir diesen Blog finanzieren. Der Kaufpreis bleibt f\u00fcr euch unver\u00e4ndert.<\/p>\n","protected":false},"excerpt":{"rendered":"In dieser Woche hat Apple einige frische Updates f\u00fcr iOS, iPadOS, watchOS und auch tvOS ver\u00f6ffentlicht. Mit dem&hellip;\n","protected":false},"author":2,"featured_media":111801,"comment_status":"","ping_status":"","sticky":false,"template":"","format":"standard","meta":{"footnotes":""},"categories":[135],"tags":[29,30,190,189,194,191,193,192],"class_list":{"0":"post-111800","1":"post","2":"type-post","3":"status-publish","4":"format-standard","5":"has-post-thumbnail","7":"category-wissenschaft-technik","8":"tag-deutschland","9":"tag-germany","10":"tag-science","11":"tag-science-technology","12":"tag-technik","13":"tag-technology","14":"tag-wissenschaft","15":"tag-wissenschaft-technik"},"share_on_mastodon":{"url":"https:\/\/pubeurope.com\/@de\/114510334939544713","error":""},"_links":{"self":[{"href":"https:\/\/www.europesays.com\/de\/wp-json\/wp\/v2\/posts\/111800","targetHints":{"allow":["GET"]}}],"collection":[{"href":"https:\/\/www.europesays.com\/de\/wp-json\/wp\/v2\/posts"}],"about":[{"href":"https:\/\/www.europesays.com\/de\/wp-json\/wp\/v2\/types\/post"}],"author":[{"embeddable":true,"href":"https:\/\/www.europesays.com\/de\/wp-json\/wp\/v2\/users\/2"}],"replies":[{"embeddable":true,"href":"https:\/\/www.europesays.com\/de\/wp-json\/wp\/v2\/comments?post=111800"}],"version-history":[{"count":0,"href":"https:\/\/www.europesays.com\/de\/wp-json\/wp\/v2\/posts\/111800\/revisions"}],"wp:featuredmedia":[{"embeddable":true,"href":"https:\/\/www.europesays.com\/de\/wp-json\/wp\/v2\/media\/111801"}],"wp:attachment":[{"href":"https:\/\/www.europesays.com\/de\/wp-json\/wp\/v2\/media?parent=111800"}],"wp:term":[{"taxonomy":"category","embeddable":true,"href":"https:\/\/www.europesays.com\/de\/wp-json\/wp\/v2\/categories?post=111800"},{"taxonomy":"post_tag","embeddable":true,"href":"https:\/\/www.europesays.com\/de\/wp-json\/wp\/v2\/tags?post=111800"}],"curies":[{"name":"wp","href":"https:\/\/api.w.org\/{rel}","templated":true}]}}