{"id":1118015,"date":"2026-06-24T10:38:23","date_gmt":"2026-06-24T10:38:23","guid":{"rendered":"https:\/\/www.europesays.com\/de\/1118015\/"},"modified":"2026-06-24T10:38:23","modified_gmt":"2026-06-24T10:38:23","slug":"hitzeausflug-nach-stuttgart-wie-man-durch-verfehlte-architektur-fast-verbrutzelt","status":"publish","type":"post","link":"https:\/\/www.europesays.com\/de\/1118015\/","title":{"rendered":"Hitzeausflug nach Stuttgart: Wie man durch verfehlte Architektur fast verbrutzelt"},"content":{"rendered":"<p class=\"paragraph tw-mx-auto tw-mb-6\">Am Pariser Platz in Stuttgart. Diese von Glasfassaden eingepackte Granitplattenbrache liegt unweit der Ewigbaustelle Hauptbahnhof. \u201eBratpfanne\u201c nennen Einheimische das Areal. Es ist gegen 16 Uhr an einem der gegenw\u00e4rtigen Hitzetage. Was wird das extra mitgebrachte Thermometer anzeigen?<\/p>\n<p class=\"paragraph tw-mx-auto tw-mb-6\">Der Zeitpunkt ist so gew\u00e4hlt, dass die \u00fcbliche W\u00e4rmespitze des Tages langsam erreicht wird. Die Quecksilbers\u00e4ule schie\u00dft auf 44 Grad hoch \u2013 elf Grad mehr als es f\u00fcnf Gehminuten entfernt in den Wohngebieten hangaufw\u00e4rts Richtung H\u00f6henpark Killesberg hat.<\/p>\n<p class=\"tw-text-neutral-10 tw-py-2 tw-border-t tw-mb-0 tw-text-title-md tw-font-medium tw-border-solid tw-border-b-neutral-10 tw-font-primary\">Empfohlene Artikel<\/p>\n<p>K\u00fcmmerliche B\u00e4umchen<\/p>\n<p class=\"paragraph tw-mx-auto tw-mb-6\">\u201eBrutal\u201c, denkt man sich und hat auch gleich eine Erkl\u00e4rung parat. Obwohl die beschriebenen H\u00e4nge mit ihrer teilweisen S\u00fcdausrichtung doch zentral den Sonnenstrahlen ausgesetzt sind, scheint einiges vorhandenes Gr\u00fcn die Wucht der <a class=\"rtr-entity\" data-rtr-entity=\"Hitze\" data-rtr-id=\"b0aa1aa4338898b74635318fc67a628289d0dec0\" data-rtr-score=\"111.98651162790698\" data-rtr-etype=\"keyword\" data-rtr-index=\"47\" href=\"https:\/\/www.schwaebische.de\/thema\/hitze\" rel=\"nofollow noopener\" target=\"_blank\">Hitze<\/a> zu d\u00e4mpfen: B\u00e4ume, Geb\u00fcsch, selbst Rasen. Auf dem Pariser Platz ist davon blo\u00df auf einem Randstreifen etwas zu sehen: Einige wenige B\u00e4umchen, die bemitleidenswert k\u00fcmmerlich wirken.<\/p>\n<p class=\"paragraph tw-mx-auto tw-mb-6\">Der Hitzelogik folgend, quert dann auch kaum ein Mensch den Platz. Zwei j\u00fcngere Frauen, die nebenan im Schatten eines Bankgeb\u00e4udes auf einer Bank Arbeitspause machen, warnen halb scherzend, halb ernst: \u201eWenn Sie da dr\u00fcber laufen, werden Sie gebrutzelt.\u201c<\/p>\n<p><img src=\"https:\/\/www.europesays.com\/de\/wp-content\/uploads\/2026\/06\/301b643f-b73a-4799-95c4-36bd79136ba7.jpg\" alt=\"Blick auf den Pariser Platz im Stuttgarter Europaviertel. Er ist mit Granitplatten belegt und heizt sich gewaltig auf.\" fetchpriority=\"auto\" loading=\"lazy\" decoding=\"async\"\/><img decoding=\"async\" alt=\"Bild vergr\u00f6\u00dfern\" class=\"sm:tw-w-9 sm:tw-h-9\" src=\"data:image\/svg+xml,%3csvg%20width='48'%20height='48'%20viewBox='0%200%2048%2048'%20fill='none'%20xmlns='http:\/\/www.w3.org\/2000\/svg'%3e%3crect%20width='48'%20height='48'%20rx='24'%20fill='white'%20fill-opacity='0.8'\/%3e%3cmask%20id='mask0_13797_3251'%20style='mask-type:alpha'%20maskUnits='userSpaceOnUse'%20x='12'%20y='12'%20width='24'%20height='24'%3e%3crect%20x='12'%20y='12'%20width='24'%20height='24'%20fill='%23D9D9D9'\/%3e%3c\/mask%3e%3cg%20mask='url(%23mask0_13797_3251)'%3e%3cpath%20d='M15%2033V25H17V29.6L29.6%2017H25V15H33V23H31V18.4L18.4%2031H23V33H15Z'%20fill='%231C1B1F'\/%3e%3c\/g%3e%3c\/svg%3e\"\/><\/p>\n<p>Blick auf den Pariser Platz im Stuttgarter Europaviertel. Er ist mit Granitplatten belegt und heizt sich gewaltig auf. (Foto: Uwe Jau\u00df)<\/p>\n<p class=\"paragraph tw-mx-auto tw-mb-6\">Dies mag nun \u00fcbertrieben sein. Aber dennoch steht die Frage im Raum, warum der Pariser Platz so gestaltet wurde, wie er vor einem liegt. Wobei \u00c4hnliches auf weiten Strecken ebenso f\u00fcr die anschlie\u00dfenden Stra\u00dfen und Geb\u00e4ude gilt: Beton- und Steinw\u00fcste.<\/p>\n<p>Ein neues Viertel<\/p>\n<p class=\"paragraph tw-mx-auto tw-mb-6\">Die Ecke nennt sich Europaviertel. Das Milaneo ist hier daheim, ein regional bekanntes riesiges Einkaufzentrum, dessen Komplex nebenbei noch ein Hotel, B\u00fcros und Wohnungen beinhaltet. Die neue Stadtb\u00fccherei wurde in das Viertel verlegt. Sie wirkt wie ein Turm, der sein Vorbild in der Knast-Architektur hat. Spottlustige Stuttgarter haben den Bau deshalb gleich nach seiner Fertigstellung als \u201eB\u00fccher-Gef\u00e4ngnis\u201c tituliert. Weiter Richtung Hauptbahnhof steht der verwirrend gebaute Riesenkomplex der Baden-W\u00fcrttembergischen Landesbank.<\/p>\n<p class=\"paragraph tw-mx-auto tw-mb-6\">Es ist kein althergebrachter Stadtteil Stuttgarts, kein Ensemble aus vergangenen Zeiten, als es beim Bauen noch eher um k\u00fchlere Temperaturen, Regen oder Schnee gegangen ist. Was einmal mehr staunen l\u00e4sst. Eigentlich w\u00fcrde man Architektur erwarten, die den modernen Klima-Entwicklungen Rechnung tr\u00e4gt.<\/p>\n<p class=\"paragraph tw-mx-auto tw-mb-6\">Das Bauen fing erst 1990 an. Vorher lag an diesem Ort der Stuttgarter G\u00fcter- und Rangierbahnhof. Die Pl\u00e4ne waren hochfliegend. Die Landeshauptstadt wollte sich auf dem Gel\u00e4nde ein St\u00fcck weit neu erfinden. Das Europaviertel sollte von Osten und Norden her den glanzvollen Eingang zum Stadtzentrum markieren.<\/p>\n<p>\u00c4rgerliche Architektur<\/p>\n<p class=\"paragraph tw-mx-auto tw-mb-6\">Ganz fertig gestaltet ist das Quartier jedoch bis heute nicht. Es wird Zug um Zug gebaut.\u00a0 Die Ersten waren die Landesbanker. Der Pariser Platz war beispielsweise 2004 fertig, der angrenzende Wohn- und B\u00fcrokomplex \u201ePariser H\u00f6fe\u201c erst 2013. Zuletzt ist der kolossale Turm am Mail\u00e4nder Platz in die H\u00f6he gezogen worden. Bezogen werden konnte er vor vier Jahren. Drinnen befindet sich ein Hotel.<\/p>\n<p><img src=\"https:\/\/www.europesays.com\/de\/wp-content\/uploads\/2026\/06\/85e01fb4-cf5c-4e62-a296-d3e584df9a08.jpg\" alt=\"Auf dem Pariser Platz steigt die Temperatur immer mehr. 44 Grad werden erreicht.\" fetchpriority=\"auto\" loading=\"lazy\" decoding=\"async\"\/><img decoding=\"async\" alt=\"Bild vergr\u00f6\u00dfern\" class=\"sm:tw-w-9 sm:tw-h-9\" src=\"data:image\/svg+xml,%3csvg%20width='48'%20height='48'%20viewBox='0%200%2048%2048'%20fill='none'%20xmlns='http:\/\/www.w3.org\/2000\/svg'%3e%3crect%20width='48'%20height='48'%20rx='24'%20fill='white'%20fill-opacity='0.8'\/%3e%3cmask%20id='mask0_13797_3251'%20style='mask-type:alpha'%20maskUnits='userSpaceOnUse'%20x='12'%20y='12'%20width='24'%20height='24'%3e%3crect%20x='12'%20y='12'%20width='24'%20height='24'%20fill='%23D9D9D9'\/%3e%3c\/mask%3e%3cg%20mask='url(%23mask0_13797_3251)'%3e%3cpath%20d='M15%2033V25H17V29.6L29.6%2017H25V15H33V23H31V18.4L18.4%2031H23V33H15Z'%20fill='%231C1B1F'\/%3e%3c\/g%3e%3c\/svg%3e\"\/><\/p>\n<p>Auf dem Pariser Platz steigt die Temperatur immer mehr. 44 Grad werden erreicht. (Foto: Uwe  Jau\u00df)<\/p>\n<p class=\"paragraph tw-mx-auto tw-mb-6\">Zusammengefasst l\u00e4sst sich sagen: Das Europaviertel w\u00e4chst empor, seit die allgemeinen Wetterver\u00e4nderungen hin zu mehr Hitze auch im Alltag sp\u00fcrbar geworden sind \u2013 und zwar immer heftiger. Inzwischen kommt es praktisch Jahr f\u00fcr Jahr zu neuen W\u00e4rmerekorden.<\/p>\n<p class=\"paragraph tw-mx-auto tw-mb-6\">Klar, dass sich gerade Menschen rund um das Extrembeispiel Pariser Platz \u00fcber die Architektur \u00e4rgern. Da ist etwa das Missionsp\u00e4rchen der Jehovas Zeugen, welches ihre Sicht des christlichen Glaubens unters Volk bringen will.<\/p>\n<p>Ein Platz f\u00fcr Veranstaltungen<\/p>\n<p class=\"paragraph tw-mx-auto tw-mb-6\">Der Mann und die Frau haben sich in eine Stra\u00dfenschneise gefl\u00fcchtet. Hier geht wenigstens ganz leicht ein L\u00fcftchen. Mit Blick auf den von Hitze flirrenden Pariser Platz meinen die beiden: \u201eWarum hat man nicht einen gro\u00dfen Brunnen mitten auf die Fl\u00e4che gebaut? Darum dann B\u00e4ume gesetzt und Gras gepflanzt? Ein paar gepflasterte Wege h\u00e4tten doch gereicht.\u201c<\/p>\n<p class=\"paragraph tw-mx-auto tw-mb-6\">Tats\u00e4chlich existiert sogar ein Brunnen. Im modernistischen Betonstil errichtet, wirkt er wie eine Regenwasserauffangstelle. Das Gebilde steht dabei ganz am Rand des Platzes. Es ist deshalb ein Fingerzeig auf die Grundidee des Pariser Platzes: Er wurde von den Stadtplanern als Veranstaltungsort konzipiert. Konzerte, Kleinkunst, Theater, Zirkus, das Jazz open und \u00c4hnliches sollten stattfinden k\u00f6nnen \u2013 und tun es auch. Was wiederum schwer w\u00e4re, h\u00e4tte der Platz eine park\u00e4hnliche Gestalt.<\/p>\n<p class=\"tw-text-neutral-10 tw-py-2 tw-border-t tw-mb-0 tw-text-title-md tw-font-medium tw-border-solid tw-border-b-neutral-10 tw-font-primary\">Empfohlene Artikel<\/p>\n<p class=\"paragraph tw-mx-auto tw-mb-6\">Nichtsdestotrotz gibt es Anl\u00e4ufe, an dem Hitze-Hotspot etwas zu ver\u00e4ndern. Im Abstimmungsportal zum Stuttgarter B\u00fcrgerhaushalt wurde 2023 eine Begr\u00fcnung des Europaviertels gew\u00fcnscht. Die Freien W\u00e4hler im Stuttgarter Gemeinderat m\u00f6chten eine Nachbepflanzung des Platzes.\u00a0 \u201eMan muss sich die Frage stellen, ob die aktuelle Ausstattung noch passt\u201c, sagte deren Stadtrat Michael Schrade zuletzt zu \u00f6rtlichen Medien.<\/p>\n<p class=\"paragraph tw-mx-auto tw-mb-6\">Es existiert dazu sogar eine wissenschaftliche Studie, die diese Frage mit Nein beantwortet. Das Platzkonzept passe nicht, lautet die Erkenntnis. Bei der Arbeit handelt es sich um die vor einem guten Jahr abgeschlossene Bachelorarbeit von Lara Grossmann, seinerzeit Studentin an der Stuttgarter Hochschule f\u00fcr Technik. Ihre Studie legt nahe, dass vor allem B\u00e4ume fehlen. Sie w\u00fcrden durch ihre Schattenwirkung und Verdunstungsk\u00fchlung am meisten Wirkung gegen Hitze erzielen. Sonnensegel k\u00f6nnte aber auch hilfreich sein.<\/p>\n<p>Die Stadt reagiert zur\u00fcckhaltend<\/p>\n<p class=\"paragraph tw-mx-auto tw-mb-6\">Wobei ein Professor in der \u00d6ffentlichkeit bereits angezweifelt hat, ob das Thema im Rathaus wirklich ernst genommen wird. Er hei\u00dft Jan Cremers und ist Dekan der Fakult\u00e4t Architektur und Gestaltung an der Hochschule f\u00fcr Technik. Eine Zeitung zitiert ihn im Hinblick auf Hitzeschutz folgenderma\u00dfen: \u201eIch habe den Eindruck: Andere St\u00e4dte sind da weiter.\u201c<\/p>\n<p class=\"paragraph tw-mx-auto tw-mb-6\">Ob dies wirklich so ist, sei an dieser Stelle dahingestellt. Doch Reaktionen aus der kommunalen Verwaltung st\u00fctzen die These des Professors. In Stuttgart ist hierzu Melanie Gerber-Hartmann vom Amt f\u00fcr Stadtplanung und Wohnen zu Wort gekommen. \u201eWir haben uns aus Ressourcengr\u00fcnden nicht mit dem Pariser Platz befasst\u201c, gab sie zu.<\/p>\n<p><img src=\"https:\/\/www.europesays.com\/de\/wp-content\/uploads\/2026\/06\/5f11d173-4f4b-4491-9abb-3aaffa374fee.jpg\" alt=\"Architektur im Stuttgarter Europaviertel.\" fetchpriority=\"auto\" loading=\"lazy\" decoding=\"async\"\/><img decoding=\"async\" alt=\"Bild vergr\u00f6\u00dfern\" class=\"sm:tw-w-9 sm:tw-h-9\" src=\"data:image\/svg+xml,%3csvg%20width='48'%20height='48'%20viewBox='0%200%2048%2048'%20fill='none'%20xmlns='http:\/\/www.w3.org\/2000\/svg'%3e%3crect%20width='48'%20height='48'%20rx='24'%20fill='white'%20fill-opacity='0.8'\/%3e%3cmask%20id='mask0_13797_3251'%20style='mask-type:alpha'%20maskUnits='userSpaceOnUse'%20x='12'%20y='12'%20width='24'%20height='24'%3e%3crect%20x='12'%20y='12'%20width='24'%20height='24'%20fill='%23D9D9D9'\/%3e%3c\/mask%3e%3cg%20mask='url(%23mask0_13797_3251)'%3e%3cpath%20d='M15%2033V25H17V29.6L29.6%2017H25V15H33V23H31V18.4L18.4%2031H23V33H15Z'%20fill='%231C1B1F'\/%3e%3c\/g%3e%3c\/svg%3e\"\/><\/p>\n<p>Architektur im Stuttgarter Europaviertel. (Foto: Uwe Jau\u00df)<\/p>\n<p class=\"paragraph tw-mx-auto tw-mb-6\">Gleichzeitig hat sie daf\u00fcr geworben, dem Platz in seiner jetzigen Gestalt noch mal eine Chance zu geben. Es solle abgewartet werden, wie er sich entwickele, wenn das letzte gro\u00dfe Baufeld bebaut sei. Gemeint ist damit eine ausgedehnte Fl\u00e4che, die nordwestlich an den Pariser Platz angrenzt. B\u00fcro-Bauten sind dort vorgesehen. Wann die ersten Bauarbeiter anr\u00fccken, ist aber offen.<\/p>\n<p>Leere Kassen<\/p>\n<p class=\"paragraph tw-mx-auto tw-mb-6\">Immerhin wird von der kommunalen Verwaltung verlautbart, man wolle ein Hitzeschutz-Konzept f\u00fcr den Platz entwickeln. Dann lie\u00dfe sich auch sagen, wie hoch die Kosten seien. Womit ein wunder Punkt ber\u00fchrt ist: der des lieben Geldes. Stuttgart hat n\u00e4mlich keines mehr. Die Stadt ist inzwischen, wie so viele Kommunen, hoch verschuldet und bringt nur noch Sparhaushalte auf den Weg.<\/p>\n<p class=\"paragraph tw-mx-auto tw-mb-6\">Hinzu kommt, dass es mit einer Neugestaltung des Pariser Platzes nicht getan w\u00e4re. Er ragt aus der Hitze-Misere des Europaviertels nur unr\u00fchmlich heraus. Generell gesehen, hat jedoch das ganze Quartier ein Problem. Es f\u00e4ngt mit der Lage an. Die Hangneigung geht Richtung S\u00fcden. Ausgerechnet an dieser Stelle ist aber vor allem mit einer Mischung aus Glas und Beton gebaut worden \u2013 praktisch mit Backofen-Architektur.<\/p>\n<p><img src=\"https:\/\/www.europesays.com\/de\/wp-content\/uploads\/2026\/06\/1c2b07e5-6fb8-4223-952e-5ae78c36bf35.jpg\" alt=\"Beton und Glas dominieren das Europaviertel.\" fetchpriority=\"auto\" loading=\"lazy\" decoding=\"async\"\/><img decoding=\"async\" alt=\"Bild vergr\u00f6\u00dfern\" class=\"sm:tw-w-9 sm:tw-h-9\" src=\"data:image\/svg+xml,%3csvg%20width='48'%20height='48'%20viewBox='0%200%2048%2048'%20fill='none'%20xmlns='http:\/\/www.w3.org\/2000\/svg'%3e%3crect%20width='48'%20height='48'%20rx='24'%20fill='white'%20fill-opacity='0.8'\/%3e%3cmask%20id='mask0_13797_3251'%20style='mask-type:alpha'%20maskUnits='userSpaceOnUse'%20x='12'%20y='12'%20width='24'%20height='24'%3e%3crect%20x='12'%20y='12'%20width='24'%20height='24'%20fill='%23D9D9D9'\/%3e%3c\/mask%3e%3cg%20mask='url(%23mask0_13797_3251)'%3e%3cpath%20d='M15%2033V25H17V29.6L29.6%2017H25V15H33V23H31V18.4L18.4%2031H23V33H15Z'%20fill='%231C1B1F'\/%3e%3c\/g%3e%3c\/svg%3e\"\/><\/p>\n<p>Beton und Glas dominieren das Europaviertel. (Foto: Uwe Jau\u00df)<\/p>\n<p class=\"paragraph tw-mx-auto tw-mb-6\">Deren Hitze-Wirkung wird verst\u00e4rkt, weil nicht nur am Pariser Platz mit Gr\u00fcn gespart wurde, sondern an anderen Ecken des Viertels ebenso. Entgegengesetzte Ideen waren zwar da, wurden jedoch verworfen \u2013 siehe den bereits erw\u00e4hnten Turm am Mail\u00e4nder Platz. Laut Plan h\u00e4tte er eine Fassadenbegr\u00fcnung bekommen sollen. Die Hauswand wird dabei zum Pflanzenrefugium.<\/p>\n<p>Ein Treppenwitz<\/p>\n<p class=\"paragraph tw-mx-auto tw-mb-6\">Stuttgart hat daf\u00fcr schon Beispiele bei der Calwer Passage und dem Neckarpark. Eine solche Begr\u00fcnung gilt als angesagtes Konzept zur Klimaverbesserung in St\u00e4dten. Doch beim Turm am Mail\u00e4nder Platz scheiterte es. Der Grund: Die vorgesehene Begr\u00fcnung der Fassade war aus Gr\u00fcnden des Brandschutzes nicht zul\u00e4ssig.<\/p>\n<p class=\"paragraph tw-mx-auto tw-mb-6\">Wie ein Treppenwitz mutet schlie\u00dflich die Fortsetzung der Geschichte an. Nun sollten am Mail\u00e4nder Platz weitere B\u00e4ume gepflanzt werden. Nicht ber\u00fccksichtigt worden war, dass der Entwurf des verantwortlichen Architekten so etwas nicht vorsah. Wie in der Branche \u00fcblich, hat er ein Urheberrecht auf seinen Bau und dessen Gestaltung. Und dieses sieht mehr B\u00e4ume eben nicht vor. Die kommunale Verwaltung musste die Pflanzaktion absagen.<\/p>\n<p>Es h\u00e4tte noch schlimmer kommen k\u00f6nnen<\/p>\n<p class=\"paragraph tw-mx-auto tw-mb-6\">Damit aber nicht genug. Auf dem Mail\u00e4nder Platz w\u00e4re anderswo Platz f\u00fcr B\u00e4ume gewesen \u2013 wenigstens oberirdisch betrachtet. Unterirdisch verl\u00e4uft dort aber der Tunnel Wagenladungsstra\u00dfe als weitere Erschlie\u00dfungsroute f\u00fcr das Europaviertel. Die \u00dcberdeckung der R\u00f6hre ist gering. Weshalb die Stadt nur attestieren konnte, dass B\u00e4ume an diesem Ort keinesfalls Wurzeln schlagen k\u00f6nnten.<\/p>\n<p class=\"paragraph tw-mx-auto tw-mb-6\">Also bleibt bis auf Weiteres alles, wie es ist \u2013 blo\u00df die Temperaturen bewegen sich. Als man am Schluss des Besuchs am Pariser Platz etwas kaltes Trinkbares sucht, f\u00fchren die Schritte zu einer Burger-Grill-Bar. Hans-im-Gl\u00fcck nennt sich das gem\u00fctlich wirkende Etablissement. Ein Spezi wird gebracht. Die Kellnerin tratscht ein wenig. \u201eGestern war es mit der Hitze noch schlimmer\u201c, meint sie verschwitzt. Kaum zu glauben. Da ist es einem offenbar mit den selbst gemessenen 44 Grad noch glimpflich ausgegangen.<\/p><\/p>\n","protected":false},"excerpt":{"rendered":"Am Pariser Platz in Stuttgart. Diese von Glasfassaden eingepackte Granitplattenbrache liegt unweit der Ewigbaustelle Hauptbahnhof. \u201eBratpfanne\u201c nennen Einheimische&hellip;\n","protected":false},"author":2,"featured_media":1118016,"comment_status":"","ping_status":"","sticky":false,"template":"","format":"standard","meta":{"footnotes":"","_share_on_mastodon":"0"},"categories":[1830],"tags":[2250,1634,68927,236223,236222,3364,29,230548,20591,30,152882,11607,6912,952,32771,1441],"class_list":["post-1118015","post","type-post","status-publish","format-standard","has-post-thumbnail","category-stuttgart","tag-architektur","tag-baden-wuerttemberg","tag-begruenung","tag-betonbrache","tag-bratpfanne","tag-de","tag-deutschland","tag-erwaermung","tag-europaviertel","tag-germany","tag-heisses-wetter","tag-hitze","tag-hotspot","tag-klimawandel","tag-pariser-platz","tag-stuttgart"],"share_on_mastodon":{"url":"https:\/\/pubeurope.com\/@de\/116804658168857791","error":""},"_links":{"self":[{"href":"https:\/\/www.europesays.com\/de\/wp-json\/wp\/v2\/posts\/1118015","targetHints":{"allow":["GET"]}}],"collection":[{"href":"https:\/\/www.europesays.com\/de\/wp-json\/wp\/v2\/posts"}],"about":[{"href":"https:\/\/www.europesays.com\/de\/wp-json\/wp\/v2\/types\/post"}],"author":[{"embeddable":true,"href":"https:\/\/www.europesays.com\/de\/wp-json\/wp\/v2\/users\/2"}],"replies":[{"embeddable":true,"href":"https:\/\/www.europesays.com\/de\/wp-json\/wp\/v2\/comments?post=1118015"}],"version-history":[{"count":0,"href":"https:\/\/www.europesays.com\/de\/wp-json\/wp\/v2\/posts\/1118015\/revisions"}],"wp:featuredmedia":[{"embeddable":true,"href":"https:\/\/www.europesays.com\/de\/wp-json\/wp\/v2\/media\/1118016"}],"wp:attachment":[{"href":"https:\/\/www.europesays.com\/de\/wp-json\/wp\/v2\/media?parent=1118015"}],"wp:term":[{"taxonomy":"category","embeddable":true,"href":"https:\/\/www.europesays.com\/de\/wp-json\/wp\/v2\/categories?post=1118015"},{"taxonomy":"post_tag","embeddable":true,"href":"https:\/\/www.europesays.com\/de\/wp-json\/wp\/v2\/tags?post=1118015"}],"curies":[{"name":"wp","href":"https:\/\/api.w.org\/{rel}","templated":true}]}}