{"id":1118033,"date":"2026-06-24T10:47:38","date_gmt":"2026-06-24T10:47:38","guid":{"rendered":"https:\/\/www.europesays.com\/de\/1118033\/"},"modified":"2026-06-24T10:47:38","modified_gmt":"2026-06-24T10:47:38","slug":"superhitze-in-berlin-30-grad-hier-fuehlen-sich-wie-45-grad-in-pakistan-an","status":"publish","type":"post","link":"https:\/\/www.europesays.com\/de\/1118033\/","title":{"rendered":"Superhitze in Berlin: \u201e30 Grad hier f\u00fchlen sich wie 45 Grad in Pakistan an\u201c"},"content":{"rendered":"<p class=\"tspBXm2 tspBXm3\">Nach einem angenehmen Wochenstart klettern die Temperaturen in Berlin und Brandenburg laut Meteorologen am Mittwoch auf bis zu 34 Grad. In Brandenburg steigt die Waldbrandgefahr, in der Hauptstadt sind vulnerable Gruppen wie Senioren oder kleine Kinder besonders gef\u00e4hrdet.<\/p>\n<p><a href=\"https:\/\/www.tagesspiegel.de\/politik\/energie-klima\/?icid=single-topic_15747096___\" data-gtm-class=\"article-mzt-link\" class=\"tspC0qm\" rel=\"nofollow noopener\" target=\"_blank\">Mehr zum Thema Klima und Energie Hier zu lesen, von kiezig bis global, \u00fcber Krise und Anpassung <\/a><\/p>\n<p class=\"tspBXm2\">Der Deutsche Wetterdienst (DWD) rechnet in dieser Woche t\u00e4glich mit neuen Spitzenwerten. Den H\u00f6hepunkt der Hitzewelle erwarten die Meteorologen am Wochenende mit bis zu 40 Grad in der Region. Zum Vergleich: Der bisherige Hitzerekord f\u00fcr Berlin wurde 2019 in Tegel mit 38,6 Grad gemessen.<\/p>\n<p> Die wichtigsten Entwicklungen im \u00dcberblick: <\/p>\n<ul data-qa-hook=\"story-list-ul\" class=\"tspCKpb\">\n<li class=\"tspCKgr tspCKgr\">Nicht nur die kommenden Tage werden besonders hei\u00df, auch in den N\u00e4chten k\u00f6nnte es einen neuen Temperaturrekord geben.<\/li>\n<li class=\"tspCKgr tspCKgr\">Die technischen Probleme im Columbiabad und im Prinzenbad sind behoben, beide sind am Mittwoch wieder ge\u00f6ffnet.<\/li>\n<li class=\"tspCKgr tspCKgr\">Die Blutreserven in der Hauptstadtregion werden knapp, weil bei Hitze weniger Menschen spenden.<\/li>\n<li class=\"tspCKgr tspCKgr\">F\u00fcr Senioren sind die hohen Temperaturen besonders gef\u00e4hrlich. Ein Hilfetelefon bietet Tipps und Unterst\u00fctzung an.<\/li>\n<\/ul>\n<p>Superhitze in Berlin:<a href=\"https:\/\/www.tagesspiegel.de\/berlin\/trotz-hitze-bleibt-die-wasserversorgung-stabil-die-botschaft-ist-angekommen--berliner-sparsamer-mit-wasser-15746331.html?icid=topic-list_15747096___\" data-gtm-class=\"article-mzt-link\" data-hydrate-fingerprint=\"09740a54944caac75fd2c0c63fd5c5df\" data-hydrate-props=\"{&amp;escapedquot;element&amp;escapedquot;:{&amp;escapedquot;type&amp;escapedquot;:&amp;escapedquot;relatedContent&amp;escapedquot;,&amp;escapedquot;fieldMap&amp;escapedquot;:{},&amp;escapedquot;relation&amp;escapedquot;:{&amp;escapedquot;fields&amp;escapedquot;:{&amp;escapedquot;isPaid&amp;escapedquot;:null},&amp;escapedquot;href&amp;escapedquot;:&amp;escapedquot;\/berlin\/trotz-hitze-bleibt-die-wasserversorgung-stabil-die-botschaft-ist-angekommen--berliner-sparsamer-mit-wasser-15746331.html&amp;escapedquot;,&amp;escapedquot;teaserTitle&amp;escapedquot;:{&amp;escapedquot;kicker&amp;escapedquot;:&amp;escapedquot;Trotz Hitze bleibt die Wasserversorgung stabil&amp;escapedquot;,&amp;escapedquot;headline&amp;escapedquot;:&amp;escapedquot;\u201eDie Botschaft ist angekommen\u201c \u2013 Berliner sparsamer mit Wasser&amp;escapedquot;},&amp;escapedquot;id&amp;escapedquot;:&amp;escapedquot;15746331&amp;escapedquot;,&amp;escapedquot;type&amp;escapedquot;:&amp;escapedquot;story&amp;escapedquot;},&amp;escapedquot;isPartOfList&amp;escapedquot;:true,&amp;escapedquot;topicListType&amp;escapedquot;:&amp;escapedquot;topic-list&amp;escapedquot;},&amp;escapedquot;showArrow&amp;escapedquot;:true}\" data-hydrate-slots=\"{&#039;default&#039;:[]}\" class=\"tspC0qm tspC1qt\" rel=\"nofollow noopener\" target=\"_blank\">Trotz Hitze bleibt die Wasserversorgung stabil \u201eDie Botschaft ist angekommen\u201c \u2013 Berliner sparsamer mit Wasser <\/a><a href=\"https:\/\/www.tagesspiegel.de\/berlin\/wo-berlin-durchatmet-hier-bleibts-angenehm-wenn-die-stadt-schwitzt-15732822.html?icid=topic-list_15747096___\" data-gtm-class=\"article-mzt-link\" data-hydrate-fingerprint=\"09740a54944caac75fd2c0c63fd5c5df\" data-hydrate-props=\"{&amp;escapedquot;element&amp;escapedquot;:{&amp;escapedquot;type&amp;escapedquot;:&amp;escapedquot;relatedContent&amp;escapedquot;,&amp;escapedquot;fieldMap&amp;escapedquot;:{},&amp;escapedquot;relation&amp;escapedquot;:{&amp;escapedquot;fields&amp;escapedquot;:{&amp;escapedquot;isPaid&amp;escapedquot;:true},&amp;escapedquot;href&amp;escapedquot;:&amp;escapedquot;\/berlin\/wo-berlin-durchatmet-hier-bleibts-angenehm-wenn-die-stadt-schwitzt-15732822.html&amp;escapedquot;,&amp;escapedquot;teaserTitle&amp;escapedquot;:{&amp;escapedquot;kicker&amp;escapedquot;:&amp;escapedquot;Wo es pl\u00f6tzlich sp\u00fcrbar k\u00fchler wird&amp;escapedquot;,&amp;escapedquot;headline&amp;escapedquot;:&amp;escapedquot;Sechs Frischeinseln f\u00fcr hei\u00dfe Tage in Berlin&amp;escapedquot;},&amp;escapedquot;id&amp;escapedquot;:&amp;escapedquot;15732822&amp;escapedquot;,&amp;escapedquot;type&amp;escapedquot;:&amp;escapedquot;story&amp;escapedquot;},&amp;escapedquot;isPartOfList&amp;escapedquot;:true,&amp;escapedquot;topicListType&amp;escapedquot;:&amp;escapedquot;topic-list&amp;escapedquot;},&amp;escapedquot;showArrow&amp;escapedquot;:true}\" data-hydrate-slots=\"{&#039;default&#039;:[]}\" class=\"tspC0qm tspC1qt\" rel=\"nofollow noopener\" target=\"_blank\">Wo es pl\u00f6tzlich sp\u00fcrbar k\u00fchler wird Sechs Frischeinseln f\u00fcr hei\u00dfe Tage in Berlin <\/a><a href=\"https:\/\/www.tagesspiegel.de\/berlin\/bezirke\/spandau\/obdachlose-in-der-berliner-hitze-helfen-mit-sonnencreme-und-wasser-im-gepack-15732437.html?icid=topic-list_15747096___\" data-gtm-class=\"article-mzt-link\" data-hydrate-fingerprint=\"09740a54944caac75fd2c0c63fd5c5df\" data-hydrate-props=\"{&amp;escapedquot;element&amp;escapedquot;:{&amp;escapedquot;type&amp;escapedquot;:&amp;escapedquot;relatedContent&amp;escapedquot;,&amp;escapedquot;fieldMap&amp;escapedquot;:{},&amp;escapedquot;relation&amp;escapedquot;:{&amp;escapedquot;fields&amp;escapedquot;:{&amp;escapedquot;isPaid&amp;escapedquot;:true},&amp;escapedquot;href&amp;escapedquot;:&amp;escapedquot;\/berlin\/bezirke\/spandau\/obdachlose-in-der-berliner-hitze-helfen-mit-sonnencreme-und-wasser-im-gepack-15732437.html&amp;escapedquot;,&amp;escapedquot;teaserTitle&amp;escapedquot;:{&amp;escapedquot;kicker&amp;escapedquot;:&amp;escapedquot;Obdachlosen in der Berliner Hitze helfen&amp;escapedquot;,&amp;escapedquot;headline&amp;escapedquot;:&amp;escapedquot;Sonnencreme und Wasser sind immer im Gep\u00e4ck&amp;escapedquot;},&amp;escapedquot;id&amp;escapedquot;:&amp;escapedquot;15732437&amp;escapedquot;,&amp;escapedquot;type&amp;escapedquot;:&amp;escapedquot;story&amp;escapedquot;},&amp;escapedquot;isPartOfList&amp;escapedquot;:true,&amp;escapedquot;topicListType&amp;escapedquot;:&amp;escapedquot;topic-list&amp;escapedquot;},&amp;escapedquot;showArrow&amp;escapedquot;:true}\" data-hydrate-slots=\"{&#039;default&#039;:[]}\" class=\"tspC0qm tspC1qt\" rel=\"nofollow noopener\" target=\"_blank\">Obdachlosen in der Berliner Hitze helfen Sonnencreme und Wasser sind immer im Gep\u00e4ck <\/a><\/p>\n<p class=\"tspBXm2\">Alle Entwicklungen lesen Sie im Newsblog.<\/p>\n<p> 12.34 Uhr: Polizeigewerkschaft warnt vor \u201e\u00fcberfiebernden\u201c Beamten <\/p>\n<p class=\"tspBXm2\">Die Gewerkschaft der Polizei (GdP) in Berlin fordert einen besseren Hitzeschutz f\u00fcr die Einsatzkr\u00e4fte in der Hauptstadt. \u201eDie Temperaturen belasten unsere Kolleginnen und Kollegen bei Polizei und Feuerwehr immens\u201c, teilte GdP-Landeschef Stephan Weh am Mittwoch mit. \u201eJeder wei\u00df, dass uns der Klimawandel immer st\u00e4rker trifft, aber wir sehen in unseren Bereichen keine Ideen, wie wir darauf strukturell reagieren. Wir reden \u00fcber Berufsgruppen, die ihre Arbeit mitunter in der prallen Sonne leisten m\u00fcssen und die sich nicht mal eben in der Pause in Badeshorts ins Freibad begeben k\u00f6nnen.\u201c<\/p>\n<p class=\"tspBXm2\">Der Hitzeschutz auf den Dienststellen sei katastrophal, sagte Weh. Es fehle an Klimaanlagen und Ventilatoren in den Geb\u00e4uden, die Dienstwagen h\u00e4tten entweder gar keine Klimaanlage oder nur eine, die nicht wirklich funktioniere. \u201eGleichzeitig gelten bei der Polizei und Feuerwehr klare Kleidungsvorschriften, die zunehmend eine Belastung darstellen.\u201c<\/p>\n<p class=\"tspBXm2\">Weh forderte \u201eKlimaanlagen, Ventilatoren, hygienisch unbedenkliche Trinkwasserspender und Cooling-Down-R\u00e4ume\u201c in allen Dienststellen, weil die Beamten bei Eins\u00e4tzen sonst \u201e\u00fcberfiebern\u201c w\u00fcrden. \u201eZudem brauchen wir mit Blick auf die Hitze schnellstm\u00f6glich eine Reduzierung auf die gesetzlichen Kernaufgaben von Polizei und Feuerwehr und einen Verzicht politischer W\u00fcnsche.\u201c<\/p>\n<p> 12.25 Uhr: Sozialarbeiter versorgen Bed\u00fcrftige mit Getr\u00e4nken <\/p>\n<p class=\"tspBXm2\">Noch sitzt Reimer Bless in seinem Rollstuhl im Schatten vor der Decathlon-Filiale am Alexanderplatz. Um 14 Uhr wird an dieser Stelle auch die Sonne sein, das wei\u00df er genau. Bleiben wird er trotzdem: \u201eIm Park bekomme ich kein Geld. Hier kommen die Leute aus dem Decathlon raus\u201c, sagt der 70-J\u00e4hrige.<\/p>\n<p class=\"tspBXm2\">Abk\u00fchlung findet er ab und zu durch kalte Getr\u00e4nke. Apfelschorle und Cola kauft er sich im Netto. Getr\u00e4nke bringt hin und wieder auch die \u201eStra\u00dfensozialarbeit\u201c vorbei, sagt er. Ob K\u00e4lte oder Hitze schlimmer ist? \u201eDas bleibt sich gleich. Wenn es sehr kalt ist, ist das f\u00fcr mich auch schlecht. Dann habe ich Schmerzen.\u201c<\/p>\n<p> 11.55 Uhr: \u201eDie Leute haben Angst vorm Wochenende\u201c <\/p>\n<p class=\"tspBXm2\">Nach zehn Jahren treffen sich Simone B. und Alex Ihde heute zum ersten Mal wieder. Die beiden kennen sich \u201evon fr\u00fcher\u201c. Sie k\u00fchlen ihre F\u00fc\u00dfe in den Wasserkaskaden am Fernsehturm und trinken dabei Eiskaffee und essen Erdbeereis. Ihre Meinungen \u00fcber die hohen Temperaturen gehen auseinander. Simone B. bezeichnet sich als \u201erichtigen Warm-Menschen\u201c: \u201eAb 25 Grad f\u00fchle ich mich wohl.\u201c Ihde mag die Hitze gar nicht: \u201eIch versuche, es auszublenden. Die Leute haben Angst vorm Wochenende\u201c, sagt sie.<\/p>\n<p><img decoding=\"async\" src=\"https:\/\/www.europesays.com\/de\/wp-content\/uploads\/2026\/06\/img-7736.jpeg\"   alt=\"\" aria-labelledby=\"caption-15750461\" width=\"440\" height=\"330\" loading=\"lazy\" class=\"tspA0i9\"\/> Eine liebt Hitze, die andere nicht: Simone B. und Alex Ihde haben unterschiedliche Meinungen zum Hochsommerwetter. <\/p>\n<p class=\"tspAAgb\"> \u00a9 Marie Nadler <\/p>\n<p> 11.39 Uhr: Berlin schwitzt \u2013 und der Senat gibt Infos zum Heizen <\/p>\n<p class=\"tspBXm2\">W\u00e4hrend die ganze Stadt \u00fcber die Hitzewelle redet, ver\u00f6ffentlicht die Umweltverwaltung des Senats die Einladung zu einer Info-Veranstaltung unter dem Titel: \u201eWie heizen wir zuk\u00fcnftig unsere Stadt?\u201c. Bei dem Termin am kommenden Montag (17 Uhr, Kindl-Zentrum, Am Sudhaus 3 in Neuk\u00f6lln, Anmeldung online) k\u00f6nnen sich B\u00fcrger \u2013 insbesondere Eigent\u00fcmer von Immobilien und Fachleute aus beteiligten Branchen \u2013 \u00fcber die kommunale W\u00e4rmeplanung informieren. Vielleicht nicht der ideale Zeitpunkt bei weit \u00fcber 30 Grad, aber der n\u00e4chste Winter kommt bestimmt.<\/p>\n<p> 11.35 Uhr: Wenn es selbst zum Bootfahren zu hei\u00df ist <\/p>\n<p class=\"tspBXm2\">An der Anlegestelle f\u00fcr die Ausflugsschiffe auf der Museumsinsel ist es am Vormittag vergleichsweise ruhig. In seinem Verkaufsh\u00e4uschen sitzt Mitarbeiter Rudi Schlehahn. Voll ausgebucht seien die Fahrten heute nicht, sagt er. \u201eHeute ist ein ganz gew\u00f6hnlicher Tag.\u201c Im Schatten wartet nur eine gr\u00f6\u00dfere Schulklasse auf die n\u00e4chste Abfahrt.<\/p>\n<p><img decoding=\"async\" src=\"https:\/\/www.europesays.com\/de\/wp-content\/uploads\/2026\/06\/img-6460.jpeg\"   alt=\"\" aria-labelledby=\"caption-15750159\" width=\"440\" height=\"330\" loading=\"lazy\" class=\"tspA0i9\"\/> Rudi Schlehahn rechnet am Wochenende mit weniger Fahrg\u00e4sten auf den Ausflugsdampfern. <\/p>\n<p class=\"tspAAgb\"> \u00a9 Mia Veigel  <\/p>\n<p class=\"tspBXm2\">Sehr hei\u00dfe Tage seien f\u00fcr das Gesch\u00e4ft sogar eher nachteilig, sagt Schlehahn. Viele G\u00e4ste scheuten sich davor, eine Stunde lang in der prallen Sonne auf einem Schiff zu verbringen. Fr\u00fcher habe es auf dem Schiff Sonnenschirme gegeben, erz\u00e4hlt er. Nachdem jedoch nach jeder Saison ein gro\u00dfer Teil davon verschwunden sei, habe man darauf verzichtet. Die meisten Fahrg\u00e4ste br\u00e4chten auch selbst keinen Sonnenschutz mit.<\/p>\n<p class=\"tspBXm2\">F\u00fcr das Wochenende mit erwarteten Temperaturen von bis zu 40 Grad rechnet er deshalb eher mit weniger als mit mehr G\u00e4sten. Die Hitze sp\u00fcrt er auch in seiner kleinen Verkaufsbude. Dass es dort auszuhalten sei, liege vor allem an einem Luftk\u00fchler.<\/p>\n<p> 11.10 Uhr: Entspanntes Sommertreiben in Mitte <img decoding=\"async\" src=\"https:\/\/www.europesays.com\/de\/wp-content\/uploads\/2026\/06\/img-6440.jpeg\"   alt=\"\" aria-labelledby=\"caption-15749961\" width=\"440\" height=\"330\" loading=\"lazy\" class=\"tspA0i9\"\/> Erfrischung unterm Rasensprenger. <\/p>\n<p class=\"tspAAgb\"> \u00a9 Mia Veigel <\/p>\n<p class=\"tspBXm2\">In Mitte locken die steigenden Temperaturen viele Menschen nach drau\u00dfen. Rund um das Oranienburger Tor werben Caf\u00e9s mit kalten Getr\u00e4nken wie Matcha und Eiskaffee um Kundschaft. Im Monbijoupark suchen Freundesgruppen die schattigen Pl\u00e4tze unter den B\u00e4umen, w\u00e4hrend Hundebesitzer mit ihren Vierbeinern \u00fcber die Wiesen ziehen. Rasensprenger halten das Gr\u00fcn feucht und sorgen f\u00fcr Abk\u00fchlung: Immer wieder laufen Kinder durch die Wasserstrahlen und erfrischen sich. Daneben wird Frisbee gespielt, andere genie\u00dfen die Sonne oder machen es sich auf den Wiesen bequem. Die Stimmung wirkt entspannt und sommerlich.<\/p>\n<p> 11.02 Uhr: Fahrrad-Pride in Potsdam abgesagt <\/p>\n<p class=\"tspBXm2\">Der diesj\u00e4hrige Fahrrad-Pride in Potsdam, der am Samstag stattfinden sollte, wird aufgrund der Hitze abgesagt. Das teilte das Organisationsteam am Mittwoch mit.<\/p>\n<p class=\"tspBXm2\">Schweren Herzens habe man sich f\u00fcr die Absage entschieden\u00a0\u2013 doch die Sicherheit der Teilnehmenden und Veranstaltenden gehe vor. \u201eAufgeschoben ist aber nicht aufgehoben. Nach aktuellem Stand wird es im Herbst einen Nachholtermin f\u00fcr den Fahrrad-Pride und die Fu\u00dfdemo geben\u201c, teilte Julia Sergon vom Verein Regenbogen Potsdam mit. Das geplante After-Pride-Festival im studentischen Kulturzentum KuZe mit Drag-Show, Konzerten und DJ-Sets finde jedoch wie geplant ab 18 Uhr statt.<\/p>\n<p class=\"tspBXm2\">Eigentlich sollte am Samstagnachmittag bereits zum siebten Mal in der Potsdamer Innenstadt ein sichtbares Zeichen f\u00fcr Vielfalt, Akzeptanz und gleiche Rechte f\u00fcr queere Menschen gesetzt werden. Auch die Queerbeauftragte der Bundesregierung, Sophie Koch, hatte sich angek\u00fcndigt.<\/p>\n<p class=\"tspBXm2\">Entstanden war die Idee einer Fahrrad-Demonstration 2020 w\u00e4hrend der Corona-Zeit \u2013 als pandemiekonforme Alternative zu traditionellen Pride-Veranstaltungen, nachdem viele CSDs abgesagt werden mussten. In den vergangenen Jahren demonstrierten Jahr f\u00fcr Jahr Hunderte mit Fahrr\u00e4dern, E-Bikes, Lastenr\u00e4dern, Rikschas, Inlinern \u2013 oder zu Fu\u00df.<\/p>\n<p class=\"tspBXm2\">Abgesagt ist auch das Fest des Regenbogencaf\u00e9s in Falkensee, das am Samstag von 16 bis 19 Uhr stattfinden sollte. \u201eEs ist zu hei\u00df am Wochenende! Wir verschieben in den September\u201c, hei\u00dft es auf Facebook. Unter anderem sollte bei dem Fest im Rahmen der Pride-Week der fr\u00fchere Berliner Kultursenator Klaus Lederer (parteilos) sprechen.<\/p>\n<p> 10.50 Uhr: \u201e30 Grad hier f\u00fchlen sich wie 45 Grad in Pakistan an\u201c <\/p>\n<p class=\"tspBXm2\">Auf dem Mariendorfer Damm in Tempelhof-Sch\u00f6neberg nutzen Menschen den Vormittag, um ihre Eink\u00e4ufe zu erledigen. Kristina H\u00fcbner verkauft mittwochs auf dem Markt K\u00e4se und W\u00fcrste. Der goldene Schriftzug \u201eK\u00e4se Tina\u201c glitzert in der Sonne. Ihr Stand steht in der prallen Sonne mitten auf dem Platz ohne B\u00e4ume. Sie rechne heute insgesamt mit weniger Kundschaft. Viele waren heute schon fr\u00fch da.<\/p>\n<p><img decoding=\"async\" src=\"https:\/\/www.europesays.com\/de\/wp-content\/uploads\/2026\/06\/img-7724.jpeg\"   alt=\"\" aria-labelledby=\"caption-15749856\" width=\"440\" height=\"330\" loading=\"lazy\" class=\"tspA0i9\"\/> Trotz Hochsommertemperaturen hat Kristina H\u00fcbner auch an diesem Mittwoch wieder ihren Stand aufgebaut. <\/p>\n<p class=\"tspAAgb\"> \u00a9 Marie Nadler <\/p>\n<p class=\"tspBXm2\">Wie sie selbst mit der Hitze klarkommt? Viel Wasser trinken, m\u00f6glichst wenig bewegen und versuchen, nicht viel dar\u00fcber nachzudenken. \u201eWir m\u00fcssen uns an die Temperaturen gew\u00f6hnen, das wird ja in Zukunft nicht weniger\u201c, sagt die 58-J\u00e4hrige.<\/p>\n<p><img decoding=\"async\" src=\"https:\/\/www.europesays.com\/de\/wp-content\/uploads\/2026\/06\/img-7722.jpeg\"   alt=\"\" aria-labelledby=\"caption-15749894\" width=\"440\" height=\"330\" loading=\"lazy\" class=\"tspA0i9\"\/> Kristina H\u00fcbner und ihr Standnachbar Iqbal Munawar auf dem Wochenmarkt am Mariendorfer Damm. <\/p>\n<p class=\"tspAAgb\"> \u00a9 Marie Nadler <\/p>\n<p class=\"tspBXm2\">Iqbal Munawar ist f\u00fcr einen Plausch zu H\u00fcbner gekommen. Er verkauft Kleidung auf dem Wochenmarkt, und das schon seit 20 Jahren. In seiner anderen Heimat Pakistan ist er andere Temperaturen gewohnt, sagt er. Dort werden es im Sommer 45 bis 50 Grad. Doch auch ihm setzt die Hitze in Deutschland zu. \u201eHier f\u00fchlt sich die Hitze anders an. 30 Grad hier f\u00fchlen sich wie 45 Grad in Pakistan an. Hier ist man klebriger.\u201c Auch er trinkt viel Wasser und versucht, nicht so viel \u00fcber die Temperaturen nachzudenken.<\/p>\n<p> 10.27 Uhr: Darf es noch ein bisschen hei\u00dfer sein? <\/p>\n<p class=\"tspBXm2\">Am Samstag ist Mittsommerfest in den Nordischen Botschaften. Wem es noch nicht hei\u00df genug ist: Man kann auch saunieren. Weitere Infos finden Sie <a href=\"https:\/\/www.nordischebotschaften.org\/veranstaltungen\/seriously-midsummer-festival-des-gluecks\/\" target=\"_blank\" rel=\"noopener nofollow\" class=\"link link--external\" data-gtm-class=\"article-text-link\" data-gtm-val=\"external\" aria-describedby=\"message-target-blank\">hier<\/a>.<\/p>\n<p> 10.25 Uhr: Auch die kommenden N\u00e4chte werden besonders warm <\/p>\n<p class=\"tspBXm2\">Auch die kommenden N\u00e4chte k\u00f6nnten so warm werden wie nie zuvor in Berlin. \u201eIn den langj\u00e4hrig vergleichbaren Reihen, in denen die Station Berlin-Alexanderplatz noch bis zum Juli 2011 enthalten ist, rangiert diese Station ganz vorn mit 24,6 Grad Celsius jeweils am 10. August 1992 sowie am 21. Juli 2006\u201c, sagt der Meteorologe Andreas Blei vom Dienst \u201eWettermanufaktur\u201c: Am Alex werde noch immer gemessen, allerdings nicht mehr nach den weltweiten Standards, sondern \u201eals sogenannte Stadtklimastation\u201c.<\/p>\n<p class=\"tspBXm2\">Von den amtlichen, den internationalen Normen entsprechenden Stationen stammten die h\u00f6chsten n\u00e4chtlichen Tiefsttemperaturen aus dem Jahr 2018: In der Nacht zum 1. August sei das Thermometer in Tempelhof und in Tegel\u00a0 jeweils nur auf 24,4 Grad gesunken.<\/p>\n<p class=\"tspBXm2\">F\u00fcr die N\u00e4chte zum kommenden Sonntag und Montag prognostizieren die Wettermodelle Tiefstwerte zwischen 25 und 23 Grad. Bleibt es w\u00e4rmer als 20 Grad, sprechen Meteorologen von einer \u201eTropennacht\u201c. Derart hohe Werte gelten als kritisch, weil vor allem in dicht bebauten Stadtteilen die Wohnungen dann kaum noch abk\u00fchlen k\u00f6nnen. Statistisch erlebt Berlin nur 1,3 solcher N\u00e4chte im ganzen Jahr.<\/p>\n<p> 10.17 Uhr: Auf dem Leopoldplatz ist es noch aushaltbar <img decoding=\"async\" src=\"https:\/\/www.europesays.com\/de\/wp-content\/uploads\/2026\/06\/img-6431.jpeg\"   alt=\"\" aria-labelledby=\"caption-15749772\" width=\"440\" height=\"330\" loading=\"lazy\" class=\"tspA0i9\"\/> Sonnen auf dem \u201eLeo\u201c. <\/p>\n<p class=\"tspAAgb\"> \u00a9 Mia Veigel <\/p>\n<p class=\"tspBXm2\">Am Leopoldplatz nutzt ein Teil der Menschen die noch vergleichsweise angenehmen Morgenstunden f\u00fcr einen Kaffee im Freien. Vor Caf\u00e9s sitzen die G\u00e4ste \u00fcberwiegend im Schatten, w\u00e4hrend Gem\u00fcse- und Obsth\u00e4ndler ihre St\u00e4nde f\u00fcr den Tag vorbereiten. Gro\u00dfe Wassermelonen werden in Folie eingepackt, an einem Stand wird bereits Eiskaffee verkauft.<\/p>\n<p><img decoding=\"async\" src=\"https:\/\/www.europesays.com\/de\/wp-content\/uploads\/2026\/06\/img-6428.jpeg\"   alt=\"\" aria-labelledby=\"caption-15749773\" width=\"440\" height=\"330\" loading=\"lazy\" class=\"tspA0i9\"\/> Obsth\u00e4ndler verkaufen auf dem Leopoldplatz Melonen. <\/p>\n<p class=\"tspAAgb\"> \u00a9 Mia Veigel <\/p>\n<p> 10.08 Uhr: Berliner Hitzerekord k\u00f6nnte am Wochenende fallen <\/p>\n<p class=\"tspBXm2\">Die angek\u00fcndigte Hitzewelle d\u00fcrfte Berlin die h\u00f6chste je gemessene Temperatur seit Beginn der Wetteraufzeichnungen vor etwa 120 Jahren bringen. Der bisherige Rekord liegt nach Auskunft des Dienstes \u201eWettermanufaktur\u201c bei 38,6 Grad, gemessen am 30. Juni 2019 in Tegel. In Tempelhof wurden an demselben Tag 38,5 Grad gemessen.<\/p>\n<p class=\"tspBXm2\">Zwar wurden an anderen Stationen an manchen Tagen teils noch ein paar Zehntelgrad mehr gemessen, aber diese Messungen entsprachen nicht immer den internationalen Standards oder stammen von Stationen, die nicht mehr existieren. Gemessen wird die Temperatur in zwei Meter H\u00f6he an einem schattigen Ort, der nicht von Sondereffekten wie versiegeltem Boden oder Geb\u00e4uden beeinflusst sein soll.<\/p>\n<p> 9.52 Uhr: Ladenbetreiber bleibt gelassen \u2013 \u201eIn der T\u00fcrkei wird es noch deutlich hei\u00dfer\u201c <img decoding=\"async\" src=\"https:\/\/www.europesays.com\/de\/wp-content\/uploads\/2026\/06\/img-6422.jpeg\"   alt=\"Aydin betreibt einen Intershop an der Berliner M\u00fcllerstra\u00dfe. \" aria-labelledby=\"caption-15749567\" width=\"440\" height=\"330\" loading=\"lazy\" class=\"tspA0i9\"\/> Ladenbetreiber Aydin ist aus seiner Heimat deutlich h\u00f6here Temperaturen gewohnt. <\/p>\n<p class=\"tspAAgb\"> \u00a9 Mia Veigel <\/p>\n<p class=\"tspBXm2\">Die Hitze kennt Aydin aus seiner Heimat T\u00fcrkei. Dort arbeitete er fr\u00fcher als Lkw-Fahrer, heute betreibt er seit acht Jahren einen Laden in der M\u00fcllerstra\u00dfe in Wedding. Seit 30 Jahren lebt er in Deutschland. Ein kleiner Ventilator sorgt hinter der Theke f\u00fcr etwas Abk\u00fchlung. Die Temperaturen seien f\u00fcr ihn kein gro\u00dfes Problem, sagt er. In der T\u00fcrkei werde es oft noch deutlich hei\u00dfer. Nur beim Ventilator ist er kritisch: \u201eEigentlich ist er zu klein.\u201c<\/p>\n<p> 9.44 Uhr: Weddinger nutzen Morgenstunden zum Gie\u00dfen und G\u00e4rtnern <\/p>\n<p class=\"tspBXm2\">In der Londoner Stra\u00dfe in Wedding ist die Hitze schon am Morgen sp\u00fcrbar. Zwar zeigt das Thermometer gegen 9 Uhr erst 24 Grad, doch die Luft wirkt bereits warm und schwer. In den Vorg\u00e4rten laufen Sprinkleranlagen, in den Schreberg\u00e4rten sind die ersten Besitzerinnen und Besitzer schon bei der Arbeit. Viele nutzen die noch vergleichsweise k\u00fchlen Morgenstunden zum Gie\u00dfen und G\u00e4rtnern, bevor die Temperaturen im Laufe des Tages weiter steigen.<\/p>\n<p><img decoding=\"async\" src=\"https:\/\/www.europesays.com\/de\/wp-content\/uploads\/2026\/06\/img-6418.jpeg\"   alt=\"Gie\u00dfen in Wedding. \" width=\"440\" height=\"330\" loading=\"lazy\" class=\"tspA0i9\"\/><\/p>\n<p class=\"tspAAgb\"> \u00a9 Mia Veigel <\/p>\n<p> 9.15 Uhr: Florida Eis profitiert von der Hitze <\/p>\n<p class=\"tspBXm2\">W\u00e4hrend Berlin schwitzt, ist das Sommerwetter f\u00fcr Florida Eis in Spandau ein Genuss. Sein Team habe gerade richtig viel zu tun, erz\u00e4hlt Firmenchef Olaf H\u00f6hn. Welche Sorten gerade im Trend sind und wie der Tagesspiegel-Geschmackstest ausf\u00e4llt, lesen Sie im Checkpoint:<\/p>\n<p><a href=\"https:\/\/www.tagesspiegel.de\/checkpoint\/der-checkpoint-am-morgen-sozialstaat-kann-weg-mysteriose-wahlplakate-in-berlin-15749104.html?icid=single-topic_15747096___\" data-gtm-class=\"article-mzt-link\" class=\"tspC0qm\" rel=\"nofollow noopener\" target=\"_blank\">Der Checkpoint am Morgen \u201eSozialstaat? Kann weg\u201c\u2013 mysteri\u00f6se Wahlplakate in Berlin <\/a> 8.35 Uhr: Auch bei Hitze f\u00e4llt der Unterricht an Berlins Schulen nicht einfach aus <\/p>\n<p class=\"tspBXm2\">Auch bei Temperaturen deutlich jenseits der 30-Grad-Marke gibt es an den Berliner Schulen nicht automatisch hitzefrei. \u201eGrunds\u00e4tzlich besteht Schulpflicht. Unterrichtsausfall soll die Ausnahme bleiben\u201c, teilte die Senatsverwaltung f\u00fcr Bildung auf dpa-Anfrage mit. \u201eBerliner Schulen k\u00f6nnen jedoch flexibel auf extreme Wetterlagen reagieren und den Unterricht an die jeweiligen Bedingungen vor Ort anpassen.\u201c<\/p>\n<p class=\"tspBXm2\">Zum Beispiel k\u00f6nnten die Unterrichtsstunden verk\u00fcrzt werden. Wenn angesichts der Hitze eine angemessene Durchf\u00fchrung des Unterrichts im Einzelfall nicht m\u00f6glich ist, k\u00f6nne die Schulleitung auch einen Unterrichtsausfall anordnen. Was dann gilt und welche Rechte berufst\u00e4tige Eltern haben, lesen Sie <a href=\"https:\/\/www.tagesspiegel.de\/berlin\/bis-zu-35-grad-am-freitag-in-berlin-konnte-es-an-schulen-hitzefrei-geben--und-fur-eltern-ein-problem-15726839.html?icid=in-text-link_15747096\" class=\"link link--internal\" data-gtm-class=\"article-text-link\" data-gtm-val=\"internal\" rel=\"nofollow noopener\" target=\"_blank\">hier<\/a>. (dpa)<\/p>\n<p> 8.15 Uhr: Mini-WM f\u00fcr Kinder in Hellersdorf abgesagt <\/p>\n<p class=\"tspBXm2\">Wegen der extremen Hitze am Wochenende f\u00e4llt die Hellersdorfer Mini-WM f\u00fcr Kinder am Samstag aus. Angesichts der hohen Temperaturen sehe man keine verantwortbare M\u00f6glichkeit, das Turnier wie geplant durchzuf\u00fchren, teilte die landeseigene Wohnungsbaugesellschaft Stadt und Land mit. Diese Entscheidung h\u00e4tten der gastgebende Verein Eintracht Mahlsdorf und die Partner der Mini-WM, die Stadt und Land sowie die Wohnungsbaugenossenschaft Wuhletal, gemeinsam getroffen.<\/p>\n<p><img decoding=\"async\" src=\"https:\/\/www.europesays.com\/de\/wp-content\/uploads\/2026\/06\/1782298047_383_fu-ballplatz.jpeg\"   alt=\"ARCHIV - 25.02.2021, Bayern, M\u00fcnchen: Ein Fu\u00dfball liegt auf einem Fu\u00dfballplatz. (zu dpa: \u00abEltern streiten bei Fu\u00dfballspiel - Abbruch\u00bb) Foto: Tobias Hase\/dpa +++ dpa-Bildfunk +++\" aria-labelledby=\"caption-15749323\" width=\"440\" height=\"330\" loading=\"lazy\" class=\"tspA0i9\"\/> Die Hellersdorfer Mini-WM kann wegen der Hitze nicht stattfinden. (Symbolbild) <\/p>\n<p class=\"tspAAgb\"> \u00a9 dpa\/Tobias Hase <\/p>\n<p class=\"tspBXm2\">Bei dem Turnier sollten am Samstag 48 Teams aus Berlin und Brandenburg gem\u00e4\u00df dem Spielplan der Fu\u00dfball-WM in den USA, Kanada und Mexiko stellvertretend f\u00fcr die \u201egro\u00dfen\u201c Nationalmannschaften antreten. Auch ein Verein aus K\u00f6ln wollte daf\u00fcr anreisen.<\/p>\n<p class=\"tspBXm2\">\u201eDie Entscheidung ist uns allen nicht leichtgefallen. Die Vorfreude bei den Kindern, ihren Familien sowie allen Beteiligten war sp\u00fcrbar gro\u00df \u2013 umso schwerer wiegt dieser Schritt\u201c, teilte die Stadt und Land mit. Die Sicherheit der Teilnehmenden habe aber h\u00f6chste Priorit\u00e4t. Derzeit werde \u00fcber einen Ersatztermin beraten. Dass die Mini-WM zeitnah nachgeholt werden kann, sei wegen der anstehenden Sommerferien und des organisatorischen Aufwands aber nicht realistisch, hie\u00df es.<\/p>\n<p> 7.41 Uhr: Hitzewellen im Juni h\u00e4ufen sich <\/p>\n<p class=\"tspBXm2\">Hitzewellen mit f\u00fcnf bis sechs Tagen \u00fcber 30 Grad, teils sogar \u00fcber 35 Grad, gebe es eigentlich eher im Juli oder August, sagte Stefan Rubach, Meteorologe des Deutschen Wetterdienstes (DWD), der Deutschen Presse-Agentur (dpa). \u201eDa sind wir jetzt nat\u00fcrlich wieder sehr fr\u00fch dran.\u201c Die lange Sonnenscheindauer mache es unangenehmer, weil sie die Abk\u00fchlung nachts mindere. \u201eWenn wir im August diese Hitzewellen haben, dann geht die Sonne ja schon ein bisschen fr\u00fcher unter, das macht sich dann abends schon um 18 Uhr so ein bisschen bemerkbar\u201c, sagte Rubach.<\/p>\n<p class=\"tspBXm2\">Die Temperaturen werden in den kommenden Tagen voraussichtlich an den Berliner Juni-Hitzerekord von 2019 herankommen, als 38,6 Grad in Tegel gemessen wurden. \u201eIn dieser Gr\u00f6\u00dfenordnung werden wir landen\u201c, sagte Rubach mit Blick auf das Wochenende. Es werde \u201esehr hei\u00df, ungew\u00f6hnlich hei\u00df f\u00fcr Juni\u201c. Derartige Temperaturen im Juni h\u00e4ufen sich ihm zufolge in den letzten Jahren. (dpa)<\/p>\n<p> Dienstag, 23. Juni  17.54 Uhr: Berliner Pralinenhersteller k\u00fchlt Filialen herunter <img decoding=\"async\" src=\"https:\/\/www.europesays.com\/de\/wp-content\/uploads\/2026\/06\/20161002-bfs-sawade-229.jpeg\"   alt=\"Seit 140 Jahren stellt das Berliner Traditionsunternehmen Sawade Pralinen und Tr\u00fcffel nach traditioneller Rezeptur her. Nun ist Sawade insolvent. Doch die Produktion l\u00e4uft vorerst weiter. Foto: Sawade\" aria-labelledby=\"caption-15748667\" width=\"440\" height=\"330\" loading=\"lazy\" class=\"tspA0i9\"\/> Wird wegen der Hitze heruntergek\u00fchlt: Eine Filiale des Berliner Pralinenherstellers Sawade. (Archivbild) <\/p>\n<p class=\"tspAAgb\"> \u00a9 Promo\/Jordana Schramm <\/p>\n<p class=\"tspBXm2\">Dem Berliner Pralinenhersteller Sawade kann die Hitze nichts anhaben. \u201eWir produzieren fr\u00f6hlich weiter\u201c, sagt eine Sprecherin, auch f\u00fcr die kommende Herbstsaison. Es gebe f\u00fcr die hei\u00dfen Sommertage spezielle Kreationen mit Kokos oder Maracuja, am besten gek\u00fchlt zu verzehren. Die Produktion der Pralinen findet unter klimatisierten Bedingungen statt, auch die zw\u00f6lf Berliner Sawade-Filialen werden heruntergek\u00fchlt, damit sich Menschen und Schokoladen wohl f\u00fchlen.<\/p>\n<p class=\"tspBXm2\">Wer die Ware online bestellt, bekommt K\u00fchlelemente mitgeliefert, die einen Tag lang durchhalten. Sp\u00e4testens dann sollte die Ware aber beim Kunden sein. Gr\u00f6\u00dfere Lieferungen an Fachh\u00e4ndler in S\u00fcddeutschland w\u00fcrden verschoben, bis es wieder etwas k\u00fchler ist.<\/p>\n<p> 17.39 Uhr: So hat Berlin am Dienstag der Hitze getrotzt <\/p>\n<p class=\"tspBXm2\">Am Dienstag wurde die 30-Grad-Marke schon fast erreicht, und das ist erst der Anfang dieser Hitzewoche. Diese Bilder zeigen, wie Berlin der W\u00e4rme trotzt:<\/p>\n<p><img decoding=\"async\" src=\"https:\/\/www.europesays.com\/de\/wp-content\/uploads\/2026\/06\/1782283577_330_hitze-in-berlin.jpeg\"   alt=\"23.06.2026, Berlin: Ein Mann sitzt im Park am Gleisdreieck in der Sonne und trinkt Wasser. Foto: Sebastian Gollnow\/dpa +++ dpa-Bildfunk +++&#10;HitzeNeuJM\" aria-labelledby=\"caption-15745826\" width=\"440\" height=\"330\" loading=\"lazy\" class=\"tspA0i9\"\/> Auf offener Fl\u00e4che dr\u00fcckte die Hitze bereits am Dienstag: Ein Mann sitzt im Park am Gleisdreieck in der Sonne und trinkt Wasser. <\/p>\n<p class=\"tspAAgb\"> \u00a9 dpa\/Sebastian Gollnow <\/p>\n<p><img decoding=\"async\" src=\"https:\/\/www.europesays.com\/de\/wp-content\/uploads\/2026\/06\/1782283578_640_hitze-in-berlin.jpeg\"   alt=\"23.06.2026, Berlin: Die Stra\u00dfe des 17. Juni Richtung Brandenburger Tor flimmert in der Mittagshitze. Foto: Sebastian Gollnow\/dpa +++ dpa-Bildfunk +++\" aria-labelledby=\"caption-15747063\" width=\"440\" height=\"330\" loading=\"lazy\" class=\"tspA0i9\"\/> Nicht einmal bei praller Sonne verschwanden die E-Roller von der Stra\u00dfe: Die Stra\u00dfe des 17. Juni Richtung Brandenburger Tor flimmert in der Mittagshitze. <\/p>\n<p class=\"tspAAgb\"> \u00a9 dpa\/Sebastian Gollnow <\/p>\n<p><img decoding=\"async\" src=\"https:\/\/www.europesays.com\/de\/wp-content\/uploads\/2026\/06\/1782283579_145_hitze-in-berlin.jpeg\"   alt=\"23.06.2026, Berlin: Ein Mann sch\u00fctzt sich vor dem Brandenburger Tor mit einem Blatt Papier gegen die Sonne. Foto: Sebastian Gollnow\/dpa +++ dpa-Bildfunk +++\" aria-labelledby=\"caption-15747067\" width=\"440\" height=\"330\" loading=\"lazy\" class=\"tspA0i9\"\/> Wer ohne Hut und Sonnenschirm aus dem Haus ging, musste kreativ werden: Ein Mann sch\u00fctzt sich vor dem Brandenburger Tor mit einem Blatt Papier gegen die Sonne. <\/p>\n<p class=\"tspAAgb\"> \u00a9 dpa\/Sebastian Gollnow <\/p>\n<p> 17.16 Uhr: Wasserversorgung bleibt stabil <\/p>\n<p class=\"tspBXm2\">Trotz Hitzewelle bleibt die Wasserversorgung der Hauptstadt stabil. Das h\u00e4ngt auch mit einem ver\u00e4nderten Konsumverhalten der Berlinerinnen und Berliner zusammen:<\/p>\n<p><a href=\"https:\/\/www.tagesspiegel.de\/berlin\/trotz-hitze-bleibt-die-wasserversorgung-stabil-die-botschaft-ist-angekommen--berliner-sparsamer-mit-wasser-15746331.html?icid=single-topic_15747096___\" data-gtm-class=\"article-mzt-link\" class=\"tspC0qm\" rel=\"nofollow noopener\" target=\"_blank\">Trotz Hitze bleibt die Wasserversorgung stabil \u201eDie Botschaft ist angekommen\u201c \u2013 Berliner sparsamer mit Wasser <\/a> 16.20 Uhr: Kommende Nacht zum L\u00fcften nutzen <\/p>\n<p class=\"tspBXm2\">Der Deutsche Wetterdienst empfiehlt, die Nacht auf Mittwoch zum L\u00fcften zu nutzen. In der Fr\u00fch zum Sonnenaufgang w\u00fcrden die Tiefstwerte erreicht, sagte Stefan Rubach, Meteorologe des Deutschen Wetterdienstes, der dpa. \u201eDa kann man noch mal effektiv durchl\u00fcften.\u201c In den folgenden N\u00e4chten k\u00fchle es weniger ab.\u00a0<\/p>\n<p class=\"tspBXm2\">Die Nacht zu Mittwoch wird DWD-Angaben zufolge in Berlin und Brandenburg die k\u00fchlste der kommenden N\u00e4chte, mit Tiefstwerten von 13 bis 17 Grad, teilweise sogar nur 11 Grad. In der Nacht zu Donnerstag liegen die Tiefstwerte demnach eher zwischen 19 und 14 Grad, in der Nacht zu Freitag bei 16 bis 21 Grad. \u201eDa wird es schon etwas unangenehmer\u201c, sagte Rubach. \u201eDa kriegt man eigentlich kaum noch Abk\u00fchlung durchs L\u00fcften.\u201c\u00a0(dpa)<\/p>\n<p> 15.42 Uhr: Columbiabad und Prinzenbad \u00f6ffnen am Mittwoch wieder <img decoding=\"async\" src=\"https:\/\/www.europesays.com\/de\/wp-content\/uploads\/2026\/06\/1782225381_769_sommerliche-hitze-in-berlin-prinzenbad.jpeg\"   alt=\"19.06.2026, Berlin: Menschen stehen Schlange am Eingang vom Prinzenbad im Stadtteil Kreuzberg. In den kommenden Tagen steigt die Temperatur in Berlin voraussichtlich auf \u00fcber 30 Grad. Foto: Carsten Koall\/dpa +++ dpa-Bildfunk +++\" aria-labelledby=\"caption-15736571\" width=\"440\" height=\"330\" loading=\"lazy\" class=\"tspA0i9\"\/> Der Andrang nach der Wiederer\u00f6ffnung d\u00fcrfte hoch sein: Bereits am vergangenen Wochenende standen massenhaft Menschen in der Schlange vor dem Prinzenbad in Kreuzberg. <\/p>\n<p class=\"tspAAgb\"> \u00a9 dpa\/Carsten Koall <\/p>\n<p class=\"tspBXm2\">Rechtzeitig vor dem sehr hei\u00dfen Wochenende \u00f6ffnet fr\u00fcher als erwartet auch das Berliner Columbiabad in Neuk\u00f6lln wieder. Die technischen Probleme seien behoben und das gro\u00dfe Bad gehe an diesem Mittwoch an den Start, teilten die B\u00e4der-Betriebe mit. Zuletzt war der 3. Juli als Er\u00f6ffnungstag angegeben worden.\u00a0<\/p>\n<p class=\"tspBXm2\">Mit einer engen Kooperation und Kommunikation mit dem Bezirksamt Neuk\u00f6lln h\u00e4tten technische und formale Pr\u00fcfungen beschleunigt werden k\u00f6nnen, hie\u00df es. Probleme bei der Beschaffung von Filtermaterial h\u00e4tten zu der Verz\u00f6gerung beim Saisonstart gef\u00fchrt. Nun habe das Gesundheitsamt des Bezirks nach zwei Pr\u00fcfungen gr\u00fcnes Licht f\u00fcr den Betrieb gegeben.\u00a0<\/p>\n<p><img decoding=\"async\" src=\"https:\/\/www.europesays.com\/de\/wp-content\/uploads\/2026\/06\/1782283582_362_freibad-in-berlin-neukolln.jpeg\"   alt=\"ARCHIV - 18.07.2024, Berlin: Kinder springen im Sommerbad Neuk\u00f6lln ins Schwimmbecken.  (zu dpa: \u00abColumbiabad \u00f6ffnet am Mittwoch \u2013 Hitzewelle kann kommen\u00bb) Foto: Bernd von Jutrczenka\/dpa +++ dpa-Bildfunk +++\" aria-labelledby=\"caption-15747422\" width=\"440\" height=\"330\" loading=\"lazy\" class=\"tspA0i9\"\/> Kinder springen im Sommerbad Neuk\u00f6lln ins Schwimmbecken.  (Archivbild) <\/p>\n<p class=\"tspAAgb\"> \u00a9 dpa\/Bernd von Jutrczenka <\/p>\n<p class=\"tspBXm2\">Behoben ist auch der <a href=\"https:\/\/www.tagesspiegel.de\/berlin\/prinzenbad-in-kreuzberg-erneut-geschlossen-und-die-temperaturen-steigen-weiter-in-berlin-15743403.html?icid=in-text-link_15747096\" class=\"link link--internal\" data-gtm-class=\"article-text-link\" data-gtm-val=\"internal\" rel=\"nofollow noopener\" target=\"_blank\">technische Schaden im Kreuzberger Freibad Prinzenbad<\/a>: Das Bad \u00f6ffnete ab dem heutigen Vormittag wieder komplett. F\u00fcr beide B\u00e4der wurde gegen 16.30 Uhr online eine mittlere Auslastung angezeigt. (mit dpa)<\/p>\n<p> 15.15 Uhr: Blutreserven in der Hauptstadtregion werden knapp <\/p>\n<p class=\"tspBXm2\">Die Blutreserven des DRK-Blutspendedienstes Nord-Ost befinden sich nach Angaben der Hilfsorganisation auf einem kritischen Niveau. Der aktuelle Bestand liege deutlich unter der erforderlichen Tagesreichweite von vier bis f\u00fcnf Tagen, teilte der DRK-Blutspendedienst Nord-Ost am Dienstag in Berlin mit. Grund sei auch die Hitzewelle, die die Spendenbereitschaft sinken lasse. Daher werde zum Blutspenden aufgerufen.<\/p>\n<p class=\"tspBXm2\">Gerade in den Anfang Juli beginnenden Sommerferien fehlten viele Stammspenderinnen und Stammspender, hie\u00df es. Allein in Berlin und Brandenburg ben\u00f6tige der DRK-Blutspendedienst rund 600 Blutspenden an jedem Werktag.<\/p>\n<p class=\"tspBXm2\">Blut zu spenden sei auch an sehr hei\u00dfen Tagen m\u00f6glich, hie\u00df es. Die t\u00e4gliche Trinkmenge sollte jedoch auf rund drei Liter erh\u00f6ht werden. Gleichzeitig sollten l\u00e4ngere Aufenthalte und k\u00f6rperliche Anstrengungen in der Sonne vermieden werden.<\/p>\n<p class=\"tspBXm2\">Blut werde etwa nach Unf\u00e4llen, bei Operationen, Geburten und in der Krebstherapie ben\u00f6tigt, hie\u00df es. Blutpr\u00e4parate k\u00f6nnten jedoch nicht k\u00fcnstlich hergestellt werden und seien nur begrenzt haltbar. (dpa)<\/p>\n<p> 15.00 Uhr: Berliner Telefonservice warnt Senioren vor Extremwetter <\/p>\n<p class=\"tspBXm2\">Mit einem neuen Wetter-Service will der Verein Silbernetz \u00e4ltere Menschen in Berlin besser vor den Folgen von Extremwetter sch\u00fctzen. \u00dcber ein Infotelefon werden Nutzer automatisch informiert, wenn der Deutsche Wetterdienst (DWD) vor Hitze, Sturm oder Glatteis warnt. \u201eExtreme Wetterlagen k\u00f6nnen insbesondere f\u00fcr \u00e4ltere und alleinlebende Menschen zur Belastung werden\u201c, erkl\u00e4rte Silbernetz-Leiterin Kerstin Winkler. Ziel sei es, fr\u00fchzeitig zu informieren und konkrete Hilfe zu organisieren.\u00a0<\/p>\n<blockquote class=\"tspCLpf\">\n<p>Extreme Wetterlagen k\u00f6nnen insbesondere f\u00fcr \u00e4ltere und alleinlebende Menschen zur Belastung werden<\/p>\n<\/blockquote>\n<p class=\"tspCLpg\">Silbernetz-Leiterin Kerstin Winkler<\/p>\n<p class=\"tspBXm2\">Der Service eigne sich besonders f\u00fcr Menschen ohne Internetzugang, sagte Silbernetz-Sprecherin Amira Mahdi. \u00c4ltere Menschen k\u00f6nnen sich telefonisch f\u00fcr den Service anmelden und bekommen \u00fcber das Telefon auch Verhaltenstipps, etwa zum Schutz vor Hitze, zu k\u00fchlen Aufenthaltsorten oder zur sicheren Lagerung von Medikamenten. Bei Bedarf vermittelt Silbernetz zudem praktische Unterst\u00fctzung durch Ehrenamtliche, etwa f\u00fcr Eink\u00e4ufe oder die Besorgung von Medikamenten.\u00a0<\/p>\n<p class=\"tspBXm2\">F\u00fcr den Ausbau des Services sucht der Verein derzeit weitere ehrenamtliche Helfer. Das Angebot ist kostenfrei und wird von der Lotto-Stiftung Berlin gef\u00f6rdert. Anmeldungen sind \u00fcber das <a href=\"https:\/\/silbernetz.org\/infotelefon\/\" target=\"_blank\" rel=\"noopener nofollow\" class=\"link link--external\" data-gtm-class=\"article-text-link\" data-gtm-val=\"external\" aria-describedby=\"message-target-blank\">Infotelefon<\/a> m\u00f6glich. (dpa)<\/p>\n","protected":false},"excerpt":{"rendered":"Nach einem angenehmen Wochenstart klettern die Temperaturen in Berlin und Brandenburg laut Meteorologen am Mittwoch auf bis zu&hellip;\n","protected":false},"author":2,"featured_media":1118034,"comment_status":"","ping_status":"","sticky":false,"template":"","format":"standard","meta":{"footnotes":"","_share_on_mastodon":"0"},"categories":[1816],"tags":[1960,1958,1959,1957,9006,1956,1890,1173,29,30,19524,952,6486,21560,4507,10670,966,101500,143,383],"class_list":["post-1118033","post","type-post","status-publish","format-standard","has-post-thumbnail","category-brandenburg","tag-aktuelle-nachrichten-aus-berlin-und-brandenburg","tag-aktuelle-nachrichten-aus-brandenburg","tag-aktuelle-news-aus-berlin-und-brandenburg","tag-aktuelle-news-aus-brandenburg","tag-alexanderplatz","tag-berlin-und-brandenburg","tag-brandenburg","tag-bundesregierung","tag-deutschland","tag-germany","tag-hilfsorganisationen","tag-klimawandel","tag-lotto","tag-museumsinsel","tag-nachhaltigkeit","tag-pakistan","tag-schule","tag-schule-und-kita-in-potsdam","tag-tuerkei","tag-umwelt"],"share_on_mastodon":{"url":"https:\/\/pubeurope.com\/@de\/116804694290659617","error":""},"_links":{"self":[{"href":"https:\/\/www.europesays.com\/de\/wp-json\/wp\/v2\/posts\/1118033","targetHints":{"allow":["GET"]}}],"collection":[{"href":"https:\/\/www.europesays.com\/de\/wp-json\/wp\/v2\/posts"}],"about":[{"href":"https:\/\/www.europesays.com\/de\/wp-json\/wp\/v2\/types\/post"}],"author":[{"embeddable":true,"href":"https:\/\/www.europesays.com\/de\/wp-json\/wp\/v2\/users\/2"}],"replies":[{"embeddable":true,"href":"https:\/\/www.europesays.com\/de\/wp-json\/wp\/v2\/comments?post=1118033"}],"version-history":[{"count":0,"href":"https:\/\/www.europesays.com\/de\/wp-json\/wp\/v2\/posts\/1118033\/revisions"}],"wp:featuredmedia":[{"embeddable":true,"href":"https:\/\/www.europesays.com\/de\/wp-json\/wp\/v2\/media\/1118034"}],"wp:attachment":[{"href":"https:\/\/www.europesays.com\/de\/wp-json\/wp\/v2\/media?parent=1118033"}],"wp:term":[{"taxonomy":"category","embeddable":true,"href":"https:\/\/www.europesays.com\/de\/wp-json\/wp\/v2\/categories?post=1118033"},{"taxonomy":"post_tag","embeddable":true,"href":"https:\/\/www.europesays.com\/de\/wp-json\/wp\/v2\/tags?post=1118033"}],"curies":[{"name":"wp","href":"https:\/\/api.w.org\/{rel}","templated":true}]}}