{"id":1118280,"date":"2026-06-24T13:10:20","date_gmt":"2026-06-24T13:10:20","guid":{"rendered":"https:\/\/www.europesays.com\/de\/1118280\/"},"modified":"2026-06-24T13:10:20","modified_gmt":"2026-06-24T13:10:20","slug":"interview-warum-infineon-fuenf-milliarden-euro-in-neue-fabrik-in-dresden-investiert-wirtschaft","status":"publish","type":"post","link":"https:\/\/www.europesays.com\/de\/1118280\/","title":{"rendered":"Interview: Warum Infineon f\u00fcnf Milliarden Euro in neue Fabrik in Dresden investiert &#8211; Wirtschaft"},"content":{"rendered":"<p data-manual=\"paragraph\" data-schema-org-speakable=\"true\" class=\"css-1ygz9cx\">Es l\u00e4uft gerade gut f\u00fcr den Infineon-Vorstandsvorsitzenden Jochen Hanebeck, 57. Der gr\u00f6\u00dfte Halbleiterhersteller Europas ist inzwischen an der B\u00f6rse fast doppelt so viel wert wie die Deutsche Bank. Die Prognosen sind angehoben worden, auch wegen des Booms bei KI-Rechenzentren, in denen viele Infineon-<a href=\"https:\/\/www.sueddeutsche.de\/thema\/Halbleiter\" rel=\"nofollow noopener\" target=\"_blank\">Halbleiter<\/a> gebraucht werden. In der kommenden Woche er\u00f6ffnet Hanebeck eine neue Fabrik in <a href=\"https:\/\/www.sueddeutsche.de\/thema\/Dresden\" rel=\"nofollow noopener\" target=\"_blank\">Dresden<\/a>.<\/p>\n","protected":false},"excerpt":{"rendered":"Es l\u00e4uft gerade gut f\u00fcr den Infineon-Vorstandsvorsitzenden Jochen Hanebeck, 57. Der gr\u00f6\u00dfte Halbleiterhersteller Europas ist inzwischen an der&hellip;\n","protected":false},"author":2,"featured_media":1118281,"comment_status":"","ping_status":"","sticky":false,"template":"","format":"standard","meta":{"footnotes":"","_share_on_mastodon":"0"},"categories":[1835],"tags":[186,1173,3364,29,2386,942,663,158,30,14509,19229,148,965,2310,859,4585,149,65067,425,173,55],"class_list":["post-1118280","post","type-post","status-publish","format-standard","has-post-thumbnail","category-dresden","tag-afd","tag-bundesregierung","tag-de","tag-deutschland","tag-dresden","tag-eu-kommission","tag-europa","tag-europaeische-union","tag-germany","tag-halbleiter","tag-intel","tag-leserdiskussion","tag-niederlande","tag-nvidia","tag-sachsen","tag-software","tag-sueddeutsche-zeitung","tag-tech-industrie","tag-technologie","tag-unternehmen","tag-wirtschaft"],"share_on_mastodon":{"url":"https:\/\/pubeurope.com\/@de\/116805253545291494","error":""},"_links":{"self":[{"href":"https:\/\/www.europesays.com\/de\/wp-json\/wp\/v2\/posts\/1118280","targetHints":{"allow":["GET"]}}],"collection":[{"href":"https:\/\/www.europesays.com\/de\/wp-json\/wp\/v2\/posts"}],"about":[{"href":"https:\/\/www.europesays.com\/de\/wp-json\/wp\/v2\/types\/post"}],"author":[{"embeddable":true,"href":"https:\/\/www.europesays.com\/de\/wp-json\/wp\/v2\/users\/2"}],"replies":[{"embeddable":true,"href":"https:\/\/www.europesays.com\/de\/wp-json\/wp\/v2\/comments?post=1118280"}],"version-history":[{"count":0,"href":"https:\/\/www.europesays.com\/de\/wp-json\/wp\/v2\/posts\/1118280\/revisions"}],"wp:featuredmedia":[{"embeddable":true,"href":"https:\/\/www.europesays.com\/de\/wp-json\/wp\/v2\/media\/1118281"}],"wp:attachment":[{"href":"https:\/\/www.europesays.com\/de\/wp-json\/wp\/v2\/media?parent=1118280"}],"wp:term":[{"taxonomy":"category","embeddable":true,"href":"https:\/\/www.europesays.com\/de\/wp-json\/wp\/v2\/categories?post=1118280"},{"taxonomy":"post_tag","embeddable":true,"href":"https:\/\/www.europesays.com\/de\/wp-json\/wp\/v2\/tags?post=1118280"}],"curies":[{"name":"wp","href":"https:\/\/api.w.org\/{rel}","templated":true}]}}