{"id":1118332,"date":"2026-06-24T13:39:22","date_gmt":"2026-06-24T13:39:22","guid":{"rendered":"https:\/\/www.europesays.com\/de\/1118332\/"},"modified":"2026-06-24T13:39:22","modified_gmt":"2026-06-24T13:39:22","slug":"hurricane-festival-2026-die-lieblingsbilder-unseres-fotografen","status":"publish","type":"post","link":"https:\/\/www.europesays.com\/de\/1118332\/","title":{"rendered":"Hurricane Festival 2026: Die Lieblingsbilder unseres Fotografen"},"content":{"rendered":"<p class=\"small\"><strong>10<\/strong> | 22 &#8222;I want to see your f*ing hands!!!&#8220; Wer hatte wohl &#8211; und das ist meine ganz private Meinung &#8211; nicht nur die gr\u00f6\u00dften Posen, sondern auch das Festival-Kontingent des Wortes mit dem * aufgebraucht? Anyone? St\u00f6rt mich aber alles absolut nicht, seit dem AirbeatOne schmunzel ich an dieser Stelle, und: Die Show war stabil, das Publikum hat gefeiert, das Licht war auf dem Punkt, die Sonne gab alles, der Verschluss hat geklickt. Danke!<br \/>Fuji 1\/400s, ISO 800, f2.8, 16mm<\/p>\n","protected":false},"excerpt":{"rendered":"10 | 22 &#8222;I want to see your f*ing hands!!!&#8220; Wer hatte wohl &#8211; und das ist meine&hellip;\n","protected":false},"author":2,"featured_media":1118333,"comment_status":"","ping_status":"","sticky":false,"template":"","format":"standard","meta":{"footnotes":"","_share_on_mastodon":"0"},"categories":[1775],"tags":[1793,236255,29,214,30,40204,236254,1794,215],"class_list":["post-1118332","post","type-post","status-publish","format-standard","has-post-thumbnail","category-kunst-und-design","tag-art-and-design","tag-besten-fotos","tag-deutschland","tag-entertainment","tag-germany","tag-hurricane","tag-hurricane-festival-2026","tag-kunst-und-design","tag-unterhaltung"],"share_on_mastodon":{"url":"https:\/\/pubeurope.com\/@de\/116805367643425272","error":""},"_links":{"self":[{"href":"https:\/\/www.europesays.com\/de\/wp-json\/wp\/v2\/posts\/1118332","targetHints":{"allow":["GET"]}}],"collection":[{"href":"https:\/\/www.europesays.com\/de\/wp-json\/wp\/v2\/posts"}],"about":[{"href":"https:\/\/www.europesays.com\/de\/wp-json\/wp\/v2\/types\/post"}],"author":[{"embeddable":true,"href":"https:\/\/www.europesays.com\/de\/wp-json\/wp\/v2\/users\/2"}],"replies":[{"embeddable":true,"href":"https:\/\/www.europesays.com\/de\/wp-json\/wp\/v2\/comments?post=1118332"}],"version-history":[{"count":0,"href":"https:\/\/www.europesays.com\/de\/wp-json\/wp\/v2\/posts\/1118332\/revisions"}],"wp:featuredmedia":[{"embeddable":true,"href":"https:\/\/www.europesays.com\/de\/wp-json\/wp\/v2\/media\/1118333"}],"wp:attachment":[{"href":"https:\/\/www.europesays.com\/de\/wp-json\/wp\/v2\/media?parent=1118332"}],"wp:term":[{"taxonomy":"category","embeddable":true,"href":"https:\/\/www.europesays.com\/de\/wp-json\/wp\/v2\/categories?post=1118332"},{"taxonomy":"post_tag","embeddable":true,"href":"https:\/\/www.europesays.com\/de\/wp-json\/wp\/v2\/tags?post=1118332"}],"curies":[{"name":"wp","href":"https:\/\/api.w.org\/{rel}","templated":true}]}}