{"id":1118344,"date":"2026-06-24T13:46:22","date_gmt":"2026-06-24T13:46:22","guid":{"rendered":"https:\/\/www.europesays.com\/de\/1118344\/"},"modified":"2026-06-24T13:46:22","modified_gmt":"2026-06-24T13:46:22","slug":"die-bachelors-sebastian-paul-bricht-ueberraschend-dreharbeiten-ab","status":"publish","type":"post","link":"https:\/\/www.europesays.com\/de\/1118344\/","title":{"rendered":"&#8222;Die Bachelors&#8220;: Sebastian Paul bricht \u00fcberraschend Dreharbeiten ab"},"content":{"rendered":"<p>&#8222;Es w\u00e4re nicht fair&#8220; <\/p>\n<p>Bachelor bricht \u00fcberraschend die Show ab<\/p>\n<p>24.06.2026 &#8211; 13:31 UhrLesedauer: 2 Min.<\/p>\n<p><a href=\"#focus-0\" class=\"transition-colors block text-current relative\" data-sctrack=\"FocusGalleryImage.Reference\"><img fetchpriority=\"high\" data-testid=\"Opener.Image\"   loading=\"eager\" src=\"https:\/\/www.europesays.com\/de\/wp-content\/uploads\/2026\/06\/die-bachelors-franzi-l-und-miri-sind-kandidatinnen.jpg\" alt=\"&quot;Die Bachelors&quot;: Franzi (l.) und Miri sind Kandidatinnen.\" title=\"&quot;Die Bachelors&quot;: Franzi (l.) und Miri sind Kandidatinnen.\" width=\"1741\" height=\"980\" class=\"bg-[url:var(--lqipURL)] bg-cover bg-center flex h-full w-full max-w-full\" style=\"--lqipURL:url('https:\/\/images.t-online.de\/2026\/06\/9YZkXPBvyCWb\/120x100:1741x980\/fit-in\/150x0\/filters:blur(25)\/die-bachelors-franzi-l-und-miri-sind-kandidatinnen.jpg')\" decoding=\"async\"\/><img loading=\"lazy\" src=\"https:\/\/www.t-online.de\/s\/paper\/_next\/static\/media\/zoom-in.f7dae02f.svg\" alt=\"Vergr\u00f6\u00dfern des Bildes\" title=\"Vergr\u00f6\u00dfern des Bildes\" class=\"block h-[calc(var(--height)_\/_16_*_1rem)] w-[calc(var(--width)_\/_16_*_1rem)] max-w-none absolute right-8 bottom-8 rounded-4 bg-snow p-8\" style=\"--width:32;--height:32\" decoding=\"async\"\/><\/a><\/p>\n<p>&#8222;Die Bachelors&#8220;: Franzi (l.) und Miri sind Kandidatinnen. (Quelle: RTL)<\/p>\n<p><img loading=\"lazy\" src=\"https:\/\/www.t-online.de\/s\/paper\/_next\/static\/media\/audio-volume.6689034c.svg\" alt=\"\" title=\"\" class=\"block h-[calc(var(--height)_\/_16_*_1rem)] w-[calc(var(--width)_\/_16_*_1rem)] max-w-none group-hover:brightness-0 group-hover:invert\" style=\"--width:16;--height:16\" decoding=\"async\"\/>Vorlesen<\/p>\n<p>Aktuelle Zeit:0:00Gesamtdauer:0:00<\/p>\n<p>1x<\/p>\n<p class=\"text-center\">Jetzt neu bei t-online:<\/p>\n<p class=\"text-center\">Schriftgr\u00f6\u00dfe anpassen!<\/p>\n<p><img loading=\"lazy\" src=\"https:\/\/www.t-online.de\/s\/paper\/_next\/static\/media\/font-sizes.32942e33.svg\" alt=\"\" title=\"\" class=\"block h-[calc(var(--height)_\/_16_*_1rem)] w-[calc(var(--width)_\/_16_*_1rem)] max-w-none group-hover:hidden group-aria-expanded:hidden\" style=\"--width:16;--height:16\" decoding=\"async\"\/><img loading=\"lazy\" src=\"https:\/\/www.t-online.de\/s\/paper\/_next\/static\/media\/font-sizes-dark-mode.e382645c.svg\" alt=\"\" title=\"\" class=\"block h-[calc(var(--height)_\/_16_*_1rem)] w-[calc(var(--width)_\/_16_*_1rem)] max-w-none hidden group-hover:block group-aria-expanded:block\" style=\"--width:16;--height:16\" decoding=\"async\"\/><img loading=\"lazy\" src=\"https:\/\/www.t-online.de\/s\/paper\/_next\/static\/media\/sharing-menu-icon.1eb71368.svg\" alt=\"\" title=\"\" class=\"block h-[calc(var(--height)_\/_16_*_1rem)] w-[calc(var(--width)_\/_16_*_1rem)] max-w-none group-hover:brightness-0 group-hover:invert\" style=\"--width:16;--height:16\" decoding=\"async\"\/>Artikel teilen<\/p>\n<p class=\"font-bold text-18 leading-17 user-text-lg:text-22 user-text-xl:text-24\">Schon im M\u00e4rz wurde dar\u00fcber spekuliert, jetzt ist es sicher: Sebastian Paul schreibt &#8222;Bachelor&#8220;-Geschichte und bricht zum ersten Mal seit 23 Jahren die Dreharbeiten ab.<\/p>\n<p class=\"text-18 leading-17 user-text-lg:text-22 user-text-xl:text-24\">In der achten Folge der aktuellen Staffel &#8222;Die Bachelors&#8220; kommt es zu einem Novum. Der ehemalige Polizist und jetziger Personal Trainer Sebastian Paul soll eigentlich noch mehrere Rosen verteilen, bis er dann im Finale die letzte Blume an die Frau vergibt, die ihm am besten gef\u00e4llt. Doch schon davor steht f\u00fcr den 35-J\u00e4hrigen fest, wer seine Nummer eins ist. Deswegen hat er die RTL-Sendung vorzeitig abgebrochen.<\/p>\n<p class=\"text-18 leading-17 user-text-lg:text-22 user-text-xl:text-24\">In der j\u00fcngsten Folge, die jetzt bei RTL+ verf\u00fcgbar ist, teilt Paul seine Entscheidung den Kandidatinnen mit. &#8222;Ich glaube, es w\u00e4re nicht fair, wenn ich nicht ehrlich bin&#8220;, erkl\u00e4rte er da. Er habe in den vergangenen Wochen starke und vor allem echte Gef\u00fchle f\u00fcr Nadja entwickelt. So stark, dass er die anderen Frauen nicht weiter kennenlernen, sondern seinen Weg nur noch mit ihr gehen m\u00f6chte.<\/p>\n<ul class=\"text-18 leading-17 block pl-24 *:pb-16 *:before:inline-block *:before:size-8 *:before:bg-magenta *:before:mt-0 *:before:mr-12 *:before:mb-2 *:before:-ml-[20px]\">\n<li><strong class=\"font-bold\">&#8222;Bis zur Hochzeit verheilt&#8220;:<\/strong> <a href=\"https:\/\/www.t-online.de\/unterhaltung\/tv\/der-bachelor\/id_101292312\/-die-bachelors-bei-rtl-sebastian-paul-muss-waehrend-tv-dreh-in-klinik.html\" class=\"transition-colors cursor-pointer no-underline md:hover:text-magenta md:focus:text-magenta border-b border-solid border-current text-salemsfur md:hover:border-magenta\" data-tracking=\"{&quot;action&quot;:&quot;click&quot;,&quot;category&quot;:&quot;intextLink&quot;,&quot;label&quot;:&quot;\/unterhaltung\/tv\/der-bachelor\/id_101292312\/-die-bachelors-bei-rtl-sebastian-paul-muss-waehrend-tv-dreh-in-klinik.html&quot;}\" data-sctrack=\"BodyAnchor\" rel=\"nofollow noopener\" target=\"_blank\">RTL-Bachelor muss w\u00e4hrend Dreh ins Krankenhaus<\/a><\/li>\n<li><strong class=\"font-bold\">&#8222;Ich war betrunken&#8220;:<\/strong> <a href=\"https:\/\/www.t-online.de\/unterhaltung\/stars\/id_101310408\/helene-fischer-ueber-ihren-irren-rekord-ich-war-betrunken-.html\" class=\"transition-colors cursor-pointer no-underline md:hover:text-magenta md:focus:text-magenta border-b border-solid border-current text-salemsfur md:hover:border-magenta\" data-tracking=\"{&quot;action&quot;:&quot;click&quot;,&quot;category&quot;:&quot;intextLink&quot;,&quot;label&quot;:&quot;\/unterhaltung\/stars\/id_101310408\/helene-fischer-ueber-ihren-irren-rekord-ich-war-betrunken-.html&quot;}\" data-sctrack=\"BodyAnchor\" rel=\"nofollow noopener\" target=\"_blank\">Helene Fischer verr\u00e4t irren Rekord<\/a><\/li>\n<\/ul>\n<p><a href=\"#focus-1\" class=\"transition-colors block text-current relative\" data-sctrack=\"FocusGalleryImage.Reference\"><img   loading=\"lazy\" src=\"https:\/\/www.europesays.com\/de\/wp-content\/uploads\/2026\/06\/nadja-sie-hat-sich-in-den-bachelor-verliebt.jpg\" alt=\"Nadja: Sie hat sich in den Bachelor verliebt.\" title=\"Nadja: Sie hat sich in den Bachelor verliebt.\" width=\"1920\" height=\"1080\" class=\"h-full w-full max-w-full rounded-8\" decoding=\"async\"\/><img loading=\"lazy\" src=\"https:\/\/www.t-online.de\/s\/paper\/_next\/static\/media\/zoom-in.f7dae02f.svg\" alt=\"Vergr\u00f6\u00dfern des Bildes\" title=\"Vergr\u00f6\u00dfern des Bildes\" class=\"block h-[calc(var(--height)_\/_16_*_1rem)] w-[calc(var(--width)_\/_16_*_1rem)] max-w-none absolute right-8 bottom-8 rounded-4 bg-snow p-8\" style=\"--width:32;--height:32\" decoding=\"async\"\/>Nadja: Sie hat sich in den Bachelor verliebt. (Quelle: RTL)<\/a><\/p>\n<p class=\"text-18 leading-17 user-text-lg:text-22 user-text-xl:text-24\">Die 28-J\u00e4hrige, deren Nachname in der Show nicht genannt wird, ist Steuerberaterin aus <a href=\"https:\/\/stuttgart.t-online.de\/region\/stuttgart\/\" class=\"transition-colors cursor-pointer no-underline md:hover:text-magenta md:focus:text-magenta border-b border-solid border-current text-salemsfur md:hover:border-magenta\" data-tracking=\"{&quot;action&quot;:&quot;click&quot;,&quot;category&quot;:&quot;intextLink&quot;,&quot;label&quot;:&quot;https:\/\/stuttgart.t-online.de\/region\/stuttgart\/&quot;}\" data-sctrack=\"BodyAnchor\" rel=\"nofollow noopener\" target=\"_blank\">Stuttgart<\/a> und schw\u00e4rmt f\u00fcr den Bachelor ebenso sehr wie er f\u00fcr sie. &#8222;Das ist das Sch\u00f6nste, was man als Frau bekommen kann als Best\u00e4tigung. Es f\u00fchlt sich schon an, als w\u00e4re er mein Freund&#8220;, sagte sie.<\/p>\n<p><img loading=\"lazy\" src=\"https:\/\/www.t-online.de\/s\/paper\/_next\/static\/media\/video-carousel-play.6f25714b.svg\" alt=\"\" title=\"\" class=\"block h-[calc(var(--height)_\/_16_*_1rem)] w-[calc(var(--width)_\/_16_*_1rem)] max-w-none undefined\" style=\"--height:12\" decoding=\"async\"\/><\/p>\n<p class=\"text-18 leading-17 user-text-lg:text-22 user-text-xl:text-24\">Die \u00fcbrigen Frauen, die nun ohne eine Rose nach Hause gehen mussten, waren geteilter Meinung. &#8222;So wie er sie angeschaut hat, hat er hier sonst niemanden angeschaut\u201d, sagte eine von ihnen. Eine andere schw\u00e4rmte ebenfalls von der Verbindung zwischen den beiden und erkl\u00e4rte, dass jede von ihnen sich so einen Ausgang eigentlich am liebsten gew\u00fcnscht h\u00e4tte.<\/p>\n<p class=\"text-18 leading-17 user-text-lg:text-22 user-text-xl:text-24\">Kandidatin Franzi zeigte sich aber auch ver\u00e4rgert: &#8222;Ich habe auch zuhause was Besseres zu tun, als hier meine Zeit abzusitzen. Bewerbung geht raus f\u00fcr die Bachelorette!&#8220;, meckerte sie.<\/p>\n","protected":false},"excerpt":{"rendered":"&#8222;Es w\u00e4re nicht fair&#8220; Bachelor bricht \u00fcberraschend die Show ab 24.06.2026 &#8211; 13:31 UhrLesedauer: 2 Min. &#8222;Die Bachelors&#8220;:&hellip;\n","protected":false},"author":2,"featured_media":1118345,"comment_status":"","ping_status":"","sticky":false,"template":"","format":"standard","meta":{"footnotes":"","_share_on_mastodon":"0"},"categories":[155],"tags":[9810,29,214,30,236256,640,193526,215],"class_list":["post-1118344","post","type-post","status-publish","format-standard","has-post-thumbnail","category-unterhaltung","tag-der-bachelor","tag-deutschland","tag-entertainment","tag-germany","tag-kim-julia","tag-rtl","tag-sebastian-paul","tag-unterhaltung"],"share_on_mastodon":{"url":"https:\/\/pubeurope.com\/@de\/116805399567723979","error":""},"_links":{"self":[{"href":"https:\/\/www.europesays.com\/de\/wp-json\/wp\/v2\/posts\/1118344","targetHints":{"allow":["GET"]}}],"collection":[{"href":"https:\/\/www.europesays.com\/de\/wp-json\/wp\/v2\/posts"}],"about":[{"href":"https:\/\/www.europesays.com\/de\/wp-json\/wp\/v2\/types\/post"}],"author":[{"embeddable":true,"href":"https:\/\/www.europesays.com\/de\/wp-json\/wp\/v2\/users\/2"}],"replies":[{"embeddable":true,"href":"https:\/\/www.europesays.com\/de\/wp-json\/wp\/v2\/comments?post=1118344"}],"version-history":[{"count":0,"href":"https:\/\/www.europesays.com\/de\/wp-json\/wp\/v2\/posts\/1118344\/revisions"}],"wp:featuredmedia":[{"embeddable":true,"href":"https:\/\/www.europesays.com\/de\/wp-json\/wp\/v2\/media\/1118345"}],"wp:attachment":[{"href":"https:\/\/www.europesays.com\/de\/wp-json\/wp\/v2\/media?parent=1118344"}],"wp:term":[{"taxonomy":"category","embeddable":true,"href":"https:\/\/www.europesays.com\/de\/wp-json\/wp\/v2\/categories?post=1118344"},{"taxonomy":"post_tag","embeddable":true,"href":"https:\/\/www.europesays.com\/de\/wp-json\/wp\/v2\/tags?post=1118344"}],"curies":[{"name":"wp","href":"https:\/\/api.w.org\/{rel}","templated":true}]}}