{"id":1118366,"date":"2026-06-24T13:57:17","date_gmt":"2026-06-24T13:57:17","guid":{"rendered":"https:\/\/www.europesays.com\/de\/1118366\/"},"modified":"2026-06-24T13:57:17","modified_gmt":"2026-06-24T13:57:17","slug":"tuerkiyemspor-neuer-vorstand-und-trainer-mannschaft-im-umbruch","status":"publish","type":"post","link":"https:\/\/www.europesays.com\/de\/1118366\/","title":{"rendered":"T\u00fcrkiyemspor: Neuer Vorstand und Trainer, Mannschaft im Umbruch"},"content":{"rendered":"<p class=\"text_ohne_einzug richtext text-em-55 !leading-serif mx-6 desktop:mx-0\"> F\u00fcr T\u00fcrkiyemspor M\u00f6nchengladbach war es eine Seuchensaison. Und da ist der deutliche Abstieg als faktischer Tabellenletzter aus der Bezirksliga wom\u00f6glich noch das kleinere \u00dcbel. Denn zuletzt stand der Verein ohne Vorstand, ohne Trainer und ohne Sportlichen Leiter da. Doch nach einer Neuaufstellung scheinen die Weichen f\u00fcr die Zukunft gestellt.<\/p>\n","protected":false},"excerpt":{"rendered":"F\u00fcr T\u00fcrkiyemspor M\u00f6nchengladbach war es eine Seuchensaison. Und da ist der deutliche Abstieg als faktischer Tabellenletzter aus der&hellip;\n","protected":false},"author":2,"featured_media":1118367,"comment_status":"","ping_status":"","sticky":false,"template":"","format":"standard","meta":{"footnotes":"","_share_on_mastodon":"0"},"categories":[1849],"tags":[13054,48031,16320,197326,3364,29,548,663,3934,30,13,172186,4455,14,15,1209,197327,9387,12,236265,9593,86685,38696,50703,1031],"class_list":["post-1118366","post","type-post","status-publish","format-standard","has-post-thumbnail","category-moenchengladbach","tag-abstieg","tag-bestand","tag-bezirksliga","tag-canbolat","tag-de","tag-deutschland","tag-eu","tag-europa","tag-europe","tag-germany","tag-headlines","tag-koeroglu","tag-moenchengladbach","tag-nachrichten","tag-news","tag-nordrhein-westfalen","tag-onur","tag-saison","tag-schlagzeilen","tag-seuchensaison","tag-stand","tag-taetig","tag-taetigkeit","tag-tuerkiyemspor","tag-vorstand"],"share_on_mastodon":{"url":"https:\/\/pubeurope.com\/@de\/116805438624461844","error":""},"_links":{"self":[{"href":"https:\/\/www.europesays.com\/de\/wp-json\/wp\/v2\/posts\/1118366","targetHints":{"allow":["GET"]}}],"collection":[{"href":"https:\/\/www.europesays.com\/de\/wp-json\/wp\/v2\/posts"}],"about":[{"href":"https:\/\/www.europesays.com\/de\/wp-json\/wp\/v2\/types\/post"}],"author":[{"embeddable":true,"href":"https:\/\/www.europesays.com\/de\/wp-json\/wp\/v2\/users\/2"}],"replies":[{"embeddable":true,"href":"https:\/\/www.europesays.com\/de\/wp-json\/wp\/v2\/comments?post=1118366"}],"version-history":[{"count":0,"href":"https:\/\/www.europesays.com\/de\/wp-json\/wp\/v2\/posts\/1118366\/revisions"}],"wp:featuredmedia":[{"embeddable":true,"href":"https:\/\/www.europesays.com\/de\/wp-json\/wp\/v2\/media\/1118367"}],"wp:attachment":[{"href":"https:\/\/www.europesays.com\/de\/wp-json\/wp\/v2\/media?parent=1118366"}],"wp:term":[{"taxonomy":"category","embeddable":true,"href":"https:\/\/www.europesays.com\/de\/wp-json\/wp\/v2\/categories?post=1118366"},{"taxonomy":"post_tag","embeddable":true,"href":"https:\/\/www.europesays.com\/de\/wp-json\/wp\/v2\/tags?post=1118366"}],"curies":[{"name":"wp","href":"https:\/\/api.w.org\/{rel}","templated":true}]}}