{"id":1118419,"date":"2026-06-24T14:27:16","date_gmt":"2026-06-24T14:27:16","guid":{"rendered":"https:\/\/www.europesays.com\/de\/1118419\/"},"modified":"2026-06-24T14:27:16","modified_gmt":"2026-06-24T14:27:16","slug":"sozialpaediatrisches-zentrum-spz-im-suedklinikum-startet-am-1-juli","status":"publish","type":"post","link":"https:\/\/www.europesays.com\/de\/1118419\/","title":{"rendered":"Sozialp\u00e4diatrisches Zentrum (SPZ) im S\u00fcdklinikum startet am 1. Juli"},"content":{"rendered":"<p>24.06.2026<\/p>\n<p>Zum 1. Juli 2026 zieht das Sozialp\u00e4diatrische Zentrum (SPZ) der Klinik Hallerwiese-Cnopfsche Kinderklinik an das Klinikum N\u00fcrnberg auf den Campus S\u00fcd. Damit bleibt die spezialisierte Versorgung von Kindern und Jugendlichen mit Entwicklungsauff\u00e4lligkeiten, chronischen Erkrankungen und komplexen gesundheitlichen Fragestellungen nahtlos erhalten. Familien profitieren von einer vollst\u00e4ndigen \u00dcbernahme der bew\u00e4hrten Leistungen \u2013 und k\u00fcnftig von erweiterten diagnostischen und therapeutischen M\u00f6glichkeiten.<\/p>\n<p>Das bisherige SPZ am Standort in der Sankt-Johannis-M\u00fchlgasse geht im Zuge der Integration der Klinik Hallerwiese-Cnopfsche Kinderklinik zum 1. Juli 2026 an das Klinikum N\u00fcrnberg \u00fcber. Das Leistungsspektrum des SPZ wird dabei fortgef\u00fchrt, ebenso werden die Mitarbeiterinnen und Mitarbeiter der \u201eCnopfschen\u201c \u00fcbernommen.<\/p>\n<p>Zugleich werden die in der Neurop\u00e4diatrie am Campus S\u00fcd bisher etablierten diagnostischen M\u00f6glichkeiten, spezialisierten Sprechstunden und interdisziplin\u00e4ren Versorgungsstrukturen des Klinikums N\u00fcrnberg im SPZ geb\u00fcndelt und gezielt weiterentwickelt. \u201eUnser Ziel ist es, Kindern und Jugendlichen mit komplexen gesundheitlichen Fragestellungen in der Metropolregion eine bestm\u00f6gliche Versorgung anzubieten. Mit dem Aufbau des Sozialp\u00e4diatrischen Zentrums am Campus S\u00fcd schaffen wir daf\u00fcr hervorragende Voraussetzungen. Wir verbinden Kontinuit\u00e4t in der sozialp\u00e4diatrischen Versorgung mit der breiten neuro-p\u00e4diatrischen Kompetenz und den erweiterten diagnostischen und therapeutischen M\u00f6glichkeiten am<br \/>Klinikum N\u00fcrnberg\u201c, erkl\u00e4rt Univ.-Prof. Dr. Christoph Fusch, Chefarzt der Klinik f\u00fcr Neugeborene, Kinder und Jugendliche.<\/p>\n<p>Ganzheitliche Diagnostik und Therapie f\u00fcr Kinder und Jugendliche<\/p>\n<p>Das SPZ betreut Kinder und Jugendliche mit Entwicklungsst\u00f6rungen, chronischen neurologischen Erkrankungen, chronischen Schmerzen, Verhaltensauff\u00e4lligkeiten und komplexem F\u00f6rderbedarf. Schwerpunkte liegen auf Epileptologie, Neuroimmunologie, seltenen Erkrankungen, spezialisierter Fr\u00fchgeborenennachsorge, vernetzter neuroorthop\u00e4disch-neuroradiologischer Diagnostik sowie bindungs- und regulationsorientierter Fr\u00fchintervention. Erg\u00e4nzend bietet das SPZ eine sozialp\u00e4diatrisch integrierte Adipositas-Sprechstunde an.<\/p>\n<p>Zudem deckt das SPZ das gesamte Spektrum der Neurop\u00e4diatrie und Sozialp\u00e4diatrie ab. Kennzeichnend ist der multiprofessionelle Ansatz: \u00c4rztinnen und \u00c4rzte, Psychologinnen und Psychologen, Therapeutinnen und Therapeuten sowie Fachkr\u00e4fte aus der Sozialp\u00e4dagogik arbeiten eng zusammen, um individuelle F\u00f6rder- und Behandlungskonzepte zu entwickeln.<\/p>\n<p>Das SPZ ist organisatorisch in die von Privatdozentin Dr. Nicole Heu\u00dfinger geleitete Neurop\u00e4diatrie am Klinikum N\u00fcrnberg eingebunden. Das SPZ wird \u00e4rztlich von Ober\u00e4rztin Dr. Almut Hirsch in Co-Leitung mit Dr. Heu\u00dfinger gef\u00fchrt. Die operative Leitung des Zentrums liegt bei Dr. Almut Hirsch. Erg\u00e4nzt wird das Team durch Fachkr\u00e4fte aus den Bereichen Logop\u00e4die, Ergo- und Physiotherapie sowie Psychologie. Durch die enge Zusammenarbeit mit den kindermedizinischen Fachbereichen des Klinikums N\u00fcrnberg k\u00f6nnen diagnostische, therapeutische und beratende Angebote fach\u00fcbergreifend abgestimmt werden.<\/p>\n<p>Bis zum Umzug in das neue Kinderklinikum N\u00fcrnberg im Friedl Sch\u00f6ller-Haus Anfang 2027 ist das SPZ in Haus C untergebracht \u2013 T\u00fcr an T\u00fcr mit Kinderklinik, Kinderchirurgie und weiteren kindermedizinischen Fachbereichen am Klinikum N\u00fcrnberg. Die r\u00e4umliche N\u00e4he erm\u00f6glicht kurze Wege und eine optimale interdisziplin\u00e4re Betreuung. \u201eDie neuen R\u00e4umlichkeiten, die das SPZ Anfang des kommenden Jahres beziehen wird, schaffen f\u00fcr unsere Patientinnen und Patienten zus\u00e4tzliche Vorteile \u2013 von kurzen Wegen bis hin zu einer kindgerechten Ausstattung\u201c, erkl\u00e4rt Prof. Fusch.<\/p>\n<p>Informationen f\u00fcr Familien und Zuweiser<\/p>\n<p>F\u00fcr eine Vorstellung im SPZ ist eine \u00dcberweisung durch Fach\u00e4rztinnen und Fach\u00e4rzte f\u00fcr Kinder- und Jugendmedizin, Neurologie, Psychiatrie oder Kinder- und Jugendpsychiatrie erforderlich. Mitzubringen sind die Versichertenkarte sowie relevante Vorbefunde und Entwicklungsberichte. Termine k\u00f6nnen ab 1. Juli telefonisch unter +49 (0) 911 398-6888 vereinbart werden. F\u00fcr Familien, die bereits Termine f\u00fcr die zweite Jahresh\u00e4lfte ausgemacht haben, \u00e4ndert sich nichts \u2013 sie m\u00fcssen an den vereinbarten Tagen nur in das SPZ in der Breslauer Stra\u00dfe kommen. Weitere Informationen zum Leistungsspektrum, zu Sprechzeiten und Kontaktm\u00f6glichkeiten sind <a href=\"http:\/\/www.klinikum-nuernberg.de\/behandlung\/babys-kinder-jugendliche\/kinderklinik\/neuropaediatrie\/sozialpaediatrisches-zentrum-spz\/#c11356\" rel=\"nofollow noopener\" target=\"_blank\">hier<\/a>\u00a0verf\u00fcgbar.<\/p>\n<p>Bild 1: Ober\u00e4rztin Dr. Almut Hirsch tr\u00e4gt als \u00e4rztliche Leiterin die operative Verantwortung des SPZ. (Foto: Diakoneo)<\/p>\n<p>Bild 2: Privatdozentin Dr. Nicole Heu\u00dfinger, Leiterin der Neurop\u00e4diatrie am Klinikum N\u00fcrnberg, \u00fcbernimmt die Co-Leitung des SPZ. (Foto: Jasmin Szabo, Klinikum N\u00fcrnberg)<\/p>\n<p>Pressemitteilung zum Herunterladen (PDF)<\/p>\n","protected":false},"excerpt":{"rendered":"24.06.2026 Zum 1. Juli 2026 zieht das Sozialp\u00e4diatrische Zentrum (SPZ) der Klinik Hallerwiese-Cnopfsche Kinderklinik an das Klinikum N\u00fcrnberg&hellip;\n","protected":false},"author":2,"featured_media":4958,"comment_status":"","ping_status":"","sticky":false,"template":"","format":"standard","meta":{"footnotes":"","_share_on_mastodon":"0"},"categories":[1837],"tags":[4353,4350,4351,4352,4355,4354,1187,142,4356,4357,4361,4360,772,4343,4362,3364,4363,29,4364,4336,4341,4388,4340,4346,4348,4365,4347,4366,4367,4368,4370,4371,30,4372,4373,4377,4378,4380,4384,4383,4386,4387,4389,4390,4376,4345,4385,4391,4379,4394,4344,4392,3263,4393,4349,4374,4395,4358,4338,4359,4342,3783,4337,4375,4396,4382,4369,4339,4381],"class_list":["post-1118419","post","type-post","status-publish","format-standard","has-post-thumbnail","category-nuernberg","tag-a-r-z","tag-allgemeinchirurgie","tag-altersmedizin-alterstraumazentrum","tag-ambulante-rehabilitation","tag-anaesthesiologie","tag-arz","tag-arzt","tag-aerzte","tag-aesthetische-chirurgie","tag-aufnahme","tag-augenheilkunde-brustzentrum","tag-augenklinik","tag-bayern","tag-clinic","tag-darmkrebszentrum","tag-de","tag-dermatologie","tag-deutschland","tag-diabetologie","tag-doctor","tag-doktor","tag-e-herz-erkrankungen","tag-emergency","tag-erlangen","tag-franken","tag-fuer-erwachsene-gastroenterologie-fuer-erwachsene-geburtshilfe","tag-fuerth","tag-gefaesschirurgie","tag-geriatrie","tag-geriatrische","tag-gerinnungsambulanz-klinikum-nord","tag-gerinnungsambulanz-klinikum-sued","tag-germany","tag-gynaekologie","tag-hals","tag-haematologie","tag-haematologisch-onkologische-ambulanz","tag-hand-chirurgie","tag-haut-tumorzentrum","tag-hautklinik","tag-hepatologie","tag-herz-chirurgi","tag-herz-gefaess-zentrum","tag-hgz","tag-hno","tag-hospital","tag-htz","tag-hygiene","tag-im-ambulanten-behandlungscentrum-klinikum-nord","tag-infektiologie-hypertensiologie","tag-kliniken","tag-klinikhygiene","tag-krankenhaus","tag-mikrobiologie","tag-mittelfranken-abdominalchirurgie-allergologie","tag-nasen","tag-nbg","tag-notaufnahme","tag-notfall","tag-notfallambulanz","tag-nuremberg","tag-nuernberg","tag-nurse","tag-ohrenheilkunde","tag-schoen","tag-schwerbrandverletzte","tag-tagesklinik","tag-treatment","tag-verbrennungszentrum"],"share_on_mastodon":{"url":"","error":"Validation failed: Text character limit of 500 exceeded"},"_links":{"self":[{"href":"https:\/\/www.europesays.com\/de\/wp-json\/wp\/v2\/posts\/1118419","targetHints":{"allow":["GET"]}}],"collection":[{"href":"https:\/\/www.europesays.com\/de\/wp-json\/wp\/v2\/posts"}],"about":[{"href":"https:\/\/www.europesays.com\/de\/wp-json\/wp\/v2\/types\/post"}],"author":[{"embeddable":true,"href":"https:\/\/www.europesays.com\/de\/wp-json\/wp\/v2\/users\/2"}],"replies":[{"embeddable":true,"href":"https:\/\/www.europesays.com\/de\/wp-json\/wp\/v2\/comments?post=1118419"}],"version-history":[{"count":0,"href":"https:\/\/www.europesays.com\/de\/wp-json\/wp\/v2\/posts\/1118419\/revisions"}],"wp:featuredmedia":[{"embeddable":true,"href":"https:\/\/www.europesays.com\/de\/wp-json\/wp\/v2\/media\/4958"}],"wp:attachment":[{"href":"https:\/\/www.europesays.com\/de\/wp-json\/wp\/v2\/media?parent=1118419"}],"wp:term":[{"taxonomy":"category","embeddable":true,"href":"https:\/\/www.europesays.com\/de\/wp-json\/wp\/v2\/categories?post=1118419"},{"taxonomy":"post_tag","embeddable":true,"href":"https:\/\/www.europesays.com\/de\/wp-json\/wp\/v2\/tags?post=1118419"}],"curies":[{"name":"wp","href":"https:\/\/api.w.org\/{rel}","templated":true}]}}