{"id":1118493,"date":"2026-06-24T15:07:29","date_gmt":"2026-06-24T15:07:29","guid":{"rendered":"https:\/\/www.europesays.com\/de\/1118493\/"},"modified":"2026-06-24T15:07:29","modified_gmt":"2026-06-24T15:07:29","slug":"novum-bei-die-bachelors-sebastian-paul-beendet-tv-liebessuche-vorzeitig","status":"publish","type":"post","link":"https:\/\/www.europesays.com\/de\/1118493\/","title":{"rendered":"Novum bei &#8222;Die Bachelors&#8220;\u00a0: Sebastian Paul beendet TV-Liebessuche vorzeitig"},"content":{"rendered":"<p>Novum bei &#8222;Die Bachelors&#8220;\u00a0Sebastian Paul beendet TV-Liebessuche vorzeitig<\/p>\n<p>24.06.2026, 13:52 Uhr <\/p>\n<p>Artikel anh\u00f6ren(04:12 min)<\/p>\n<p><img decoding=\"async\" class=\"Image_img__fQCi0 Image_Img_16_9__4BLfH widget-picture-inline_maximizable__t_E7h\" loading=\"eager\" fetchpriority=\"high\" src=\"https:\/\/www.europesays.com\/de\/wp-content\/uploads\/2026\/06\/Sebastian-Die-Verwendung-des-sendungsbezogenen-Materials-ist-nur-mit-dem-Hinweis-und-Verlinkung-auf-.webp\" alt=\"Sebastian-Die-Verwendung-des-sendungsbezogenen-Materials-ist-nur-mit-dem-Hinweis-und-Verlinkung-auf-RTL-gestattet\"\/>Bachelor Sebastian Paul muss nachdenken. (Foto: RTL)TeilenFolgen auf:<a href=\"https:\/\/www.whatsapp.com\/channel\/0029Va5cdVJD8SDp5YZgYF01\" title=\"Auf WhatsApp folgen\" target=\"_blank\" rel=\"nofollow noopener\"><img decoding=\"async\" src=\"https:\/\/www.n-tv.de\/socialIcons\/whatsapp.svg\" alt=\"whatsapp\" class=\"ArticleShare_icon__FsrC2\"\/><\/a><a href=\"https:\/\/www.google.com\/preferences\/source?q=n-tv.de\" title=\"ntv als bevorzugte Quelle auf Google hinzuf\u00fcgen\" target=\"_blank\" rel=\"nofollow noopener\"><img decoding=\"async\" src=\"https:\/\/www.n-tv.de\/socialIcons\/google.svg\" alt=\"whatsapp\" class=\"ArticleShare_icon__FsrC2\"\/><\/a><\/p>\n<p class=\"Typography_text-m__XI0da Typography_weight-bold__uT6mq storyline_lead_text_leadtext__q_wg8\">In der achten Folge der aktuellen &#8222;Die Bachelors&#8220;-Staffel ist f\u00fcr einen der zwei Rosenkavaliere bereits klar, dass das TV-Dating f\u00fcr ihn jetzt ein Ende hat. Daf\u00fcr gibt Sebastian Paul einen nachvollziehbaren Grund an.<\/p>\n<p class=\"Typography_text-default__P3otY Typography_weight-normal__pqUbH storyline_paragraph_p__qSR5N\">Das gab es bei &#8222;Die Bachelors&#8220; noch nie. In Folge acht der RTL-Datingshow kommt es zu einer Entscheidung, die den weiteren Verlauf der Staffel \u00fcberschatten wird. Bereits in der vergangenen Woche hatte sich bei Bachelor Sebastian Paul Gef\u00fchlschaos angedeutet: Der 33-J\u00e4hrige verteilte in der Nacht der Rosen keine der begehrten Schnittblumen an liebeshungrige Kandidatinnen.<\/p>\n<p class=\"Typography_text-default__P3otY Typography_weight-normal__pqUbH storyline_paragraph_p__qSR5N\">&#8222;Ich war immer ehrlich zu euch. Und ich m\u00f6chte auch jetzt ehrlich sein. Ich kann heute Abend keine Rosen verteilen. Ich habe einfach ganz viele Fragezeichen in meinem Kopf&#8220;, versuchte sich der Bachelor in einer Erkl\u00e4rung. Er m\u00fcsse sich nun erst einmal zur\u00fcckziehen und seine Gedanken ordnen.<\/p>\n<p class=\"Typography_text-default__P3otY Typography_weight-normal__pqUbH storyline_paragraph_p__qSR5N\">Im Vier-Augen-Gespr\u00e4ch mit &#8222;Die Bachelors&#8220;-Mitstreiter Tim Reitz legte Sebastian Paul dann seine Gef\u00fchle offen. Es w\u00fcrde sich einfach nicht richtig anf\u00fchlen, Rosen zu verteilen, erkl\u00e4rte er. Denn m\u00f6glicherweise sei er &#8222;schon ganz woanders&#8220; mit seinen Gedanken. &#8222;Mit meinem Herzen vielleicht auch&#8220;, so der 33-J\u00e4hrige.<\/p>\n<p class=\"Typography_text-default__P3otY Typography_weight-normal__pqUbH storyline_paragraph_p__qSR5N\"><b class=\"bold\">Achtung: Spoiler! <\/b><\/p>\n<p class=\"Typography_text-default__P3otY Typography_weight-normal__pqUbH storyline_paragraph_p__qSR5N\">In der achten Folge (hier bereits <a class=\"inline_link\" href=\"https:\/\/plus.rtl.de\/der-bachelor-p_5427?utm_campaign=home-event-1&amp;utm_medium=owned&amp;utm_source=rtl&amp;utm_term=na\" target=\"_blank\" rel=\"nofollow noopener\">auf RTL+ im Stream<\/a>) hat sich der TV-Junggeselle nun gesammelt und eine Entscheidung getroffen, &#8222;hinter der ich stehen kann&#8220;. Den verbleibenden Kandidatinnen Katalina, Lia, Franzi und Josi, die alle noch um ihn buhlen, offenbarte er, sich bereits so sehr in die 28-j\u00e4hrige Nadja verliebt zu haben, dass er keinen Sinn mehr darin sehe, mit dem Format weiterzumachen. &#8222;Ich wei\u00df, dass es echte Gef\u00fchle von mir sind. Es w\u00e4re nicht fair, euch gegen\u00fcber und nicht ehrlich mir selbst gegen\u00fcber, euch noch weiter kennenzulernen. Deswegen w\u00fcrde ich mich von euch verabschieden.&#8220;<\/p>\n<p><img decoding=\"async\" class=\"Image_img__fQCi0 Image_Img_16_9__4BLfH widget-picture-inline_maximizable__t_E7h\" loading=\"lazy\" src=\"https:\/\/www.n-tv.de\/logo_grey.svg\" alt=\"Nadja-Die-Verwendung-des-sendungsbezogenen-Materials-ist-nur-mit-dem-Hinweis-und-Verlinkung-auf-RTL-gestattet\"\/>Nadja hat gut lachen, ihretwegen will Sebastian Paul keine Rosen mehr verschenken. (Foto: RTL)&#8220;Komme mir einfach ein bisschen verarscht vor&#8220;<\/p>\n<p class=\"Typography_text-default__P3otY Typography_weight-normal__pqUbH storyline_paragraph_p__qSR5N\">Die vier Damen, die nun den K\u00fcrzeren ziehen, zeigen sich zwar entt\u00e4uscht, aber auch verst\u00e4ndnisvoll. &#8222;Man hat sich das nat\u00fcrlich f\u00fcr sich selbst gew\u00fcnscht, dass man diese Emotionen f\u00fchlen kann. Aber was viel sch\u00f6ner ist, dass man das als Au\u00dfenstehender sieht, was m\u00f6glich ist. Wir haben gemerkt, Gef\u00fchle k\u00f6nnen entstehen. Wie Nadja \u00fcber dich redet, ihre Augen leuchten. Wenn du mit ihr bist, du l\u00e4chelst. Es ist wundervoll. Wir alle w\u00fcnschen uns irgendwann so was in unserem Leben&#8220;, fasst Katalina Sebastian Paul  gegen\u00fcber die aktuelle Gef\u00fchlslage der Verschm\u00e4hten zusammen.<\/p>\n<p class=\"Typography_text-default__P3otY Typography_weight-normal__pqUbH storyline_paragraph_p__qSR5N\">Franzi \u00e4rgert sich allerdings, dass er seine Entscheidung offenbar schon lange getroffen hatte: &#8222;Ich komme mir einfach so ein bisschen verarscht vor, weil meine Zeit ist sehr kostbar. Ich habe auch Stolz und habe zu Hause auch was zu tun.&#8220;<\/p>\n<p class=\"Typography_text-default__P3otY Typography_weight-normal__pqUbH storyline_paragraph_p__qSR5N\">Nadja, die Auserw\u00e4hlte des Bachelors, schwebt indes verst\u00e4ndlicherweise auf Wolke sieben. &#8222;Das ist das Sch\u00f6nste, was man als Frau als Best\u00e4tigung bekommen kann&#8220;, schw\u00e4rmt die Stuttgarterin. &#8222;Es ist jetzt schon so ein inniges Verh\u00e4ltnis. Es f\u00fchlt sich so an, als w\u00e4re er eigentlich schon mein Freund&#8220;, beschriebt sie ihren aktuellen Beziehungsstatus mit Paul. Sogar Zukunftspl\u00e4ne schmiedet sie bereits: &#8222;So wie es sich jetzt anf\u00fchlt, f\u00fchlt es sich richtig an. Dann w\u00fcrde einer Hochzeit auch nichts im Wege stehen irgendwann.&#8220;<\/p>\n<p class=\"Typography_text-default__P3otY Typography_weight-normal__pqUbH storyline_paragraph_p__qSR5N\">Es sei eine &#8222;krasse Erleichterung&#8220; gewesen, die Wahrheit auszusprechen, gibt Sebastian Paul im RTL-Interview zu. &#8222;Ich w\u00fcrde schon sagen, dass ich auch ein bisschen verliebt bin, jetzt schon.&#8220; Seiner Auserw\u00e4hlten versichert er: &#8222;Ich habe ein Kribbeln, wenn ich neben dir sitze. Das hatte ich noch nicht, dass mich eine Frau so ehrlich ber\u00fchren kann.&#8220;<\/p>\n<p class=\"Typography_text-s__wu_cm Typography_weight-normal__pqUbH Typography_color-darkgrey__sZEnP article-detail-footer_source__KslPc\">Quelle: ntv.de, csp\/spot<\/p>\n","protected":false},"excerpt":{"rendered":"Novum bei &#8222;Die Bachelors&#8220;\u00a0Sebastian Paul beendet TV-Liebessuche vorzeitig 24.06.2026, 13:52 Uhr Artikel anh\u00f6ren(04:12 min) Bachelor Sebastian Paul muss&hellip;\n","protected":false},"author":2,"featured_media":1118494,"comment_status":"","ping_status":"","sticky":false,"template":"","format":"standard","meta":{"footnotes":"","_share_on_mastodon":"0"},"categories":[155],"tags":[29,236271,214,30,821,766,640,215],"class_list":["post-1118493","post","type-post","status-publish","format-standard","has-post-thumbnail","category-unterhaltung","tag-deutschland","tag-die-bachelors","tag-entertainment","tag-germany","tag-liebesleben","tag-reality-tv","tag-rtl","tag-unterhaltung"],"share_on_mastodon":{"url":"https:\/\/pubeurope.com\/@de\/116805714206220850","error":""},"_links":{"self":[{"href":"https:\/\/www.europesays.com\/de\/wp-json\/wp\/v2\/posts\/1118493","targetHints":{"allow":["GET"]}}],"collection":[{"href":"https:\/\/www.europesays.com\/de\/wp-json\/wp\/v2\/posts"}],"about":[{"href":"https:\/\/www.europesays.com\/de\/wp-json\/wp\/v2\/types\/post"}],"author":[{"embeddable":true,"href":"https:\/\/www.europesays.com\/de\/wp-json\/wp\/v2\/users\/2"}],"replies":[{"embeddable":true,"href":"https:\/\/www.europesays.com\/de\/wp-json\/wp\/v2\/comments?post=1118493"}],"version-history":[{"count":0,"href":"https:\/\/www.europesays.com\/de\/wp-json\/wp\/v2\/posts\/1118493\/revisions"}],"wp:featuredmedia":[{"embeddable":true,"href":"https:\/\/www.europesays.com\/de\/wp-json\/wp\/v2\/media\/1118494"}],"wp:attachment":[{"href":"https:\/\/www.europesays.com\/de\/wp-json\/wp\/v2\/media?parent=1118493"}],"wp:term":[{"taxonomy":"category","embeddable":true,"href":"https:\/\/www.europesays.com\/de\/wp-json\/wp\/v2\/categories?post=1118493"},{"taxonomy":"post_tag","embeddable":true,"href":"https:\/\/www.europesays.com\/de\/wp-json\/wp\/v2\/tags?post=1118493"}],"curies":[{"name":"wp","href":"https:\/\/api.w.org\/{rel}","templated":true}]}}