{"id":1118524,"date":"2026-06-24T15:23:16","date_gmt":"2026-06-24T15:23:16","guid":{"rendered":"https:\/\/www.europesays.com\/de\/1118524\/"},"modified":"2026-06-24T15:23:16","modified_gmt":"2026-06-24T15:23:16","slug":"schweinfurt-bgh-hebt-mordurteil-gegen-frueheren-us-soldat-auf-bayern","status":"publish","type":"post","link":"https:\/\/www.europesays.com\/de\/1118524\/","title":{"rendered":"Schweinfurt: BGH hebt Mordurteil gegen fr\u00fcheren US-Soldat auf &#8211; Bayern"},"content":{"rendered":"<p data-manual=\"paragraph\" data-schema-org-speakable=\"true\" class=\"css-1eosz7k\">Das Verfahren zum Tod einer jungen Frau vor mehr als 48 Jahren in Unterfranken muss neu aufgerollt werden. Der Bundesgerichtshof (BGH) hat das Urteil des Landgerichts Schweinfurt gegen einen 72-J\u00e4hrigen aufgehoben, wie das Gericht in Karlsruhe mitteilte. Zur Begr\u00fcndung hie\u00df es: \u201eDer Angeklagte hat mit Erfolg geltend gemacht, dass die Vorsitzende Richterin der Schwurgerichtskammer aufgrund ihrer vorherigen T\u00e4tigkeit im Auslieferungsverfahren als Beamtin der Generalstaatsanwaltschaft in dieser Strafsache kraft Gesetzes ausgeschlossen war.\u201c Das neuerliche Verfahren soll nun vor dem Landgericht W\u00fcrzburg stattfinden.<\/p>\n<p data-manual=\"paragraph\" data-schema-org-speakable=\"true\" class=\"css-1eosz7k\"><a href=\"https:\/\/www.sueddeutsche.de\/bayern\/schweinfurt-urteil-cold-case-mordprozess-us-soldat-1978-cornelia-huempfer-li.3290477\" rel=\"nofollow noopener\" target=\"_blank\">Das Landgericht Schweinfurt hatte den Angeklagten am 29. Juli 2025 wegen Mordes zu einer lebenslangen Freiheitsstrafe verurteilt<\/a>. Aus Sicht der Kammer gibt es keinen Zweifel an der T\u00e4terschaft des ehemaligen US-Soldaten, der zur Tatzeit am 20. April 1978 erst 24 Jahre alt war. Der Angeklagte hingegen hatte im Prozess seine Unschuld beteuert, seine Verteidiger hatten auf Freispruch pl\u00e4diert. <a href=\"https:\/\/www.sueddeutsche.de\/bayern\/schweinfurt-cold-case-ex-us-soldat-mordurteil-landgericht-revision-li.3295049\" rel=\"nofollow noopener\" target=\"_blank\">Gegen das Urteil hatte der Verd\u00e4chtige Revision eingelegt.<\/a><\/p>\n<p data-manual=\"paragraph\" data-schema-org-speakable=\"true\" class=\"css-1eosz7k\">Die Staatsanwaltschaft hatte eine lebenslange Haftstrafe wegen Mordes f\u00fcr den ehemaligen US-Soldaten verlangt, der 1978 in Schweinfurt stationiert war. Der Oberstaatsanwalt hatte in seinem Schlusswort auf DNA-Spuren des Verd\u00e4chtigen an der Kleidung des 18 Jahre alten Opfers verwiesen. Zudem gebe es zwei voneinander unabh\u00e4ngig zustande gekommene Aussagen von Zeugen, denen der Angeklagte die Tat vor Jahren gestanden haben soll.<\/p>\n<p data-manual=\"paragraph\" data-schema-org-speakable=\"true\" class=\"css-1eosz7k\">Der Angeklagte hatte im Prozess seine Unschuld beteuert. Die Ermittler glauben allerdings, dass der zur Tatzeit verheiratete Mann mit dem Opfer eine Aff\u00e4re hatte. Der damals 24-J\u00e4hrige soll die angehende Erzieherin mit 14 Messerstichen nahe Kolitzheim bei Schweinfurt get\u00f6tet haben, weil die 18-J\u00e4hrige gedroht haben soll, seiner damaligen Ehefrau von der Liaison und ihrer angeblichen Schwangerschaft zu erz\u00e4hlen.<\/p>\n","protected":false},"excerpt":{"rendered":"Das Verfahren zum Tod einer jungen Frau vor mehr als 48 Jahren in Unterfranken muss neu aufgerollt werden.&hellip;\n","protected":false},"author":2,"featured_media":1118525,"comment_status":"","ping_status":"","sticky":false,"template":"","format":"standard","meta":{"footnotes":"","_share_on_mastodon":"0"},"categories":[1844],"tags":[1634,772,14466,3364,29,22882,30,8903,205968,149],"class_list":["post-1118524","post","type-post","status-publish","format-standard","has-post-thumbnail","category-karlsruhe","tag-baden-wuerttemberg","tag-bayern","tag-cold-case","tag-de","tag-deutschland","tag-gerichtsprozesse-in-bayern","tag-germany","tag-karlsruhe","tag-landgericht-schweinfurt","tag-sueddeutsche-zeitung"],"share_on_mastodon":{"url":"https:\/\/pubeurope.com\/@de\/116805776695655194","error":""},"_links":{"self":[{"href":"https:\/\/www.europesays.com\/de\/wp-json\/wp\/v2\/posts\/1118524","targetHints":{"allow":["GET"]}}],"collection":[{"href":"https:\/\/www.europesays.com\/de\/wp-json\/wp\/v2\/posts"}],"about":[{"href":"https:\/\/www.europesays.com\/de\/wp-json\/wp\/v2\/types\/post"}],"author":[{"embeddable":true,"href":"https:\/\/www.europesays.com\/de\/wp-json\/wp\/v2\/users\/2"}],"replies":[{"embeddable":true,"href":"https:\/\/www.europesays.com\/de\/wp-json\/wp\/v2\/comments?post=1118524"}],"version-history":[{"count":0,"href":"https:\/\/www.europesays.com\/de\/wp-json\/wp\/v2\/posts\/1118524\/revisions"}],"wp:featuredmedia":[{"embeddable":true,"href":"https:\/\/www.europesays.com\/de\/wp-json\/wp\/v2\/media\/1118525"}],"wp:attachment":[{"href":"https:\/\/www.europesays.com\/de\/wp-json\/wp\/v2\/media?parent=1118524"}],"wp:term":[{"taxonomy":"category","embeddable":true,"href":"https:\/\/www.europesays.com\/de\/wp-json\/wp\/v2\/categories?post=1118524"},{"taxonomy":"post_tag","embeddable":true,"href":"https:\/\/www.europesays.com\/de\/wp-json\/wp\/v2\/tags?post=1118524"}],"curies":[{"name":"wp","href":"https:\/\/api.w.org\/{rel}","templated":true}]}}