{"id":1118538,"date":"2026-06-24T15:30:16","date_gmt":"2026-06-24T15:30:16","guid":{"rendered":"https:\/\/www.europesays.com\/de\/1118538\/"},"modified":"2026-06-24T15:30:16","modified_gmt":"2026-06-24T15:30:16","slug":"mutmassliche-handgranate-im-gleisbereich-in-oberbarmen-vorfall-in-wuppertal","status":"publish","type":"post","link":"https:\/\/www.europesays.com\/de\/1118538\/","title":{"rendered":"Mutma\u00dfliche Handgranate im Gleisbereich in Oberbarmen: Vorfall in Wuppertal"},"content":{"rendered":"<p class=\"text_ohne_einzug richtext text-em-55 !leading-serif mx-6 desktop:mx-0\">Der Fund einer mutma\u00dflichen Handgranate hat am Mittwoch, 24. Juni, zu einem Polizeieinsatz im Bereich der Gleise in H\u00f6he der Widukindstra\u00dfe gef\u00fchrt. Laut Polizeisprecher meldete eine Privatperson sich gegen 14 Uhr bei der Polizei. Gesperrt sind aufgrund des Einsatzes die Bahnh\u00f6fe Oberbarmen, Barmen und Langerfeld.<\/p>\n<p class=\"richtext text-em-55 !leading-serif mx-6 desktop:mx-0\">Laut dem Portal Zuginfo NRW sind derzeit keine Zugfahrten zwischen Wuppertal Hbf und Hagen Hbf m\u00f6glich. Weitere Informationen folgen.<\/p>\n","protected":false},"excerpt":{"rendered":"Der Fund einer mutma\u00dflichen Handgranate hat am Mittwoch, 24. Juni, zu einem Polizeieinsatz im Bereich der Gleise in&hellip;\n","protected":false},"author":2,"featured_media":1118539,"comment_status":"","ping_status":"","sticky":false,"template":"","format":"standard","meta":{"footnotes":"","_share_on_mastodon":"0"},"categories":[1840],"tags":[3364,29,30,20442,10270,1209,4418],"class_list":["post-1118538","post","type-post","status-publish","format-standard","has-post-thumbnail","category-wuppertal","tag-de","tag-deutschland","tag-germany","tag-hagen","tag-hbf","tag-nordrhein-westfalen","tag-wuppertal"],"share_on_mastodon":{"url":"https:\/\/pubeurope.com\/@de\/116805804423940718","error":""},"_links":{"self":[{"href":"https:\/\/www.europesays.com\/de\/wp-json\/wp\/v2\/posts\/1118538","targetHints":{"allow":["GET"]}}],"collection":[{"href":"https:\/\/www.europesays.com\/de\/wp-json\/wp\/v2\/posts"}],"about":[{"href":"https:\/\/www.europesays.com\/de\/wp-json\/wp\/v2\/types\/post"}],"author":[{"embeddable":true,"href":"https:\/\/www.europesays.com\/de\/wp-json\/wp\/v2\/users\/2"}],"replies":[{"embeddable":true,"href":"https:\/\/www.europesays.com\/de\/wp-json\/wp\/v2\/comments?post=1118538"}],"version-history":[{"count":0,"href":"https:\/\/www.europesays.com\/de\/wp-json\/wp\/v2\/posts\/1118538\/revisions"}],"wp:featuredmedia":[{"embeddable":true,"href":"https:\/\/www.europesays.com\/de\/wp-json\/wp\/v2\/media\/1118539"}],"wp:attachment":[{"href":"https:\/\/www.europesays.com\/de\/wp-json\/wp\/v2\/media?parent=1118538"}],"wp:term":[{"taxonomy":"category","embeddable":true,"href":"https:\/\/www.europesays.com\/de\/wp-json\/wp\/v2\/categories?post=1118538"},{"taxonomy":"post_tag","embeddable":true,"href":"https:\/\/www.europesays.com\/de\/wp-json\/wp\/v2\/tags?post=1118538"}],"curies":[{"name":"wp","href":"https:\/\/api.w.org\/{rel}","templated":true}]}}