{"id":1118594,"date":"2026-06-24T16:00:21","date_gmt":"2026-06-24T16:00:21","guid":{"rendered":"https:\/\/www.europesays.com\/de\/1118594\/"},"modified":"2026-06-24T16:00:21","modified_gmt":"2026-06-24T16:00:21","slug":"ganz-heiss-lok-leipzig-vor-verpflichtung-von-drittliga-stuermer-sport","status":"publish","type":"post","link":"https:\/\/www.europesays.com\/de\/1118594\/","title":{"rendered":"Ganz hei\u00df: Lok Leipzig vor Verpflichtung von Drittliga-St\u00fcrmer | Sport"},"content":{"rendered":"<p data-21134c99=\"0-2346\"><b>Kurz nach 14 Uhr startete am Mittwoch die neue Zeitrechnung bei Regionalliga-Meister <\/b><a href=\"https:\/\/www.bild.de\/sport\/fussball\/lok-leipzig\/home-80643548.bild.html\" class=\"text-link\" rel=\"nofollow noopener\" target=\"_blank\"><b>Lok Leipzig<\/b><\/a><b>. Bei br\u00fctender Hitze bat Neu-Trainer Torsten Ziegner, der auf Jochen Seitz folgte, zum ersten Training. Der Kader \u2013 noch recht \u00fcbersichtlich. Nur 19 Spieler schwitzten gut anderthalb Stunden.<\/b><\/p>\n<p>Lok Leipzig will Ricky Bornschein aus Aue holen<\/p>\n<p data-21134c99=\"0-2346\">\u201eEs ist eine tolle Mannschaft mit einer extrem guten Qualit\u00e4t\u201c, sagt Ziegner. \u201eAber es ist auch ein Fakt, dass es nicht viele sind und dass wir da noch etwas machen m\u00fcssen.\u201c Nach BILD-Informationen steht Lok dabei vor einem Transferkracher im Sturm. Die Verhandlungen mit Ricky Bornschein (26), der 30 Drittligaspiele f\u00fcr <a href=\"https:\/\/www.bild.de\/sport\/fussball\/fc-erzgebirge-aue\/startseite-aue-31148950.bild.html\" class=\"text-link\" rel=\"nofollow noopener\" target=\"_blank\">Erzgebirge Aue<\/a> absolvierte, sollen bereits weit fortgeschritten sein. Er k\u00f6nnte der Nachfolger von Torj\u00e4ger Stefan Maderer (nach Sandhausen) werden. Bornschein, dessen Vertrag in Aue ausgelaufen war und der sich bei Klub und Mannschaft auch bereits verabschiedet hat, hatte im Jahr 2025 seine Krebserkrankung \u00f6ffentlich gemacht und sich nach der OP erfolgreich zur\u00fcck in den Profifu\u00dfball gek\u00e4mpft.<\/p>\n<p><img decoding=\"async\" width=\"992\" height=\"558\" alt=\"Ricky Bornschein steht vor einem Wechsel von Erzgebirge Aue zu Lok Leipzig\" loading=\"lazy\" src=\"https:\/\/www.europesays.com\/de\/wp-content\/uploads\/2026\/06\/f2117e91047e7ad2efa11b03a110add0,b2c80db9.jpeg\"   class=\"landscape\"\/><\/p>\n<p class=\"fig__caption__text\">Ricky Bornschein steht vor einem Wechsel von Erzgebirge Aue zu Lok Leipzig<\/p>\n<p>Foto: picture alliance\/PICTURE POINT<\/p>\n<p data-21134c99=\"0-2346\">Mit Torwart Felix Daffner (19) war der erste Neuzugang bereits im Training. Er kommt aus dem Nachwuchs von Bundesligist RB Leipzig und unterschrieb zun\u00e4chst f\u00fcr ein Jahr. Zudem werden vier Probespieler getestet. Anton Lange (20) ist Innenverteidiger und war zuletzt bei Hannover 96 II in der Regionalliga Nord am Ball. Noah Wallen\u00dfus (21) ist ein St\u00fcrmer, der in der Jugend von Werder Bremen ausgebildet wurde. In der letzten Saison kam er f\u00fcr den BSV Rehden auf 17 Tore und sechs Vorlagen in der Oberliga Niedersachsen. Patrick Vuc (22) ist ein Mittelfeldspieler, der zuletzt in der 2. Liga in Rum\u00e4nien kickte. Gabriel Sedlak (20), ebenfalls Mittelfeldspieler, durfte f\u00fcr den MSV Duisburg einmal in der 3. Liga ran. <\/p>\n<p>Ziegner: \u201eWir sind die Gejagten\u201c<\/p>\n<p data-21134c99=\"0-2346\">Noch nicht dabei waren Dorian Cevis (Probleme mit dem Weisheitszahn) und Jonas Arcalean (nach Schulter-OP). Malik McLemore konnte nach seinem erneuten Kreuzbandriss nur Zaungast sein: \u201eAnfang Juli ist mein OP-Termin. Danach geht es in die Reha-Phase. Den Ablauf kenne ich ja schon &#8230;\u201c<\/p>\n<p data-21134c99=\"0-2346\">Trotz aller Probleme und eines l\u00e4ngst nicht vollen Kaders, der aus 20 Feldspielern und drei Torh\u00fctern bestehen soll, wei\u00df Ziegner: \u201eWir sind die Gejagten. Keine Mannschaft war in den letzten zwei Jahren so gut wie Lok Leipzig.\u201c <\/p>\n","protected":false},"excerpt":{"rendered":"Kurz nach 14 Uhr startete am Mittwoch die neue Zeitrechnung bei Regionalliga-Meister Lok Leipzig. Bei br\u00fctender Hitze bat&hellip;\n","protected":false},"author":2,"featured_media":1118595,"comment_status":"","ping_status":"","sticky":false,"template":"","format":"standard","meta":{"footnotes":"","_share_on_mastodon":"0"},"categories":[1832],"tags":[3364,29,996,15427,347,30,71,3457,3459,3458,859,4580,3460],"class_list":["post-1118594","post","type-post","status-publish","format-standard","has-post-thumbnail","category-leipzig","tag-de","tag-deutschland","tag-dritte-liga","tag-fc-erzgebirge-aue","tag-fussball","tag-germany","tag-leipzig","tag-lok-leipzig","tag-regionalliga","tag-regionalliga-nordost","tag-sachsen","tag-schmidt-andre","tag-sport-leuchtturm-leipzig"],"share_on_mastodon":{"url":"https:\/\/pubeurope.com\/@de\/116805923315348584","error":""},"_links":{"self":[{"href":"https:\/\/www.europesays.com\/de\/wp-json\/wp\/v2\/posts\/1118594","targetHints":{"allow":["GET"]}}],"collection":[{"href":"https:\/\/www.europesays.com\/de\/wp-json\/wp\/v2\/posts"}],"about":[{"href":"https:\/\/www.europesays.com\/de\/wp-json\/wp\/v2\/types\/post"}],"author":[{"embeddable":true,"href":"https:\/\/www.europesays.com\/de\/wp-json\/wp\/v2\/users\/2"}],"replies":[{"embeddable":true,"href":"https:\/\/www.europesays.com\/de\/wp-json\/wp\/v2\/comments?post=1118594"}],"version-history":[{"count":0,"href":"https:\/\/www.europesays.com\/de\/wp-json\/wp\/v2\/posts\/1118594\/revisions"}],"wp:featuredmedia":[{"embeddable":true,"href":"https:\/\/www.europesays.com\/de\/wp-json\/wp\/v2\/media\/1118595"}],"wp:attachment":[{"href":"https:\/\/www.europesays.com\/de\/wp-json\/wp\/v2\/media?parent=1118594"}],"wp:term":[{"taxonomy":"category","embeddable":true,"href":"https:\/\/www.europesays.com\/de\/wp-json\/wp\/v2\/categories?post=1118594"},{"taxonomy":"post_tag","embeddable":true,"href":"https:\/\/www.europesays.com\/de\/wp-json\/wp\/v2\/tags?post=1118594"}],"curies":[{"name":"wp","href":"https:\/\/api.w.org\/{rel}","templated":true}]}}