{"id":1118598,"date":"2026-06-24T16:02:16","date_gmt":"2026-06-24T16:02:16","guid":{"rendered":"https:\/\/www.europesays.com\/de\/1118598\/"},"modified":"2026-06-24T16:02:16","modified_gmt":"2026-06-24T16:02:16","slug":"duesseldorf-deutlich-weniger-wohnungseinbrueche-in-garath-und-hellerhof","status":"publish","type":"post","link":"https:\/\/www.europesays.com\/de\/1118598\/","title":{"rendered":"D\u00fcsseldorf: Deutlich weniger Wohnungseinbr\u00fcche in Garath und Hellerhof"},"content":{"rendered":"<p class=\"text_ohne_einzug richtext text-em-55 !leading-serif mx-6 desktop:mx-0\"> Die Kriminalit\u00e4t in Garath und Hellerhof bewegt sich seit Jahren auf einem \u00e4hnlichen Niveau. Das zeigt nun die Auswertung einer polizeilichen Statistik f\u00fcr D\u00fcsseldorfs s\u00fcdlichsten Stadtbezirk. Angestiegen sind demnach die F\u00e4lle der Stra\u00dfenkriminalit\u00e4t. Deutlich gesunken ist die Zahl der Wohnungseinbr\u00fcche.<\/p>\n<p class=\"richtext text-em-55 !leading-serif mx-6 desktop:mx-0\">\u201eWir sehen eine leichte Stagnation\u201c erkl\u00e4rte Jan Baumann beim Blick auf die Gesamtzahlen. Der Leiter der Polizeiinspektion S\u00fcd stellte am Dienstagabend den Mitgliedern der Bezirksvertretung 10 die aktuelle Sicherheitslage vor. Betrachtet wurden daf\u00fcr die F\u00e4lle aus dem vergangenen Jahr. Im Vergleich zu 2024 ist die Gesamtkriminalit\u00e4t in Garath und Hellerhof leicht um 0,4 Prozent gestiegen. Insgesamt 1503 Mal musste die <a href=\"https:\/\/rp-online.de\/thema\/polizei\/\" rel=\"nofollow noopener\" target=\"_blank\">Polizei<\/a> gerufen werden. <\/p>\n<p class=\"richtext text-em-55 !leading-serif mx-6 desktop:mx-0\">Am deutlichsten gesunken ist die Zahl der Wohnungseinbr\u00fcche. 32 Mal r\u00fcckte die Polizei 2025 deshalb in Garath und 24 Mal in Hellerhof aus. Das ist ein R\u00fcckgang von insgesamt rund 26 Prozent im Vergleich zum Vorjahr. Corinna Mauersberger (CDU) lobte in der Sitzung diese Entwicklung. Bei dem Thema sei schnell reagiert worden \u2013 etwa durch mehr Polizeipr\u00e4senz, Anwohner h\u00e4tten sich zudem in Whatsapp-Gruppen zusammengeschlossen. <\/p>\n<p class=\"richtext text-em-55 !leading-serif mx-6 desktop:mx-0\">Etwas weniger erfreulich ist dagegen der Trend bei der Stra\u00dfenkriminalit\u00e4t: 318 F\u00e4lle wurden in Garath gemeldet (2024 waren es noch 258) und 81 in Hellerhof (2024: 38). Jan Baumann hob hervor, dass als \u201eFallzahlentreiber\u201c vor allem Diebst\u00e4hle von Fahrr\u00e4dern oder von Gegenst\u00e4nden aus Autos heraus gemessen worden seien. Zur Stra\u00dfenkriminalit\u00e4t geh\u00f6ren etwa auch schwere oder gef\u00e4hrliche K\u00f6rperverletzungen sowie Taschendiebst\u00e4hle oder Raub auf Stra\u00dfen, Wegen oder Pl\u00e4tzen. <\/p>\n<p class=\"richtext text-em-55 !leading-serif mx-6 desktop:mx-0\">Was zum Beispiel das Delikt Raub angeht, seien die Zahlen \u201egl\u00fccklicherweise niedrig.\u201c Sie stiegen 2025 im Stadtbezirk um f\u00fcnf Taten auf insgesamt elf an. Das ist zwar ein beachtlicher Zuwachs um 83 Prozent \u2013 was allerdings an den insgesamt kleinen Fallzahlen liegt. Zum Vergleich: Im einwohnerst\u00e4rkeren Stadtbezirk 9 kam es 2025 insgesamt 16 Mal zum Raub. <\/p>\n<p class=\"richtext text-em-55 !leading-serif mx-6 desktop:mx-0\">Gestiegen sind in ganz D\u00fcsseldorf etwa auch die bei der Polizei gemeldeten F\u00e4lle h\u00e4uslicher Gewalt. Daf\u00fcr liegen lediglich Gesamtzahlen f\u00fcr die von den jeweiligen Polizeiinspektionen betreuten Bereiche vor. Die Beamten der Polizeiinspektion S\u00fcd mussten im vergangenen Jahr 575 Mal wegen h\u00e4uslicher Gewalt zur Hilfe kommen (2024: 482). Zum Einsatzgebiet geh\u00f6rt neben den Stadtbezirken 9 und 10 auch der gro\u00dfe Bezirk 3 mit Oberbilk, Unterbilk, Bilk, Friedrichstadt, Hafen, Hamm, Flehe und Volmerswerth. In ganz D\u00fcsseldorf wurde die Polizei im vergangenen Jahr 1130 Mal wegen h\u00e4uslicher Gewalt gerufen (2024: 998). <\/p>\n<p class=\"richtext text-em-55 !leading-serif mx-6 desktop:mx-0\">In der Sitzung der Bezirksvertretung 10 sah nun Christiane Sieghart-Edel (SPD) als best\u00e4tigt an, dass Garath und Hellerhof \u201esehr ruhige und befriedete Stadtteile\u201c seien. \u201eIch w\u00fcrde jedem raten, hier zu wohnen\u201c, sagte sie. \u201eWir leben im Verh\u00e4ltnis auf einer friedlichen Insel.\u201c<\/p>\n","protected":false},"excerpt":{"rendered":"Die Kriminalit\u00e4t in Garath und Hellerhof bewegt sich seit Jahren auf einem \u00e4hnlichen Niveau. Das zeigt nun die&hellip;\n","protected":false},"author":2,"featured_media":1118599,"comment_status":"","ping_status":"","sticky":false,"template":"","format":"standard","meta":{"footnotes":"","_share_on_mastodon":"0"},"categories":[1831],"tags":[3364,29,3405,7852,30,1209,924],"class_list":["post-1118598","post","type-post","status-publish","format-standard","has-post-thumbnail","category-duesseldorf","tag-de","tag-deutschland","tag-duesseldorf","tag-garath","tag-germany","tag-nordrhein-westfalen","tag-statistik"],"share_on_mastodon":{"url":"","error":""},"_links":{"self":[{"href":"https:\/\/www.europesays.com\/de\/wp-json\/wp\/v2\/posts\/1118598","targetHints":{"allow":["GET"]}}],"collection":[{"href":"https:\/\/www.europesays.com\/de\/wp-json\/wp\/v2\/posts"}],"about":[{"href":"https:\/\/www.europesays.com\/de\/wp-json\/wp\/v2\/types\/post"}],"author":[{"embeddable":true,"href":"https:\/\/www.europesays.com\/de\/wp-json\/wp\/v2\/users\/2"}],"replies":[{"embeddable":true,"href":"https:\/\/www.europesays.com\/de\/wp-json\/wp\/v2\/comments?post=1118598"}],"version-history":[{"count":0,"href":"https:\/\/www.europesays.com\/de\/wp-json\/wp\/v2\/posts\/1118598\/revisions"}],"wp:featuredmedia":[{"embeddable":true,"href":"https:\/\/www.europesays.com\/de\/wp-json\/wp\/v2\/media\/1118599"}],"wp:attachment":[{"href":"https:\/\/www.europesays.com\/de\/wp-json\/wp\/v2\/media?parent=1118598"}],"wp:term":[{"taxonomy":"category","embeddable":true,"href":"https:\/\/www.europesays.com\/de\/wp-json\/wp\/v2\/categories?post=1118598"},{"taxonomy":"post_tag","embeddable":true,"href":"https:\/\/www.europesays.com\/de\/wp-json\/wp\/v2\/tags?post=1118598"}],"curies":[{"name":"wp","href":"https:\/\/api.w.org\/{rel}","templated":true}]}}