{"id":1118602,"date":"2026-06-24T16:04:28","date_gmt":"2026-06-24T16:04:28","guid":{"rendered":"https:\/\/www.europesays.com\/de\/1118602\/"},"modified":"2026-06-24T16:04:28","modified_gmt":"2026-06-24T16:04:28","slug":"verfolgungsjagd-in-stuttgart-mercedes-fahrer-fluechtet-vor-polizei-und-durchbricht-zaun","status":"publish","type":"post","link":"https:\/\/www.europesays.com\/de\/1118602\/","title":{"rendered":"Verfolgungsjagd in Stuttgart: Mercedes-Fahrer fl\u00fcchtet vor Polizei \u2013 und durchbricht Zaun"},"content":{"rendered":"<p>\t\t\t\t\t\t\t\t\t\t\t\t\t\t\t\t\t\t\t\t\t\t\t\t\t\t\t\t      \t\t            \t\t             \t\t\t\t   \t\t\t\t\t   <img decoding=\"async\" id=\"article-image\" fetchpriority=\"high\" alt=\"Verfolgungsjagd in Stuttgart: Mercedes-Fahrer fl\u00fcchtet vor Polizei \u2013 und durchbricht Zaun\" onclick=\"var pA=document.createElement('a');pA.setAttribute('href','https:\/\/www.stuttgarter-nachrichten.de\/gallery.verfolgungsjagd-in-stuttgart-mercedes-fahrer-fluechtet-vor-polizei-und-durchbricht-zaun.bdcc4403-0491-4796-ad1e-963715e84b2c.html'),pA.click();\" title=\"Verfolgungsjagd in Stuttgart: Mercedes-Fahrer fl\u00fcchtet vor Polizei \u2013 und durchbricht Zaun\" src=\"https:\/\/www.europesays.com\/de\/wp-content\/uploads\/2026\/06\/media.media.b3d6069a-df46-4662-a17a-3de723ee49ca.16x9_700.jpg\" data-linkto=\"https:\/\/www.stuttgarter-nachrichten.de\/gallery.verfolgungsjagd-in-stuttgart-mercedes-fahrer-fluechtet-vor-polizei-und-durchbricht-zaun.bdcc4403-0491-4796-ad1e-963715e84b2c.html\"\/>\t\t\t\t\t\t\t\t\t\t\t\t\t\t\t\t\t\t\t\t\t\t\t\tDie Flucht vor der Polizei endete f\u00fcr einen Mercedes-Fahrer in einem Unfall.\u00a0Foto: Fotoagentur Stuttgart\/Andreas Rosar\t\t\t<\/p>\n<p>In Stuttgart liefert sich ein Mercedes-Fahrer am Mittwoch eine Verfolgungsjagd mit der Polizei \u2013 und macht dabei auch vor einem Zaun nicht halt.<\/p>\n<p>Um nicht in eine Polizeikontrolle zu geraten, hat sich am Mittwochmorgen ein Mercedes-Fahrer in <a href=\"https:\/\/www.stuttgarter-nachrichten.de\/thema\/Stuttgart\" title=\"Stuttgart\" class=\"art_thema\" rel=\"nofollow noopener\" target=\"_blank\">Stuttgart<\/a> eine <a href=\"https:\/\/www.stuttgarter-nachrichten.de\/thema\/Verfolgungsjagd\" title=\"Verfolgungsjagd\" class=\"art_thema\" rel=\"nofollow noopener\" target=\"_blank\">Verfolgungsjagd<\/a> mit der <a href=\"https:\/\/www.stuttgarter-nachrichten.de\/thema\/Polizei\" title=\"Polizei\" class=\"art_thema\" rel=\"nofollow noopener\" target=\"_blank\">Polizei<\/a> geliefert \u2013 und dabei einen <a href=\"https:\/\/www.stuttgarter-nachrichten.de\/thema\/Unfall\" title=\"Unfall\" class=\"art_thema\" rel=\"nofollow noopener\" target=\"_blank\">Unfall<\/a> gebaut. Das best\u00e4tigte die Polizei auf Nachfrage. <\/p>\n<p>Bilder unseres Fotografen zeigen, wie der Mercedes nahe des T\u00dcV-Centers in Feuerbach einen Zaun durchbrach, bevor das stark besch\u00e4digte Auto letztlich zum Stehen kam \u2013 und wenig sp\u00e4ter abgeschleppt wurde. <\/p>\n<p>Wie eine Polizeisprecherin auf Nachfrage best\u00e4tigte, gebe es keine Hinweise darauf, dass die Person verletzt worden sei. Die Polizei war mit zahlreichen Einsatzkr\u00e4ften vor Ort. Auch ein Sp\u00fcrhund kam zum Einsatz.<\/p>\n","protected":false},"excerpt":{"rendered":"Die Flucht vor der Polizei endete f\u00fcr einen Mercedes-Fahrer in einem Unfall.\u00a0Foto: Fotoagentur Stuttgart\/Andreas Rosar In Stuttgart liefert&hellip;\n","protected":false},"author":2,"featured_media":1118603,"comment_status":"","ping_status":"","sticky":false,"template":"","format":"standard","meta":{"footnotes":"","_share_on_mastodon":"0"},"categories":[1830],"tags":[1634,3364,29,30,121,8248,1441,1284,40,5329],"class_list":["post-1118602","post","type-post","status-publish","format-standard","has-post-thumbnail","category-stuttgart","tag-baden-wuerttemberg","tag-de","tag-deutschland","tag-germany","tag-polizei","tag-polizeibericht-stuttgart","tag-stuttgart","tag-unfall","tag-verfolgungsjagd","tag-video"],"share_on_mastodon":{"url":"https:\/\/pubeurope.com\/@de\/116805939373032085","error":""},"_links":{"self":[{"href":"https:\/\/www.europesays.com\/de\/wp-json\/wp\/v2\/posts\/1118602","targetHints":{"allow":["GET"]}}],"collection":[{"href":"https:\/\/www.europesays.com\/de\/wp-json\/wp\/v2\/posts"}],"about":[{"href":"https:\/\/www.europesays.com\/de\/wp-json\/wp\/v2\/types\/post"}],"author":[{"embeddable":true,"href":"https:\/\/www.europesays.com\/de\/wp-json\/wp\/v2\/users\/2"}],"replies":[{"embeddable":true,"href":"https:\/\/www.europesays.com\/de\/wp-json\/wp\/v2\/comments?post=1118602"}],"version-history":[{"count":0,"href":"https:\/\/www.europesays.com\/de\/wp-json\/wp\/v2\/posts\/1118602\/revisions"}],"wp:featuredmedia":[{"embeddable":true,"href":"https:\/\/www.europesays.com\/de\/wp-json\/wp\/v2\/media\/1118603"}],"wp:attachment":[{"href":"https:\/\/www.europesays.com\/de\/wp-json\/wp\/v2\/media?parent=1118602"}],"wp:term":[{"taxonomy":"category","embeddable":true,"href":"https:\/\/www.europesays.com\/de\/wp-json\/wp\/v2\/categories?post=1118602"},{"taxonomy":"post_tag","embeddable":true,"href":"https:\/\/www.europesays.com\/de\/wp-json\/wp\/v2\/tags?post=1118602"}],"curies":[{"name":"wp","href":"https:\/\/api.w.org\/{rel}","templated":true}]}}