{"id":1118631,"date":"2026-06-24T16:21:23","date_gmt":"2026-06-24T16:21:23","guid":{"rendered":"https:\/\/www.europesays.com\/de\/1118631\/"},"modified":"2026-06-24T16:21:23","modified_gmt":"2026-06-24T16:21:23","slug":"angela-merkel-junger-kuenstler-malt-ihr-portraet-fuer-die-ahnengalerie","status":"publish","type":"post","link":"https:\/\/www.europesays.com\/de\/1118631\/","title":{"rendered":"Angela Merkel: Junger K\u00fcnstler malt ihr Portr\u00e4t f\u00fcr die Ahnengalerie"},"content":{"rendered":"<p>\u201eDa h\u00e4ng\u2019 ich dann eben\u201c: Angela Merkel versucht es mit Gleichmut zu nehmen. Ihr Portr\u00e4t wird in der Ahnengalerie h\u00e4ngen, gemalt von einem 28-J\u00e4hrigen.<\/p>\n<p class=\"is-first-paragraph\" data-external=\"Article.FirstParagraph\">Altkanzlerin Angela Merkel (CDU) hadert mit dem Gedanken, bald mit einem Portr\u00e4t in der Ahnengalerie des Kanzleramts zu h\u00e4ngen. \u201eEs ist komisch, wenn man langsam Geschichte wird\u201c, sagte die 71-J\u00e4hrige der Wochenzeitung \u201e<a class=\"is-link c-block-items__link is-external c-link--rich-text-renderer\" href=\"https:\/\/www.zeit.de\/2026\/28\/kanzlerinnenportraet-angela-merkel-jeremie-queyras-gemaelde-kanzleramt\" target=\"_blank\" title=\"Link wird in einem neuen Tab ge\u00f6ffnet\" rel=\"nofollow noopener\" data-internal-tracking-enabled=\"true\" data-internal-tracking=\"{&quot;action&quot;:&quot;click&quot;,&quot;label&quot;:&quot;link&quot;,&quot;name&quot;:&quot;Inline Element&quot;,&quot;data&quot;:{&quot;source&quot;:&quot;&quot;,&quot;target&quot;:&quot;https:\/\/www.zeit.de\/2026\/28\/kanzlerinnenportraet-angela-merkel-jeremie-queyras-gemaelde-kanzleramt&quot;,&quot;trackingName&quot;:&quot;&quot;,&quot;trackingLabel&quot;:&quot;&quot;}}\">Zeit<\/a>\u201c. Doch sie versuche, es mit Gleichmut zu nehmen: \u201eDa h\u00e4ng\u2019 ich dann eben.\u201c<\/p>\n<p>F\u00fcnf Jahre nach dem Ende ihrer Kanzlerschaft hat Merkel sich f\u00fcr die sogenannte Ahnengalerie im Bundeskanzleramt malen lassen. Monatelang stand sie daf\u00fcr Modell. Den Auftrag f\u00fcr das Portr\u00e4t erhielt der bislang eher unbekannte 28 Jahre alte K\u00fcnstler J\u00e9r\u00e9my Queyras. Seit dem Sommer 2025 traf er die ehemalige Bundeskanzlerin immer wieder und portr\u00e4tierte sie in einem eigens daf\u00fcr eingerichteten Atelier in Berlin. Die \u201eZeit\u201c hat diesen Prozess begleitet.<\/p>\n<p>Das Gem\u00e4lde soll am kommenden Dienstag im Bode-Museum in Berlin vorgestellt werden. Vom 1. Juli bis zum 4. Oktober k\u00f6nnen Besucher das Bild dort sehen. Danach soll das Bild in die Ahnengalerie des Kanzleramts kommen, fr\u00fchestens ab Oktober. Dort h\u00e4ngen die gemalten Portr\u00e4ts deutscher <a class=\"is-link c-block-items__link is-external c-link--rich-text-renderer\" href=\"https:\/\/editorial.one\/editor\/welt\/article\/6a3bb692113e90346dc4ad7a\/edit\" rel=\"nofollow noopener\" data-internal-tracking-enabled=\"true\" data-internal-tracking=\"{&quot;action&quot;:&quot;click&quot;,&quot;label&quot;:&quot;link&quot;,&quot;name&quot;:&quot;Inline Element&quot;,&quot;data&quot;:{&quot;source&quot;:&quot;&quot;,&quot;target&quot;:&quot;https:\/\/editorial.one\/editor\/welt\/article\/6a3bb692113e90346dc4ad7a\/edit&quot;,&quot;trackingName&quot;:&quot;&quot;,&quot;trackingLabel&quot;:&quot;&quot;}}\" target=\"_blank\">Bundeskanzler<\/a>.<\/p>\n<p>Der K\u00fcnstler zog f\u00fcr das Portr\u00e4t extra nach Berlin<\/p>\n<p>Merkel hatte bislang zu allen Spekulationen \u00fcber ihr Portr\u00e4t geschwiegen. Der \u201eZeit\u201c sagte sie nun, Queyras habe sich bereits 2022 informell bei ihr beworben, das Portr\u00e4t malen zu d\u00fcrfen. Erst im Juni 2025, nach einer ersten Begegnung, habe sie sich f\u00fcr den Maler entschieden.<\/p>\n<p>Queyras wuchs in Freiburg auf, studierte Kunst in London und Paris und zog f\u00fcr den Portr\u00e4t-Auftrag nach Berlin. Neben der Malerei besch\u00e4ftigt er sich auch mit der Rolle von KI in der Kunst und hat an zahlreichen Performances teilgenommen.<\/p>\n<p>Die Kanzlergalerie geht auf Helmut Schmidt zur\u00fcck, der sie 1976 im damaligen Bonner Kanzleramt ins Leben rief. Seither versammelt sie die Portr\u00e4ts der fr\u00fcheren Bundeskanzler.<\/p>\n<p>AFP\/coh<\/p>\n","protected":false},"excerpt":{"rendered":"\u201eDa h\u00e4ng\u2019 ich dann eben\u201c: Angela Merkel versucht es mit Gleichmut zu nehmen. Ihr Portr\u00e4t wird in der&hellip;\n","protected":false},"author":2,"featured_media":1118632,"comment_status":"","ping_status":"","sticky":false,"template":"","format":"standard","meta":{"footnotes":"","_share_on_mastodon":"0"},"categories":[1775],"tags":[34097,1793,236318,236319,29,214,30,182845,120373,1794,19814,110,200142,10794,215],"class_list":["post-1118631","post","type-post","status-publish","format-standard","has-post-thumbnail","category-kunst-und-design","tag-angela","tag-art-and-design","tag-bode-museum-berlin","tag-bundeskanzlerin-ks","tag-deutschland","tag-entertainment","tag-germany","tag-kanzler-ks","tag-kanzleramt-ks","tag-kunst-und-design","tag-merkel","tag-newsteam","tag-portraetmalerei-ks","tag-portraets","tag-unterhaltung"],"share_on_mastodon":{"url":"","error":""},"_links":{"self":[{"href":"https:\/\/www.europesays.com\/de\/wp-json\/wp\/v2\/posts\/1118631","targetHints":{"allow":["GET"]}}],"collection":[{"href":"https:\/\/www.europesays.com\/de\/wp-json\/wp\/v2\/posts"}],"about":[{"href":"https:\/\/www.europesays.com\/de\/wp-json\/wp\/v2\/types\/post"}],"author":[{"embeddable":true,"href":"https:\/\/www.europesays.com\/de\/wp-json\/wp\/v2\/users\/2"}],"replies":[{"embeddable":true,"href":"https:\/\/www.europesays.com\/de\/wp-json\/wp\/v2\/comments?post=1118631"}],"version-history":[{"count":0,"href":"https:\/\/www.europesays.com\/de\/wp-json\/wp\/v2\/posts\/1118631\/revisions"}],"wp:featuredmedia":[{"embeddable":true,"href":"https:\/\/www.europesays.com\/de\/wp-json\/wp\/v2\/media\/1118632"}],"wp:attachment":[{"href":"https:\/\/www.europesays.com\/de\/wp-json\/wp\/v2\/media?parent=1118631"}],"wp:term":[{"taxonomy":"category","embeddable":true,"href":"https:\/\/www.europesays.com\/de\/wp-json\/wp\/v2\/categories?post=1118631"},{"taxonomy":"post_tag","embeddable":true,"href":"https:\/\/www.europesays.com\/de\/wp-json\/wp\/v2\/tags?post=1118631"}],"curies":[{"name":"wp","href":"https:\/\/api.w.org\/{rel}","templated":true}]}}