{"id":1118655,"date":"2026-06-24T16:37:09","date_gmt":"2026-06-24T16:37:09","guid":{"rendered":"https:\/\/www.europesays.com\/de\/1118655\/"},"modified":"2026-06-24T16:37:09","modified_gmt":"2026-06-24T16:37:09","slug":"bis-zu-40-grad-gesundheitsamt-aachen-gibt-tipps-bei-extremer-hitze","status":"publish","type":"post","link":"https:\/\/www.europesays.com\/de\/1118655\/","title":{"rendered":"Bis zu 40 Grad: Gesundheitsamt Aachen gibt Tipps bei extremer Hitze"},"content":{"rendered":"<p>40 Grad und tropische N\u00e4chte <\/p>\n<p>Gesundheitsamt gibt Tipps bei extremer Hitze in der St\u00e4dteregion<\/p>\n<p>24.06.2026 &#8211; 13:06 UhrLesedauer: 2 Min.<\/p>\n<p><a href=\"#focus-0\" class=\"transition-colors block text-current relative\" data-sctrack=\"FocusGalleryImage.Reference\"><img fetchpriority=\"high\" data-testid=\"Opener.Image\"   loading=\"eager\" src=\"https:\/\/www.europesays.com\/de\/wp-content\/uploads\/2026\/06\/1782319028_557_image.jpg\" alt=\"imago images 0859604134\" title=\"imago images 0859604134\" width=\"7360\" height=\"4140\" class=\"bg-[url:var(--lqipURL)] bg-cover bg-center flex h-full w-full max-w-full\" style=\"--lqipURL:url('https:\/\/images.t-online.de\/2026\/06\/yUmRcNu8N6Zg\/0x386:7360x4140\/fit-in\/150x0\/filters:blur(25)\/image.jpg')\" decoding=\"async\"\/><img loading=\"lazy\" src=\"https:\/\/aachen.t-online.de\/s\/paper\/_next\/static\/media\/zoom-in.f7dae02f.svg\" alt=\"Vergr\u00f6\u00dfern des Bildes\" title=\"Vergr\u00f6\u00dfern des Bildes\" class=\"block h-[calc(var(--height)_\/_16_*_1rem)] w-[calc(var(--width)_\/_16_*_1rem)] max-w-none absolute right-8 bottom-8 rounded-4 bg-snow p-8\" style=\"--width:32;--height:32\" decoding=\"async\"\/><\/a><\/p>\n<p>Thermometer und Wasserglas (Symbolbild): Hitzewarnung \u2013 Gesundheitsamt r\u00e4t zu Trinken und k\u00fchlen R\u00e4umen. (Quelle: IMAGO)<\/p>\n<p><img loading=\"lazy\" src=\"https:\/\/aachen.t-online.de\/s\/paper\/_next\/static\/media\/audio-volume.6689034c.svg\" alt=\"\" title=\"\" class=\"block h-[calc(var(--height)_\/_16_*_1rem)] w-[calc(var(--width)_\/_16_*_1rem)] max-w-none group-hover:brightness-0 group-hover:invert\" style=\"--width:16;--height:16\" decoding=\"async\"\/>Vorlesen<\/p>\n<p>Aktuelle Zeit:0:00Gesamtdauer:0:00<\/p>\n<p>1x<\/p>\n<p class=\"text-center\">Jetzt neu bei t-online:<\/p>\n<p class=\"text-center\">Schriftgr\u00f6\u00dfe anpassen!<\/p>\n<p><img loading=\"lazy\" src=\"https:\/\/aachen.t-online.de\/s\/paper\/_next\/static\/media\/font-sizes.32942e33.svg\" alt=\"\" title=\"\" class=\"block h-[calc(var(--height)_\/_16_*_1rem)] w-[calc(var(--width)_\/_16_*_1rem)] max-w-none group-hover:hidden group-aria-expanded:hidden\" style=\"--width:16;--height:16\" decoding=\"async\"\/><img loading=\"lazy\" src=\"https:\/\/aachen.t-online.de\/s\/paper\/_next\/static\/media\/font-sizes-dark-mode.e382645c.svg\" alt=\"\" title=\"\" class=\"block h-[calc(var(--height)_\/_16_*_1rem)] w-[calc(var(--width)_\/_16_*_1rem)] max-w-none hidden group-hover:block group-aria-expanded:block\" style=\"--width:16;--height:16\" decoding=\"async\"\/><img loading=\"lazy\" src=\"https:\/\/aachen.t-online.de\/s\/paper\/_next\/static\/media\/sharing-menu-icon.1eb71368.svg\" alt=\"\" title=\"\" class=\"block h-[calc(var(--height)_\/_16_*_1rem)] w-[calc(var(--width)_\/_16_*_1rem)] max-w-none group-hover:brightness-0 group-hover:invert\" style=\"--width:16;--height:16\" decoding=\"async\"\/>Artikel teilen<\/p>\n<p class=\"font-bold text-18 leading-17 user-text-lg:text-22 user-text-xl:text-24\">Bis zu 40 Grad und tropische N\u00e4chte: Das Gesundheitsamt der St\u00e4dteRegion Aachen gibt Tipps zum Schutz vor den hohen Temperaturen.<\/p>\n<p class=\"text-18 leading-17 user-text-lg:text-22 user-text-xl:text-24\">Der Deutsche Wetterdienst hat f\u00fcr die St\u00e4dteRegion Aachen f\u00fcr Mittwoch, 24. Juni, und die kommenden Tage vor extremer Hitze gewarnt. Nach Angaben der St\u00e4dteregion werden Temperaturen zwischen 35 und 40 Grad erwartet. In den N\u00e4chten sollen die Werte zudem nicht unter 20 Grad sinken. Man spricht dabei von sogenannten Tropenn\u00e4chten.<\/p>\n<p class=\"text-18 leading-17 user-text-lg:text-22 user-text-xl:text-24\">Das Gesundheitsamt der St\u00e4dteregion Aachen hat deshalb Hitzeschutzempfehlungen ver\u00f6ffentlicht. Besonders wichtig sei es, regelm\u00e4\u00dfig und ausreichend zu trinken. Empfohlen werden Wasser, unges\u00fc\u00dfte Tees und Saftschorlen. Auch leichte, wasserreiche Speisen wie Obst und Gem\u00fcsesalate k\u00f6nnten den K\u00f6rper bei hohen Temperaturen entlasten.<\/p>\n<p>Fenster tags\u00fcber geschlossen lassen<\/p>\n<p class=\"text-18 leading-17 user-text-lg:text-22 user-text-xl:text-24\">F\u00fcr kostenlosen Zugang zu Trinkwasser verweist die St\u00e4dteregion auf den Wasserspender im Hauptverwaltungsgeb\u00e4ude an der Zollernstra\u00dfe 10 in Aachen. Dort k\u00f6nnen B\u00fcrgerinnen und B\u00fcrger eigene Flaschen auff\u00fcllen.<\/p>\n<p class=\"text-18 leading-17 user-text-lg:text-22 user-text-xl:text-24\">Damit sich Wohnungen weniger aufheizen, empfiehlt das Gesundheitsamt, fr\u00fch morgens oder nachts zu l\u00fcften. Tags\u00fcber sollten Fenster m\u00f6glichst geschlossen und R\u00e4ume abgedunkelt werden. Unn\u00f6tige Elektroger\u00e4te sollten ausgeschaltet bleiben.<\/p>\n<p class=\"text-18 leading-17 user-text-lg:text-22 user-text-xl:text-24\">Zum Schutz vor der Sonne r\u00e4t das Gesundheitsamt zu Sonnencreme mit hohem Lichtschutzfaktor, UV-Schutzkleidung, Sonnenbrille und Kopfbedeckung. Julia K\u00f6rmendy, Leiterin der Arbeitsgruppe Kommunales Gesundheitsmanagement und Pr\u00e4vention, erkl\u00e4rt, luftige lang\u00e4rmelige Kleidung sch\u00fctze sowohl vor Sonne als auch vor M\u00fccken. Gerade bei feuchter Hitze seien die Insekten besonders aktiv.<\/p>\n<p>\u00c4ltere Menschen, Wohnungslose und Kinder gef\u00e4hrdet<\/p>\n<p class=\"text-18 leading-17 user-text-lg:text-22 user-text-xl:text-24\">Besonders gef\u00e4hrdet sind laut Gesundheitsamt \u00e4ltere Menschen, Kinder, gesundheitlich beeintr\u00e4chtigte Personen, wohnungslose Menschen sowie Besch\u00e4ftigte im Freien. Die stellvertretende Leiterin des Gesundheitsamtes, Dr. Corinna Bank, ruft dazu auf, auf Nachbarn und andere Betroffene zu achten und bei Bedarf Hilfe anzubieten.<\/p>\n<p class=\"text-18 leading-17 user-text-lg:text-22 user-text-xl:text-24\">Zudem weist die Beh\u00f6rde darauf hin, dass manche Medikamente bei hohen Temperaturen ihre Wirksamkeit verlieren k\u00f6nnen. Betroffene sollten die Hitzevertr\u00e4glichkeit ihrer Arzneimittel pr\u00fcfen und gegebenenfalls \u00e4rztlichen Rat einholen.<\/p>\n","protected":false},"excerpt":{"rendered":"40 Grad und tropische N\u00e4chte Gesundheitsamt gibt Tipps bei extremer Hitze in der St\u00e4dteregion 24.06.2026 &#8211; 13:06 UhrLesedauer:&hellip;\n","protected":false},"author":2,"featured_media":1118656,"comment_status":"","ping_status":"","sticky":false,"template":"","format":"standard","meta":{"footnotes":"","_share_on_mastodon":"0"},"categories":[1853],"tags":[722,17161,1424,3364,29,4906,548,663,3934,30,36833,13,61775,14,15,1209,867,12,18025],"class_list":["post-1118655","post","type-post","status-publish","format-standard","has-post-thumbnail","category-aachen","tag-722","tag-17161","tag-aachen","tag-de","tag-deutschland","tag-dwd","tag-eu","tag-europa","tag-europe","tag-germany","tag-gesundheitsamt","tag-headlines","tag-hitzewarnung","tag-nachrichten","tag-news","tag-nordrhein-westfalen","tag-obst","tag-schlagzeilen","tag-staedteregion"],"share_on_mastodon":{"url":"https:\/\/pubeurope.com\/@de\/116806069930548221","error":""},"_links":{"self":[{"href":"https:\/\/www.europesays.com\/de\/wp-json\/wp\/v2\/posts\/1118655","targetHints":{"allow":["GET"]}}],"collection":[{"href":"https:\/\/www.europesays.com\/de\/wp-json\/wp\/v2\/posts"}],"about":[{"href":"https:\/\/www.europesays.com\/de\/wp-json\/wp\/v2\/types\/post"}],"author":[{"embeddable":true,"href":"https:\/\/www.europesays.com\/de\/wp-json\/wp\/v2\/users\/2"}],"replies":[{"embeddable":true,"href":"https:\/\/www.europesays.com\/de\/wp-json\/wp\/v2\/comments?post=1118655"}],"version-history":[{"count":0,"href":"https:\/\/www.europesays.com\/de\/wp-json\/wp\/v2\/posts\/1118655\/revisions"}],"wp:featuredmedia":[{"embeddable":true,"href":"https:\/\/www.europesays.com\/de\/wp-json\/wp\/v2\/media\/1118656"}],"wp:attachment":[{"href":"https:\/\/www.europesays.com\/de\/wp-json\/wp\/v2\/media?parent=1118655"}],"wp:term":[{"taxonomy":"category","embeddable":true,"href":"https:\/\/www.europesays.com\/de\/wp-json\/wp\/v2\/categories?post=1118655"},{"taxonomy":"post_tag","embeddable":true,"href":"https:\/\/www.europesays.com\/de\/wp-json\/wp\/v2\/tags?post=1118655"}],"curies":[{"name":"wp","href":"https:\/\/api.w.org\/{rel}","templated":true}]}}