{"id":1118657,"date":"2026-06-24T16:38:33","date_gmt":"2026-06-24T16:38:33","guid":{"rendered":"https:\/\/www.europesays.com\/de\/1118657\/"},"modified":"2026-06-24T16:38:33","modified_gmt":"2026-06-24T16:38:33","slug":"kieler-woche-2026-die-highlights-zum-endspurt","status":"publish","type":"post","link":"https:\/\/www.europesays.com\/de\/1118657\/","title":{"rendered":"Kieler Woche 2026: Die Highlights zum Endspurt"},"content":{"rendered":"<p>\n                Stand: 24.06.2026 15:12 Uhr<\/p>\n<p class=\"preface\">Halbzeit bei der Kieler Woche 2026! Zum Endspurt d\u00fcrfen sich Besucher noch bis zum 28. Juni unter anderem auf Konzerte, Windjammerparade und Abschlussfeuerwerk freuen. Die kommenden Highlights im \u00dcberblick.<\/p>\n<p class=\"textauthor\">von Alexander Scheck<\/p>\n<p class=\"\">Eine offizielle Zwischenbilanz gibt es zwar nicht, die Stadt <a href=\"https:\/\/www.ndr.de\/nachrichten\/schleswig-holstein\/Kiel-Aktuelle-Nachrichten-News-und-Videos,kiel7262.html\" title=\"Kiel - Aktuelle Nachrichten und Videos\" rel=\"nofollow noopener\" target=\"_blank\">Kiel<\/a> spricht aber bereits von &#8222;bisher besonders guten&#8220; Besucherzahlen f\u00fcr diese <a href=\"https:\/\/www.ndr.de\/nachrichten\/schleswig-holstein\/kieler_woche\/kieler-woche-kiwo-2026-programm-buehnen-konzerte-ueberblick,kielerwoche-152.html\" title=\"Kieler Woche 2026: Infos, Termine und Highlights im \u00dcberblick\" rel=\"nofollow noopener\" target=\"_blank\">Kieler Woche<\/a>. Besonders die Abendstunden seien gut besucht und selbst der sonst schw\u00e4chste KiWo-Tag, n\u00e4mlich der Montag, sei dieses Jahr \u00fcberdurchschnittlich voll gewesen. Bis zum Ende der Kieler Woche rechnet die Stadt mit insgesamt mehr als drei Millionen Besucherinnen und Besuchern.<\/p>\n<p>    Endspurt mit Windjammerparade und Abschlussfeuerwerk<\/p>\n<p class=\"\">Am finalen Wochenende wartet als gro\u00dfes Highlight noch die Windjammerparade auf alle KiWo-Fans. Sie ist f\u00fcr Sonnabend (27.6.) um 11 Uhr geplant. Eine Besonderheit in diesem Jahr: Erstmals wird es ein offizielles Kieler-Woche-Schiff geben. Diese Rolle \u00fcbernimmt der traditionsreiche Gro\u00dfsegler Mare Frisium, der in diesem Jahr sein 110. Jubil\u00e4um feiert.<\/p>\n<p>                    <a href=\"https:\/\/www.europesays.com\/de\/wp-content\/uploads\/2026\/06\/hintergrundbilder12540.webp\" class=\"zoomimage\" title=\"Bild vergr\u00f6\u00dfern\"><\/p>\n<p>        <img decoding=\"async\" src=\"https:\/\/www.europesays.com\/de\/wp-content\/uploads\/2026\/06\/hintergrundbilder12540.webp\" alt=\"Abschlussfeuerwerk Kieler Woche 2023\" title=\"Das gro\u00dfe Abschlussfeuerwerk geh\u00f6rt f\u00fcr viele zur Kieler Woche einfach dazu. Seit ein paar Jahren wird das Feuerwerk durch eine Drohnenshow erg\u00e4nzt. | Jens Wiemken, Jens Wiemken\" class=\"responsive\" loading=\"lazy\"\/><\/p>\n<p>                    <\/a><\/p>\n<p>                    Das gro\u00dfe Abschlussfeuerwerk geh\u00f6rt f\u00fcr viele zur Kieler Woche einfach dazu. Seit ein paar Jahren wird das Feuerwerk durch eine Drohnenshow erg\u00e4nzt.<\/p>\n<p class=\"\">Und nicht fehlen darf nat\u00fcrlich das gro\u00dfe Abschlussfeuerwerk, das die F\u00f6rde am Sonntagabend (28.6.) zum Leuchten bringen wird. Achtung: Die Au\u00dfenmole des Marine-Arsenals am Ostufer bleibt wie im letzten Jahr f\u00fcr Zuschauer gesperrt.<\/p>\n<p>    Gratis-Konzerte auf der Kieler Woche<\/p>\n<p class=\"\">Doch auch wer bis dahin nicht warten m\u00f6chte, kommt auf seine Kosten: Auch in der zweiten H\u00e4lfte der Kieler Woche wird ein abwechslungsreiches Musikprogramm geboten. Knapp 20 B\u00fchnen gibt es insgesamt, die meisten Konzerte sind wie immer kostenlos.<\/p>\n<p>    B\u00fchnen-Lageplan zur Kieler Woche 2026<\/p>\n<p>    Rathausb\u00fchne mit Surprise Act, Gentleman und Orchester<\/p>\n<p class=\"\">Am Mittwoch (24.6.) erwartet die Besucher auf der Rathausb\u00fchne neben einem &#8222;Tanz der Molek\u00fcle&#8220; mit der Band MIA. (20.15 Uhr) noch ein \u00dcberraschungsgast: Pop-Spa\u00df-S\u00e4nger Alexander Marcus sorgt ab 22.15 Uhr mit Songs wie &#8222;Papaya&#8220; und &#8222;Hawaii Toast&#8220; f\u00fcr sommerliche Stimmung. Am Freitag (26.6. &#8211; 20 Uhr) bringt Reggae-S\u00e4nger Gentleman mal ganz andere Kl\u00e4nge mit: beim Classic-Open-Air tritt er zusammen mit einem Orchester auf.<\/p>\n<p>    Mix aus Nostalgie und Moderne auf der F\u00f6rdeb\u00fchne<\/p>\n<p>                    <a href=\"https:\/\/www.europesays.com\/de\/wp-content\/uploads\/2026\/06\/kiwo-184.webp\" class=\"zoomimage\" title=\"Bild vergr\u00f6\u00dfern\"><\/p>\n<p>        <img decoding=\"async\" src=\"https:\/\/www.europesays.com\/de\/wp-content\/uploads\/2026\/06\/kiwo-184.webp\" alt=\"Max Giesinger bei einem Konzert\" title=\"Max Giesinger plant, nach diesem Sommer eine Konzertpause einzulegen. Bei der KiWo kann man ihn noch erwischen. | IMAGO\" class=\"responsive\" loading=\"lazy\"\/><\/p>\n<p>                    <\/a><\/p>\n<p>                    Max Giesinger plant, nach diesem Sommer eine Konzertpause einzulegen. Bei der KiWo kann man ihn noch erwischen.<\/p>\n<p class=\"\">Eine Mischung aus ganz frischen Stimmen sowie Klassikern aus den 80ern und 90ern gibt es auf der F\u00f6rdeb\u00fchne zu h\u00f6ren. Wiederkehrende G\u00e4ste sind hier Max Giesinger (25.6. &#8211; 20 Uhr) und Michael Schulte (28.6. &#8211; 21 Uhr). Wer hingegen Eurodance aus den 90ern vermisst, darf Culture Beat (26.6. &#8211; 21 Uhr) mit ihrem Hit Mr. Vain nicht verpassen.<\/p>\n<p>    Freilichtb\u00fchne Krusenkoppel<\/p>\n<p class=\"\">Auf der Freilichtb\u00fchne Krusenkoppel finden im Rahmen von &#8222;Gewaltig Leise&#8220; auch in diesem Jahr viele spannende Konzerte statt. Der Eintritt kostet hier allerdings Geld und um Tickets sollte man sich im Vorfeld bem\u00fchen. Ein noch ausstehendes Highlight in diesem Jahr: der Souls\u00e4nger Gregory Porter (26.6. &#8211; 20.30 Uhr).<\/p>\n<p>    Harte T\u00f6ne im Rockcamp<\/p>\n<p>                    <a href=\"https:\/\/www.europesays.com\/de\/wp-content\/uploads\/2026\/06\/kiwo-234.webp\" class=\"zoomimage\" title=\"Bild vergr\u00f6\u00dfern\"><\/p>\n<p>        <img decoding=\"async\" src=\"https:\/\/www.europesays.com\/de\/wp-content\/uploads\/2026\/06\/kiwo-234.webp\" alt=\"Die Band Earthbong bei einem Konzert\" title=\"Langsamer, schwerer und rauer als bei Earthbong aus Kiel wird es auf der Kieler Woche nicht werden. | Lauren Rote\" class=\"responsive\" loading=\"lazy\"\/><\/p>\n<p>                    <\/a><\/p>\n<p>                    Langsamer, schwerer und rauer als bei Earthbong aus Kiel wird es auf der Kieler Woche nicht werden.<\/p>\n<p class=\"\">Im <a name=\"Rockcamp\">Rockcamp<\/a> versammeln sich alle, die im Zeichen der Pommesgabel geboren wurden. Zu den Highlights im Rockcamp z\u00e4hlen die alten Hasen von Fury in the Slaughterhouse zum Abschluss der KiWo (28.6. &#8211; 21 Uhr).<\/p>\n<p>    Der &#8222;Muddi Markt&#8220;: DJ-Sets, Workshops, Lesungen<\/p>\n<p class=\"\">Die Crew vom &#8222;Muddi Markt&#8220; verwandelt das Gel\u00e4nde vor der Sparkasse am Lorentzendamm auch in diesem Jahr wieder zum entspannten Wohnzimmer auf der KiWo. Hier gibt es die ganze Woche \u00fcber Workshops, Lesungen, Konzerte und DJ-Sets.<\/p>\n<p>    Malle-B\u00fchne Asmus-Bremer-Platz<\/p>\n<p>                    <a href=\"https:\/\/www.europesays.com\/de\/wp-content\/uploads\/2026\/06\/kiwo-190.webp\" class=\"zoomimage\" title=\"Bild vergr\u00f6\u00dfern\"><\/p>\n<p>        <img decoding=\"async\" src=\"https:\/\/www.europesays.com\/de\/wp-content\/uploads\/2026\/06\/kiwo-190.webp\" alt=\"Die S\u00e4ngerin Isi Gl\u00fcck bei einem Konzert\" title=\"Isi Gl\u00fcck ist geb\u00fcrtige Schleswig-Holsteinerin, die Partyschlagers\u00e4ngerin kommt aus Elmshorn.  | IMAGO\" class=\"responsive\" loading=\"lazy\"\/><\/p>\n<p>                    <\/a><\/p>\n<p>                    Isi Gl\u00fcck ist geb\u00fcrtige Schleswig-Holsteinerin, die Partyschlagers\u00e4ngerin kommt aus Elmshorn. <\/p>\n<p class=\"\">Seit diese B\u00fchne dazugekommen ist, gibt es Malle zweimal im Jahr. F\u00fcr alle, die von Partysongs nicht genug kriegen k\u00f6nnen, sind hier passende Acts live zu erleben.<\/p>\n<p>    Blaupark am Ostufer<\/p>\n<p class=\"\">Neu ist in diesem Jahr das Areal im Sport- und Begegnungspark Gaarden. Hier gibt es 2026 erstmals durchgehend Programm mit Workshops, DJs und Konzerten. Am Sonnabend (27.6) spielt Rapperin Antifuchs um 20.30 Uhr.<\/p>\n<p>    Segelwettbewerbe als Probe f\u00fcr Olympia<\/p>\n<p class=\"\">Auch wenn das Referendum in Hamburg den gemeinsamen Olympiapl\u00e4nen mit Kiel einen Strich durch die Rechnung gemacht hat, m\u00f6chte sich die Landeshauptstadt als Sportst\u00e4tte von ihrer besten Seite zeigen. Kiel hat ja <a href=\"https:\/\/www.ndr.de\/nachrichten\/schleswig-holstein\/olympia-in-sh-kiel-nach-wie-vor-als-segel-standort-im-rennen,olympia-724.html\" title=\"Olympia in SH? Kiel nach wie vor als Segel-Standort im Rennen\" rel=\"nofollow noopener\" target=\"_blank\">f\u00fcr Olympia noch weitere m\u00f6gliche Partner<\/a>. Zur KiWo werden viele G\u00e4ste der Bewerber M\u00fcnchen und &#8222;K\u00f6lnRheinRuhr&#8220; erwartet.<\/p>\n<p class=\"\">Die Veranstalter versprechen hochkar\u00e4tige Segelwettbewerbe in der &#8222;Sailing Arena&#8220; in Schilksee. In der Kieler Bucht segeln dieses Jahr Jachten mit Teilnehmerinnen und Teilnehmern aus mehr als 50 Nationen in 21 Bootsklassen. Zum ersten Mal sollen am Mittwoch (24.6), dem Finaltag der olympischen Disziplinen, auch zwei kurze Medaillenrennen stattfinden.<\/p>\n<p>    Neuer Fokus auf Wissenschaft auf der KiWo<\/p>\n<p class=\"\">Wie immer gibt es neben den Segelwettbewerben und Konzerten auch zahlreiche andere Programmpunkte. Ein besonderer Fokus liegt dieses Jahr auf dem Thema Wissenschaft. Im Rahmen des Programms &#8222;Science Comes to Town&#8220; soll die Stadt zum Erlebnisraum werden. Spielerisches Lernen steht dabei im Vordergrund; \u00fcberall in der Stadt werden dazu Stationen aufgebaut. Ganz frei spielen, basteln und bauen d\u00fcrfen die Kleinen wie immer auf der Spiellinie an der Krusenkoppel.<\/p>\n<p>    Er\u00f6ffnung auf der Rathausb\u00fchne<\/p>\n<p class=\"\">Offiziell startete die Kieler Woche am Sonnabend (20.6.) mit der <a href=\"https:\/\/www.ndr.de\/nachrichten\/schleswig-holstein\/kieler_woche\/mit-schiffsglocke-und-typhon-kieler-woche-2026-ist-eroeffnet,kielerwoche-170.html\" title=\"Mit Schiffsglocke und Typhon: Kieler Woche 2026 ist er\u00f6ffnet\" rel=\"nofollow noopener\" target=\"_blank\">Er\u00f6ffnungszeremonie auf der Rathausb\u00fchne<\/a>. Ehrengast war dieses Jahr Bundespr\u00e4sident Frank-Walter Steinmeier. Gemeinsam mit dem neuen Oberb\u00fcrgermeister Samet Yilmaz (Gr\u00fcne) er\u00f6ffnete er um 19 Uhr die KiWo 2026.<\/p>\n<p>\n            <strong>Video:<\/strong><br \/>\n            Kieler Woche: Segelt\u00f6rn mit Bundespr\u00e4sident Steinmeier (2 Min)\n        <\/p>\n<p>        <img decoding=\"async\" src=\"https:\/\/www.europesays.com\/de\/wp-content\/uploads\/2026\/06\/kiwo-146.webp\" alt=\"Ein Entwurf f\u00fcr das Kieler Woche Design 2026.\" title=\"Ein Entwurf f\u00fcr das Kieler Woche Design 2026. | Landeshauptstadt Kiel, Erik Brandt\" class=\"responsive\" loading=\"lazy\"\/><\/p>\n<p>Sechs B\u00fcros waren im Rennen. Am Ende entschied sich die Jury f\u00fcr den Entwurf eines Grafikdesigners aus den USA.<\/p>\n<p>        <img decoding=\"async\" src=\"https:\/\/www.europesays.com\/de\/wp-content\/uploads\/2026\/06\/kielerwoche3834.webp\" alt=\"Volle Kieler Woche an der Kiellinie.\" title=\"Volle Kieler Woche an der Kiellinie. | NDR, Thomas Viet Dang\" class=\"responsive\" loading=\"lazy\"\/><\/p>\n<p>Zur n\u00e4chsten Kieler Woche sollen ausgewiesene Safe Spaces f\u00fcr mehr Sicherheit sorgen. Das fordern Gr\u00fcne und SPD.<\/p>\n<p>        <img decoding=\"async\" src=\"https:\/\/www.europesays.com\/de\/wp-content\/uploads\/2026\/06\/sicherheitskonzept-102.webp\" alt=\"Polizeibeamte gehen Streife auf der Festmeile der Kieler Woche.\" title=\"Polizeibeamte gehen Streife auf der Festmeile der Kieler Woche. | picture alliance\/dpa | Frank Molter\" class=\"responsive\" loading=\"lazy\"\/><\/p>\n<p>Die Kieler Woche ist mit Millionen Besuchern das gr\u00f6\u00dfte Volksfest im Norden. Polizei und Stadt haben ihr Sicherheitskonzept vorgestellt.<\/p>\n<p>        <img decoding=\"async\" src=\"https:\/\/www.europesays.com\/de\/wp-content\/uploads\/2026\/06\/1781949077_366_kiwo-116.webp\" alt=\"Ein bunter KIWO Aufsteller.\" title=\"Die Kieler Woche zieht j\u00e4hrlich Millionen von Menschen in die Stadt. Dazu geh\u00f6ren Programm-Acts, Presse und Besuchende. \u00dcberall in der Stadt zeigt sich: die Kieler Woche ist in vollem Gange. | Nicole Bowitz\" class=\"responsive\" loading=\"lazy\"\/><\/p>\n<p>Die Kieler Woche bietet vom 19. bis 28. Juni wieder ein abwechslungsreiches Programm. Mehrere Millionen G\u00e4ste werden erwartet.<\/p>\n","protected":false},"excerpt":{"rendered":"Stand: 24.06.2026 15:12 Uhr Halbzeit bei der Kieler Woche 2026! Zum Endspurt d\u00fcrfen sich Besucher noch bis zum&hellip;\n","protected":false},"author":2,"featured_media":1113970,"comment_status":"","ping_status":"","sticky":false,"template":"","format":"standard","meta":{"footnotes":"","_share_on_mastodon":"0"},"categories":[1852],"tags":[3364,29,548,663,3934,30,13,23948,4949,23690,52494,228308,2315,14,15,7789,12,1971,31229,69967],"class_list":["post-1118657","post","type-post","status-publish","format-standard","has-post-thumbnail","category-kiel","tag-de","tag-deutschland","tag-eu","tag-europa","tag-europe","tag-germany","tag-headlines","tag-highlights","tag-kiel","tag-kieler-woche","tag-kiwo","tag-kiwo-2026","tag-konzerte","tag-nachrichten","tag-news","tag-programm","tag-schlagzeilen","tag-schleswig-holstein","tag-segeln","tag-windjammerparade"],"share_on_mastodon":{"url":"https:\/\/pubeurope.com\/@de\/116806072011166235","error":""},"_links":{"self":[{"href":"https:\/\/www.europesays.com\/de\/wp-json\/wp\/v2\/posts\/1118657","targetHints":{"allow":["GET"]}}],"collection":[{"href":"https:\/\/www.europesays.com\/de\/wp-json\/wp\/v2\/posts"}],"about":[{"href":"https:\/\/www.europesays.com\/de\/wp-json\/wp\/v2\/types\/post"}],"author":[{"embeddable":true,"href":"https:\/\/www.europesays.com\/de\/wp-json\/wp\/v2\/users\/2"}],"replies":[{"embeddable":true,"href":"https:\/\/www.europesays.com\/de\/wp-json\/wp\/v2\/comments?post=1118657"}],"version-history":[{"count":0,"href":"https:\/\/www.europesays.com\/de\/wp-json\/wp\/v2\/posts\/1118657\/revisions"}],"wp:featuredmedia":[{"embeddable":true,"href":"https:\/\/www.europesays.com\/de\/wp-json\/wp\/v2\/media\/1113970"}],"wp:attachment":[{"href":"https:\/\/www.europesays.com\/de\/wp-json\/wp\/v2\/media?parent=1118657"}],"wp:term":[{"taxonomy":"category","embeddable":true,"href":"https:\/\/www.europesays.com\/de\/wp-json\/wp\/v2\/categories?post=1118657"},{"taxonomy":"post_tag","embeddable":true,"href":"https:\/\/www.europesays.com\/de\/wp-json\/wp\/v2\/tags?post=1118657"}],"curies":[{"name":"wp","href":"https:\/\/api.w.org\/{rel}","templated":true}]}}