{"id":1118674,"date":"2026-06-24T16:47:16","date_gmt":"2026-06-24T16:47:16","guid":{"rendered":"https:\/\/www.europesays.com\/de\/1118674\/"},"modified":"2026-06-24T16:47:16","modified_gmt":"2026-06-24T16:47:16","slug":"drogendealer-karlsruhe-polizei-findet-150-gramm-amphetamin-nach-diebstahl","status":"publish","type":"post","link":"https:\/\/www.europesays.com\/de\/1118674\/","title":{"rendered":"Drogendealer Karlsruhe: Polizei findet 150 Gramm Amphetamin nach Diebstahl"},"content":{"rendered":"<p class=\"mb-6 text-xs-varying md:text-m lg:text-l font-serif group-[.font-sans]:font-sans \">\n    Ein 21-j\u00e4hriger Mann sitzt seit <strong class=\"font-bold\">Dienstag, 23. Juni 2026,<\/strong> in Untersuchungshaft. Laut einer gemeinsamen Pressemitteilung der Staatsanwaltschaft Karlsruhe und des Polizeipr\u00e4sidiums <a href=\"https:\/\/www.ka-news.de\/karlsruhe\" target=\"_self\" class=\"underline \" rel=\"nofollow noopener\">Karlsruhe<\/a> besteht gegen ihn der dringende Verdacht des Handels mit Bet\u00e4ubungsmitteln in nicht geringer Menge.\n  <\/p>\n<p>            Ladendiebstahl in Karlsruher Innenstadt f\u00fchrt zu Drogenfund<\/p>\n<p class=\"mb-6 text-xs-varying md:text-m lg:text-l font-serif group-[.font-sans]:font-sans \">\n    Am Montag, 22. Juni 2026, fiel der Mann gegen 16 Uhr einem Ladendetektiv in einem Lebensmittelgesch\u00e4ft in der Karlsruher Innenstadt auf. Er soll versucht haben, Waren zu entwenden. Da er sich gegen\u00fcber dem Ladendetektiv nicht ausweisen konnte und sich renitent verhielt, verst\u00e4ndigte dieser eine Polizeistreife. Bei der anschlie\u00dfenden Durchsuchung des 21-J\u00e4hrigen und seiner mitgef\u00fchrten Gegenst\u00e4nde stie\u00dfen Polizeibeamte auf eine bet\u00e4ubungsmittelverd\u00e4chtige Substanz. Die Beamten brachten den Beschuldigten daraufhin auf ein Polizeirevier. Ein Vortest der Substanz ergab, dass es sich um mehr als 150 Gramm Amphetamin handelte.\n  <\/p>\n<p>            Staatsanwaltschaft Karlsruhe setzt Untersuchungshaft durch<\/p>\n<p class=\"mb-6 text-xs-varying md:text-m lg:text-l font-serif group-[.font-sans]:font-sans \">\n    Am Dienstag, 23. Juni 2026, f\u00fchrten die Ermittler den 21-J\u00e4hrigen einem Haftrichter des Amtsgerichts Karlsruhe vor. Auf Antrag der Staatsanwaltschaft Karlsruhe erlie\u00df der Richter Haftbefehl und ordnete den Vollzug der Untersuchungshaft an.\n  <\/p>\n<p class=\"mb-6 text-xs-varying md:text-m lg:text-l font-serif group-[.font-sans]:font-sans \">\n    Quelle: Polizei<a href=\"https:\/\/www.presseportal.de\/blaulicht\/pm\/110972\/6301535\" rel=\"nofollow noopener\" target=\"_blank\" class=\"underline \">pr\u00e4sidium Karlsruhe. Hinwei<\/a>s: Diese Meldung wurde unterst\u00fctzt von KI erstellt.\n  <\/p>\n","protected":false},"excerpt":{"rendered":"Ein 21-j\u00e4hriger Mann sitzt seit Dienstag, 23. Juni 2026, in Untersuchungshaft. Laut einer gemeinsamen Pressemitteilung der Staatsanwaltschaft Karlsruhe&hellip;\n","protected":false},"author":2,"featured_media":1101601,"comment_status":"","ping_status":"","sticky":false,"template":"","format":"standard","meta":{"footnotes":"","_share_on_mastodon":"0"},"categories":[1844],"tags":[4416,1601,1634,3364,29,980,30,2065,8903,24952,121,1998,136634,4853],"class_list":["post-1118674","post","type-post","status-publish","format-standard","has-post-thumbnail","category-karlsruhe","tag-amphetamin","tag-amtsgericht","tag-baden-wuerttemberg","tag-de","tag-deutschland","tag-festnahme","tag-germany","tag-innenstadt","tag-karlsruhe","tag-ladendiebstahl","tag-polizei","tag-richter","tag-staatsanwaltschaft-karlsruhe","tag-untersuchungshaft"],"share_on_mastodon":{"url":"https:\/\/pubeurope.com\/@de\/116806106944660924","error":""},"_links":{"self":[{"href":"https:\/\/www.europesays.com\/de\/wp-json\/wp\/v2\/posts\/1118674","targetHints":{"allow":["GET"]}}],"collection":[{"href":"https:\/\/www.europesays.com\/de\/wp-json\/wp\/v2\/posts"}],"about":[{"href":"https:\/\/www.europesays.com\/de\/wp-json\/wp\/v2\/types\/post"}],"author":[{"embeddable":true,"href":"https:\/\/www.europesays.com\/de\/wp-json\/wp\/v2\/users\/2"}],"replies":[{"embeddable":true,"href":"https:\/\/www.europesays.com\/de\/wp-json\/wp\/v2\/comments?post=1118674"}],"version-history":[{"count":0,"href":"https:\/\/www.europesays.com\/de\/wp-json\/wp\/v2\/posts\/1118674\/revisions"}],"wp:featuredmedia":[{"embeddable":true,"href":"https:\/\/www.europesays.com\/de\/wp-json\/wp\/v2\/media\/1101601"}],"wp:attachment":[{"href":"https:\/\/www.europesays.com\/de\/wp-json\/wp\/v2\/media?parent=1118674"}],"wp:term":[{"taxonomy":"category","embeddable":true,"href":"https:\/\/www.europesays.com\/de\/wp-json\/wp\/v2\/categories?post=1118674"},{"taxonomy":"post_tag","embeddable":true,"href":"https:\/\/www.europesays.com\/de\/wp-json\/wp\/v2\/tags?post=1118674"}],"curies":[{"name":"wp","href":"https:\/\/api.w.org\/{rel}","templated":true}]}}