{"id":1118752,"date":"2026-06-24T17:33:22","date_gmt":"2026-06-24T17:33:22","guid":{"rendered":"https:\/\/www.europesays.com\/de\/1118752\/"},"modified":"2026-06-24T17:33:22","modified_gmt":"2026-06-24T17:33:22","slug":"wuerzburger-kickers-erwarten-den-1-fc-koeln-am-montagabend-im-dfb-pokal","status":"publish","type":"post","link":"https:\/\/www.europesays.com\/de\/1118752\/","title":{"rendered":"W\u00fcrzburger Kickers erwarten den 1. FC K\u00f6ln am Montagabend im DFB-Pokal"},"content":{"rendered":"<p class=\"mb-6 text-xs-varying md:text-m lg:text-l font-serif group-[.font-sans]:font-sans \">\n    Auf den <a href=\"https:\/\/www.mainpost.de\/organisationen\/mp-wuerzburger-kickers\" target=\"_self\" class=\"underline \" rel=\"nofollow noopener\">FC W\u00fcrzburger Kickers<\/a> wartet ein Montagspiel. Am Mittwochnachmittag hat der Deutsche Fu\u00dfball-Bund (DFB) die erste Runde des Pokalwettbewerbs zeitgenau terminiert. Der Anpfiff f\u00fcr das Heimspiel der Rothosen gegen Bundesligist 1. FC K\u00f6ln soll zeitgleich mit drei weiteren Erstrundenspielen am Montag, 24. August, um 18 Uhr erfolgen. Ein sp\u00e4terer Anpfiff w\u00e4re bei einem Abendspiel am Dallenberg aus L\u00e4rmschutzgr\u00fcnden auch nicht m\u00f6glich. Wann der freie Vorverkauf f\u00fcr die Partie startet, hat der Drittliga-Aufsteiger noch nicht mitgeteilt. Ab 27. Juli k\u00f6nnen sich Dauerkarteninhaber ihre Tickets sichern.\n  <\/p>\n","protected":false},"excerpt":{"rendered":"Auf den FC W\u00fcrzburger Kickers wartet ein Montagspiel. Am Mittwochnachmittag hat der Deutsche Fu\u00dfball-Bund (DFB) die erste Runde&hellip;\n","protected":false},"author":2,"featured_media":1118753,"comment_status":"","ping_status":"","sticky":false,"template":"","format":"standard","meta":{"footnotes":"","_share_on_mastodon":"0"},"categories":[1828],"tags":[623,236331,3476,29,481,996,30,1420,236332,1209,69894,26997,968,102264],"class_list":["post-1118752","post","type-post","status-publish","format-standard","has-post-thumbnail","category-koeln","tag-1-fc-koeln","tag-anstosszeit","tag-deutscher-fussball-bund","tag-deutschland","tag-dfb","tag-dritte-liga","tag-germany","tag-koeln","tag-montagspiel","tag-nordrhein-westfalen","tag-pokalrunde","tag-pokalwettbewerb","tag-tsg-1899-hoffenheim","tag-wuerzburger-kickers"],"share_on_mastodon":{"url":"https:\/\/pubeurope.com\/@de\/116806287919722631","error":""},"_links":{"self":[{"href":"https:\/\/www.europesays.com\/de\/wp-json\/wp\/v2\/posts\/1118752","targetHints":{"allow":["GET"]}}],"collection":[{"href":"https:\/\/www.europesays.com\/de\/wp-json\/wp\/v2\/posts"}],"about":[{"href":"https:\/\/www.europesays.com\/de\/wp-json\/wp\/v2\/types\/post"}],"author":[{"embeddable":true,"href":"https:\/\/www.europesays.com\/de\/wp-json\/wp\/v2\/users\/2"}],"replies":[{"embeddable":true,"href":"https:\/\/www.europesays.com\/de\/wp-json\/wp\/v2\/comments?post=1118752"}],"version-history":[{"count":0,"href":"https:\/\/www.europesays.com\/de\/wp-json\/wp\/v2\/posts\/1118752\/revisions"}],"wp:featuredmedia":[{"embeddable":true,"href":"https:\/\/www.europesays.com\/de\/wp-json\/wp\/v2\/media\/1118753"}],"wp:attachment":[{"href":"https:\/\/www.europesays.com\/de\/wp-json\/wp\/v2\/media?parent=1118752"}],"wp:term":[{"taxonomy":"category","embeddable":true,"href":"https:\/\/www.europesays.com\/de\/wp-json\/wp\/v2\/categories?post=1118752"},{"taxonomy":"post_tag","embeddable":true,"href":"https:\/\/www.europesays.com\/de\/wp-json\/wp\/v2\/tags?post=1118752"}],"curies":[{"name":"wp","href":"https:\/\/api.w.org\/{rel}","templated":true}]}}