{"id":1118797,"date":"2026-06-24T17:57:16","date_gmt":"2026-06-24T17:57:16","guid":{"rendered":"https:\/\/www.europesays.com\/de\/1118797\/"},"modified":"2026-06-24T17:57:16","modified_gmt":"2026-06-24T17:57:16","slug":"nach-brand-in-oldenburg-manchen-bleibt-nur-eine-plastiktuete","status":"publish","type":"post","link":"https:\/\/www.europesays.com\/de\/1118797\/","title":{"rendered":"Nach Brand in Oldenburg: Manchen bleibt nur eine Plastikt\u00fcte"},"content":{"rendered":"<p>\n                Stand: 24.06.2026 18:13 Uhr<\/p>\n<p class=\"preface\">Am Tag nach dem Brand eines Mehrfamilienhauses in Oldenburg offenbart sich das Ausma\u00df der Zerst\u00f6rung. Einige Bewohner konnten zur\u00fcckkehren, doch einen Teil der Wohnungen machten Flammen und L\u00f6schwasser unbewohnbar.<\/p>\n<p class=\"\">18 Menschen mussten die Nacht in einer Notunterkunft des Deutschen Roten Kreuzes verbringen, wie die Hilfsorganisation mitteilte. Das Notlager mit Feldbetten richtete das DRK in seinem Katastrophenschutzzentrum ein. Manche Bewohner des Hauses, die sich vor den Flammen in Sicherheit bringen mussten, konnten kaum etwas mitnehmen. &#8222;Die kommen aus ihrer Wohnung und das einzige, was sie mithaben, ist eine Plastikt\u00fcte&#8220;, so DRK-Helferin Constanze Krull im Gespr\u00e4ch mit dem NDR Niedersachsen.<\/p>\n<p>    Dachteile st\u00fcrzen w\u00e4hrend der L\u00f6scharbeiten ein<\/p>\n<p class=\"\">Am Dienstagmittag war in dem Oldenburger Wohnkomplex ein Feuer im Dachstuhl ausgebrochen. Die Feuerwehr bek\u00e4mpfte den Brand mit rund 100 Einsatzkr\u00e4ften bis zum Abend. Die Bewohner mussten evakuiert werden. Verletzt wurde laut Polizei niemand. Rund 150 Menschen wohnten in dem Mehrparteienhaus. W\u00e4hrend der L\u00f6scharbeiten st\u00fcrzte ein Teil des Daches ein. Die Flammen, Rauch und L\u00f6schwasser besch\u00e4digten weitere Bereiche des Geb\u00e4udes. Warum der Brand entfachte, ist laut Feuerwehr noch unklar.<\/p>\n<p>\n            <strong>Video:<\/strong><br \/>\n            Brand in Oldenburg: 150 Menschen obdachlos (2 Min)\n        <\/p>\n<p>    Verharren in der Notunterkunft<\/p>\n<p class=\"\">Am Mittwoch begannen die Aufr\u00e4umarbeiten in dem Haus. Ein Teil der betroffenen Mietparteien in unteren Stockwerken konnte nach Informationen des NDR mittlerweile wieder in die Wohnungen zur\u00fcck, darunter auch Anwohnerin Andrea Schnittke, die in der ersten Etage wohnt. &#8222;Gott sei Dank: Die ist absolut trocken, kein Wasser, kein Rauch, nur Ru\u00df an den Fenstern&#8220;, schilderte sie dem NDR. Andere Bewohner traf es schwerer. Einige von ihnen harren laut DRK weiter in der Notunterkunft aus. Wie es weitergeht, w\u00fcssten sie noch nicht, sagten mehrere Betroffene. Dass das Feuer so viel Wohnraum vernichtet hat, sei f\u00fcr die Stadt eine Herausforderung, sagte Oberb\u00fcrgermeister J\u00fcrgen Krogmann (SPD). Oberstes Ziel in solchen F\u00e4llen sei es, Obdachlosigkeit zu vermeiden. Doch das sei angesichts der vielen Betroffenen nicht in so kurzer Zeit m\u00f6glich gewesen.<\/p>\n<p>                News aus deiner Region &#8211; jetzt auch direkt per WhatsApp<\/p>\n<p>In unseren f\u00fcnf neuen regionalen WhatsApp-Kan\u00e4len versorgen wir dich ab sofort wochent\u00e4glich mit den wichtigsten Nachrichten, Themen und Geschichten aus deiner Heimat. <\/p>\n<p>\u00dcber diese Links kommst du direkt zu den Kan\u00e4len:<\/p>\n<p><a href=\"https:\/\/www.ndr.de\/nachrichten\/niedersachsen\/ndr-niedersachsen-auf-whatsapp-abonniere-die-news-aus-deiner-region,whatsappniedersachsen-100.html\" title=\"NDR Niedersachsen auf WhatsApp: Abonniere die News aus deiner Region\" rel=\"nofollow noopener\" target=\"_blank\">Abonniere News aus deiner Region<\/a> und aktiviere die Glocke, damit du nichts verpasst.<\/p>\n","protected":false},"excerpt":{"rendered":"Stand: 24.06.2026 18:13 Uhr Am Tag nach dem Brand eines Mehrfamilienhauses in Oldenburg offenbart sich das Ausma\u00df der&hellip;\n","protected":false},"author":2,"featured_media":1118798,"comment_status":"","ping_status":"","sticky":false,"template":"","format":"standard","meta":{"footnotes":"","_share_on_mastodon":"0"},"categories":[5],"tags":[590,2919,18933,985,13,236341,10042,14,15,1411,3560,12,10,8,9,11],"class_list":["post-1118797","post","type-post","status-publish","format-standard","has-post-thumbnail","category-nachrichten","tag-aktuell","tag-brand","tag-dachstuhl","tag-feuerwehr","tag-headlines","tag-kreyenbrueck","tag-mehrparteienhaus","tag-nachrichten","tag-news","tag-niedersachsen","tag-oldenburg","tag-schlagzeilen","tag-top-news","tag-top-meldungen","tag-topmeldungen","tag-topnews"],"share_on_mastodon":{"url":"https:\/\/pubeurope.com\/@de\/116806382632505193","error":""},"_links":{"self":[{"href":"https:\/\/www.europesays.com\/de\/wp-json\/wp\/v2\/posts\/1118797","targetHints":{"allow":["GET"]}}],"collection":[{"href":"https:\/\/www.europesays.com\/de\/wp-json\/wp\/v2\/posts"}],"about":[{"href":"https:\/\/www.europesays.com\/de\/wp-json\/wp\/v2\/types\/post"}],"author":[{"embeddable":true,"href":"https:\/\/www.europesays.com\/de\/wp-json\/wp\/v2\/users\/2"}],"replies":[{"embeddable":true,"href":"https:\/\/www.europesays.com\/de\/wp-json\/wp\/v2\/comments?post=1118797"}],"version-history":[{"count":0,"href":"https:\/\/www.europesays.com\/de\/wp-json\/wp\/v2\/posts\/1118797\/revisions"}],"wp:featuredmedia":[{"embeddable":true,"href":"https:\/\/www.europesays.com\/de\/wp-json\/wp\/v2\/media\/1118798"}],"wp:attachment":[{"href":"https:\/\/www.europesays.com\/de\/wp-json\/wp\/v2\/media?parent=1118797"}],"wp:term":[{"taxonomy":"category","embeddable":true,"href":"https:\/\/www.europesays.com\/de\/wp-json\/wp\/v2\/categories?post=1118797"},{"taxonomy":"post_tag","embeddable":true,"href":"https:\/\/www.europesays.com\/de\/wp-json\/wp\/v2\/tags?post=1118797"}],"curies":[{"name":"wp","href":"https:\/\/api.w.org\/{rel}","templated":true}]}}