{"id":111894,"date":"2025-05-15T06:57:11","date_gmt":"2025-05-15T06:57:11","guid":{"rendered":"https:\/\/www.europesays.com\/de\/111894\/"},"modified":"2025-05-15T06:57:11","modified_gmt":"2025-05-15T06:57:11","slug":"duisburg-und-duesseldorf-bahnstrecke-gesperrt","status":"publish","type":"post","link":"https:\/\/www.europesays.com\/de\/111894\/","title":{"rendered":"Duisburg und D\u00fcsseldorf: Bahnstrecke gesperrt"},"content":{"rendered":"<p class=\"text_ohne_einzug richtext text-em-55 !leading-serif mx-6 desktop:mx-0\">Pendler und Reisende m\u00fcssen sich derzeit auf Versp\u00e4tungen und Umleitungen auf der Bahnstrecke zwischen D\u00fcsseldorf und Duisburg einstellen. Nach Angaben der Bahn gab es in den Bereich gegen 3.30 Uhr einen Notarzteinsatz. Der Fernverkehr wird umgeleitet. Mehrere Linien im Regionalverkehr sind betroffen. Zwischen Duisburg-Gro\u00dfenbaum und D\u00fcsseldorf Flughafen setzt die Bahn seit 6 Uhr als Ersatz Busse ein.<\/p>\n","protected":false},"excerpt":{"rendered":"Pendler und Reisende m\u00fcssen sich derzeit auf Versp\u00e4tungen und Umleitungen auf der Bahnstrecke zwischen D\u00fcsseldorf und Duisburg einstellen.&hellip;\n","protected":false},"author":2,"featured_media":111895,"comment_status":"","ping_status":"","sticky":false,"template":"","format":"standard","meta":{"footnotes":""},"categories":[1831],"tags":[1739,2226,2227,9904,3364,29,3715,3405,588,30,10270,1209,9055,6191,43612,27605,5720,17911,43613],"class_list":{"0":"post-111894","1":"post","2":"type-post","3":"status-publish","4":"format-standard","5":"has-post-thumbnail","7":"category-duesseldorf","8":"tag-bahn","9":"tag-bahnstrecke","10":"tag-bahnverkehr","11":"tag-betroffen","12":"tag-de","13":"tag-deutschland","14":"tag-duisburg","15":"tag-duesseldorf","16":"tag-einsatz","17":"tag-germany","18":"tag-hbf","19":"tag-nordrhein-westfalen","20":"tag-notarzteinsatz","21":"tag-strecke","22":"tag-umgeleitet","23":"tag-umleitungen","24":"tag-verspaetungen","25":"tag-zuege","26":"tag-zuges"},"share_on_mastodon":{"url":"https:\/\/pubeurope.com\/@de\/114510551255721413","error":""},"_links":{"self":[{"href":"https:\/\/www.europesays.com\/de\/wp-json\/wp\/v2\/posts\/111894","targetHints":{"allow":["GET"]}}],"collection":[{"href":"https:\/\/www.europesays.com\/de\/wp-json\/wp\/v2\/posts"}],"about":[{"href":"https:\/\/www.europesays.com\/de\/wp-json\/wp\/v2\/types\/post"}],"author":[{"embeddable":true,"href":"https:\/\/www.europesays.com\/de\/wp-json\/wp\/v2\/users\/2"}],"replies":[{"embeddable":true,"href":"https:\/\/www.europesays.com\/de\/wp-json\/wp\/v2\/comments?post=111894"}],"version-history":[{"count":0,"href":"https:\/\/www.europesays.com\/de\/wp-json\/wp\/v2\/posts\/111894\/revisions"}],"wp:featuredmedia":[{"embeddable":true,"href":"https:\/\/www.europesays.com\/de\/wp-json\/wp\/v2\/media\/111895"}],"wp:attachment":[{"href":"https:\/\/www.europesays.com\/de\/wp-json\/wp\/v2\/media?parent=111894"}],"wp:term":[{"taxonomy":"category","embeddable":true,"href":"https:\/\/www.europesays.com\/de\/wp-json\/wp\/v2\/categories?post=111894"},{"taxonomy":"post_tag","embeddable":true,"href":"https:\/\/www.europesays.com\/de\/wp-json\/wp\/v2\/tags?post=111894"}],"curies":[{"name":"wp","href":"https:\/\/api.w.org\/{rel}","templated":true}]}}