{"id":1118959,"date":"2026-06-24T19:27:19","date_gmt":"2026-06-24T19:27:19","guid":{"rendered":"https:\/\/www.europesays.com\/de\/1118959\/"},"modified":"2026-06-24T19:27:19","modified_gmt":"2026-06-24T19:27:19","slug":"rimini-cup-borussia-moenchengladbach-kommt-zum-u15-turnier","status":"publish","type":"post","link":"https:\/\/www.europesays.com\/de\/1118959\/","title":{"rendered":"Rimini-Cup: Borussia M\u00f6nchengladbach kommt zum U15-Turnier"},"content":{"rendered":"<p>\t<a href=\"https:\/\/www.fraenkischertag.de\/\" style=\"cursor: pointer;height: 20px;transform: translateY(2px);\" title=\"Zur Startseite\" rel=\"nofollow noopener\" target=\"_blank\"><\/a><\/p>\n<p>        <a href=\"https:\/\/www.fraenkischertag.de\/sport\/\" rel=\"nofollow noopener\" target=\"_blank\">Sport<\/a>        <\/p>\n<p>        <a href=\"https:\/\/www.fraenkischertag.de\/sport\/lokalsport-bad-kissingen\/\" rel=\"nofollow noopener\" target=\"_blank\">Lokalsport Bad Kissingen<\/a>        <\/p>\n<p>Teilnehmerabsagen: Hitze-Alarm beim Rimini-Cup 2026<\/p>\n<p>                                                    <img decoding=\"async\" fetchpriority=\"high\" src=\"https:\/\/www.fraenkischertag.de\/storage\/image\/5\/2\/2\/3\/913225_eine-grosse-herausforderung-beim-diesjaehrigen-rimini-cup-wird-die-grosse-h_fotoglider_1GeXGx_HvXnzk.jpg\" alt=\"Eine gro\u00dfe Herausforderung beim diesj\u00e4hrigen Rimini-Cup wird die gro\u00dfe Hitze sein. Unser Bild zeigt den Gastauftritt damals von Benfica Lissabon vor einer prall gef\u00fcllten Trib\u00fcne. Das Teilnehmerfeld hat sich in diesem Jahr von urspr\u00fcnglich acht Te...\" title=\"Eine gro\u00dfe Herausforderung beim diesj\u00e4hrigen Rimini-Cup wird die gro\u00dfe Hitze sein. Unser Bild zeigt den Gastauftritt damals von Benfica Lissabon vor einer prall gef\u00fcllten Trib\u00fcne. Das Teilnehmerfeld hat sich in diesem Jahr von urspr\u00fcnglich acht Te...\" width=\"800\" height=\"450\"\/><br \/>\n                        Archiv\/Hopf<\/p>\n<p>  <img decoding=\"async\" loading=\"lazy\" src=\"https:\/\/www.europesays.com\/de\/wp-content\/uploads\/2026\/05\/197926_autorenbild_1ArryP_ytkjSa.png\" alt=\"Signet des Fr\u00e4nkischen Tags\" title=\"F-Signet\" width=\"66\" height=\"66\"\/><br \/>\n  von Peter Balthasar<br \/>\n  Fr\u00e4nkischer Tag<\/p>\n<p>\n  TEILEN\u00a0<\/p>\n<p>        vor 1 Stunde<\/p>\n<p>\n  \tHausen bei Bad Kissingen<br \/>\n\t\u2013 Beim traditionsreichen U15-Nachwuchsturnier der TSVgg Hausen machen die extremen Temperaturen gro\u00dfe Probleme. Klangvolle Teams reisen dennoch an und sorgen f\u00fcr das gewohnte Flair.\n<\/p>\n<p>Na, erwischt! Du bist wohl ein bisschen zu neugierig, was? <\/p>\n<p>Beliebtestes Angebot<\/p>\n<p class=\"PaywallvariantPriceNote\">1\u20ac pro Woche. Jederzeit k\u00fcndbar.<\/p>\n<p class=\"PaywallvariantPriceNote\">Danach 10,99 \u20ac pro Monat. Monatlich k\u00fcndbar.<\/p>\n<p>\n          Jetzt f\u00fcr 1 \u20ac lesen \ud83e\udc12\n        <\/p>\n<p>Sie haben bereits ein Abo?<\/p>\n<p>  ePayment-Debug<\/p>\n<tr>\n        Token*<br \/>\n        Wert<br \/>\n      <\/tr>\n<tr>\n<td>seite-epayment-id<\/td>\n<td>0<\/td>\n<\/tr>\n<tr>\n<td>seite-epayment-status<\/td>\n<td>pending<\/td>\n<\/tr>\n<tr>\n<td>seite-epayment-kunde-id<\/td>\n<td\/>\n      <\/tr>\n<tr>\n<td>seite-epayment-benutzerdaten_vollstaendig<\/td>\n<td\/>\n      <\/tr>\n<tr>\n<td>seite-epayment-benutzerdaten_aendern_fehler<\/td>\n<td\/>\n      <\/tr>\n<tr>\n<td>seite-epay_bezahlanbieter-zahlungsart<\/td>\n<td\/>\n      <\/tr>\n<tr>\n<td>seite-epayment-bezahlanbieter-zahlungsart<\/td>\n<td\/>\n      <\/tr>\n<tr>\n<td>seite-epayment-einwilligungen_vollstaendig<\/td>\n<td\/>\n      <\/tr>\n<tr>\n<td>seite-epay_produkt-id<\/td>\n<td\/>\n      <\/tr>\n<tr>\n<td>seite-epayment-produkt-id<\/td>\n<td\/>\n      <\/tr>\n<tr>\n<td>seite-epay_produkt-name<\/td>\n<td\/>\n      <\/tr>\n<tr>\n<td>seite-epay_produkt-preis<\/td>\n<td\/>\n      <\/tr>\n<tr>\n<td>seite-epay_bestellung-id<\/td>\n<td\/>\n      <\/tr>\n<tr>\n<td>seite-epay_bezahlanbieter-id<\/td>\n<td\/>\n      <\/tr>\n<tr>\n<td>seite-epay_bezahlanbieter-name<\/td>\n<td\/>\n      <\/tr>\n<tr>\n<td>seite-epayment-gutschein-code<\/td>\n<td\/>\n      <\/tr>\n<tr>\n<td>seite-kunde-abonummer<\/td>\n<td\/>\n      <\/tr>\n<tr>\n<td>seite-epayment-produkt-id<\/td>\n<td\/>\n      <\/tr>\n<tr>\n<td>seite-epayment-produkt-name<\/td>\n<td\/>\n      <\/tr>\n<tr>\n<td>seite-epayment-produkt-preis<\/td>\n<td\/>\n      <\/tr>\n<tr>\n<td>seite-epayment-bestellung-id<\/td>\n<td\/>\n      <\/tr>\n<tr>\n<td>seite-epayment-bezahlanbieter-id<\/td>\n<td\/>\n      <\/tr>\n<tr>\n<td>seite-epayment-bezahlanbieter-name<\/td>\n<td\/>\n      <\/tr>\n<tr>\n<td>seite-epayment-gutschein-code<\/td>\n<td\/>\n      <\/tr>\n<tr>\n<td>epay_bestellung-status<\/td>\n<td\/>\n      <\/tr>\n<tr>\n<td>seite-epayment-bestellung-status<\/td>\n<td\/>\n      <\/tr>\n<tr>\n<td>seite-epayment-url<\/td>\n<td>https:\/\/www.fraenkischertag.de\/sport\/lokalsport-bad-kissingen\/rimini-cup-borussia-moenchengladbach-kommt-zum-u15-turnier-art-559102<\/td>\n<\/tr>\n<tr>\n<td>seite-epayment-querystring<\/td>\n<td\/>\n      <\/tr>\n<tr>\n<td>seite-epayment-referer<\/td>\n<td>http:\/\/www.bing.com\/<\/td>\n<\/tr>\n<tr>\n<td>seite-epayment-berechtigung<\/td>\n<td>paidft<\/td>\n<\/tr>\n<tr>\n<td>seite-epayment-zusatzprodukte_gewaehlt<\/td>\n<td\/>\n      <\/tr>\n<tr>\n<td>seite-user_ist_angemeldet<\/td>\n<td>0<\/td>\n<\/tr>\n<tr>\n<td>seite-contexturl<\/td>\n<td>\/sport\/lokalsport-bad-kissingen\/rimini-cup-borussia-moenchengladbach-kommt-zum-u15-turnier-art-559102<\/td>\n<\/tr>\n<tr>\n<td colspan=\"2\">\n          * Die Namen der Token entsprechen den Variablen in den Anzeigeregeln (ohne seite-).\n        <\/td>\n<\/tr>\n<tr>\n      Funktionsname<br \/>\n      Wert<br \/>\n    <\/tr>\n<tr>\n<td>kunde_hat_abonummer<\/td>\n<td\/>\n    <\/tr>\n<tr>\n<td>ist_payum_url<\/td>\n<td\/>\n    <\/tr>\n<tr>\n<td>Externe NL-Kunden ID<\/td>\n<td\/>\n    <\/tr>\n<tr>\n<td>E-Mail existiert als Kunde<\/td>\n<td\/>\n    <\/tr>\n<tr>\n  <\/tr>\n<p>\n    \/sport\/lokalsport-bad-kissingen\/\n    <\/p>\n<p>Folgen Sie uns auf<\/p>\n<ul class=\"nav head\">\n<li class=\"head\">Angebote &amp; Services<\/li>\n<li class=\"head\">Rechtliches<\/li>\n<li class=\"head\">Verlag<\/li>\n<\/ul>\n","protected":false},"excerpt":{"rendered":"Sport Lokalsport Bad Kissingen Teilnehmerabsagen: Hitze-Alarm beim Rimini-Cup 2026 Archiv\/Hopf von Peter Balthasar Fr\u00e4nkischer Tag TEILEN\u00a0 vor 1&hellip;\n","protected":false},"author":2,"featured_media":1118960,"comment_status":"","ping_status":"","sticky":false,"template":"","format":"standard","meta":{"footnotes":"","_share_on_mastodon":"0"},"categories":[1849],"tags":[3364,29,548,663,3934,4348,138916,30,13,5278,4455,14,15,1209,7174,12,265],"class_list":["post-1118959","post","type-post","status-publish","format-standard","has-post-thumbnail","category-moenchengladbach","tag-de","tag-deutschland","tag-eu","tag-europa","tag-europe","tag-franken","tag-fraenkischer-tag","tag-germany","tag-headlines","tag-interviews","tag-moenchengladbach","tag-nachrichten","tag-news","tag-nordrhein-westfalen","tag-reportage","tag-schlagzeilen","tag-sport"],"share_on_mastodon":{"url":"https:\/\/pubeurope.com\/@de\/116806736481900370","error":""},"_links":{"self":[{"href":"https:\/\/www.europesays.com\/de\/wp-json\/wp\/v2\/posts\/1118959","targetHints":{"allow":["GET"]}}],"collection":[{"href":"https:\/\/www.europesays.com\/de\/wp-json\/wp\/v2\/posts"}],"about":[{"href":"https:\/\/www.europesays.com\/de\/wp-json\/wp\/v2\/types\/post"}],"author":[{"embeddable":true,"href":"https:\/\/www.europesays.com\/de\/wp-json\/wp\/v2\/users\/2"}],"replies":[{"embeddable":true,"href":"https:\/\/www.europesays.com\/de\/wp-json\/wp\/v2\/comments?post=1118959"}],"version-history":[{"count":0,"href":"https:\/\/www.europesays.com\/de\/wp-json\/wp\/v2\/posts\/1118959\/revisions"}],"wp:featuredmedia":[{"embeddable":true,"href":"https:\/\/www.europesays.com\/de\/wp-json\/wp\/v2\/media\/1118960"}],"wp:attachment":[{"href":"https:\/\/www.europesays.com\/de\/wp-json\/wp\/v2\/media?parent=1118959"}],"wp:term":[{"taxonomy":"category","embeddable":true,"href":"https:\/\/www.europesays.com\/de\/wp-json\/wp\/v2\/categories?post=1118959"},{"taxonomy":"post_tag","embeddable":true,"href":"https:\/\/www.europesays.com\/de\/wp-json\/wp\/v2\/tags?post=1118959"}],"curies":[{"name":"wp","href":"https:\/\/api.w.org\/{rel}","templated":true}]}}