{"id":1119093,"date":"2026-06-24T20:40:18","date_gmt":"2026-06-24T20:40:18","guid":{"rendered":"https:\/\/www.europesays.com\/de\/1119093\/"},"modified":"2026-06-24T20:40:18","modified_gmt":"2026-06-24T20:40:18","slug":"bilanz-des-verteidigungsministeriums-mehr-junge-menschen-wollen-zur-bundeswehr","status":"publish","type":"post","link":"https:\/\/www.europesays.com\/de\/1119093\/","title":{"rendered":"Bilanz des Verteidigungsministeriums: Mehr junge Menschen wollen zur Bundeswehr"},"content":{"rendered":"<p>            <img loading=\"lazy\" decoding=\"async\" class=\"ts-image\" src=\"https:\/\/www.europesays.com\/de\/wp-content\/uploads\/2026\/06\/bundeswehr-1016.jpg\" alt=\"Soldaten der Bundeswehr \" title=\"Soldaten der Bundeswehr  | Jens Kalaene\/dpa\"\/><\/p>\n<p class=\"metatextline\">Stand: 24.06.2026 \u2022 22:03 Uhr<\/p>\n<p class=\"article-head__shorttext\">\n        <strong>Der neue Wehrdienst steigert die Zahl der Bewerbungen f\u00fcr die Bundeswehr: Das Verteidigungsministerium hat Bilanz gezogen &#8211; und auch Zahlen zum R\u00fccklauf bei den Frageb\u00f6gen ver\u00f6ffentlicht.<\/strong>\n    <\/p>\n<p class=\"textabsatz m-ten m-offset-one l-eight l-offset-two columns twelve\">Seit Januar werden junge Menschen, die bald ab 18 Jahre alt werden, von der Bundeswehr angeschrieben und nach ihrer Bereitschaft f\u00fcr einen m\u00f6glichen Wehrdienst gefragt. Nun hat die Bundeswehr eine vorl\u00e4ufige Bilanz gezogen.<\/p>\n<p class=\"textabsatz m-ten m-offset-one l-eight l-offset-two columns twelve\">Demnach wurden bis Mitte Juni rund 298.200 Anschreiben verschickt, davon gut die H\u00e4lfte an vollj\u00e4hrig werdende M\u00e4nner. Von diesen h\u00e4tten rund 96 Prozent den verpflichtenden Fragebogen fristgerecht beantwortet.<\/p>\n<p class=\"textabsatz m-ten m-offset-one l-eight l-offset-two columns twelve\">Mehr als jeder f\u00fcnfte m\u00e4nnliche Befragte habe Interesse an einem Dienst in den Streitkr\u00e4ften signalisiert. Bei ihnen seien bisher 1.500 Musterungen durchgef\u00fchrt worden, etwa 530 w\u00fcrden f\u00fcr 2026 fest f\u00fcr den Wehrdienst eingeplant, so das Verteidigungsministerium.<\/p>\n<p>    Anstieg von Bewerbungen<\/p>\n<p class=\"textabsatz m-ten m-offset-one l-eight l-offset-two columns twelve\">Das Ziel des neuen Wehrdienstes ist es, mehr Personal f\u00fcr die Bundeswehr zu gewinnen. Unter anderem wurden neue Dienstzeitmodelle eingef\u00fchrt, au\u00dferdem gibt es mehr Geld.<\/p>\n<p class=\"textabsatz m-ten m-offset-one l-eight l-offset-two columns twelve\">Das scheint sich auszuzahlen. Seit dem Start des neuen Wehrdienstes Mitte Januar verzeichnet die Bundeswehr nach eigenen Angaben einen deutlichen Anstieg bei den Bewerbungen und Neueinstellungen. Im laufenden Jahr seien bislang rund 38.500 Bewerbungen eingegangen. Das sei ein Plus von rund 24 Prozent im Vergleich zum Vorjahreszeitraum. Die Zahl der Neueinstellungen sei um 13 Prozent auf rund 11.000 gestiegen.<\/p>\n<p class=\"textabsatz m-ten m-offset-one l-eight l-offset-two columns twelve\">Mit Informationen von Christina Nagel, ARD-Hauptstadtstudio<\/p>\n","protected":false},"excerpt":{"rendered":"Stand: 24.06.2026 \u2022 22:03 Uhr Der neue Wehrdienst steigert die Zahl der Bewerbungen f\u00fcr die Bundeswehr: Das Verteidigungsministerium&hellip;\n","protected":false},"author":2,"featured_media":1119094,"comment_status":"","ping_status":"","sticky":false,"template":"","format":"standard","meta":{"footnotes":"","_share_on_mastodon":"0"},"categories":[2],"tags":[685,29,30,13,14,15,12,10,8,9,11,14566,9414],"class_list":["post-1119093","post","type-post","status-publish","format-standard","has-post-thumbnail","category-deutschland","tag-bundeswehr","tag-deutschland","tag-germany","tag-headlines","tag-nachrichten","tag-news","tag-schlagzeilen","tag-top-news","tag-top-meldungen","tag-topmeldungen","tag-topnews","tag-verteidigungsministerium","tag-wehrdienst"],"share_on_mastodon":{"url":"https:\/\/pubeurope.com\/@de\/116807023144659236","error":""},"_links":{"self":[{"href":"https:\/\/www.europesays.com\/de\/wp-json\/wp\/v2\/posts\/1119093","targetHints":{"allow":["GET"]}}],"collection":[{"href":"https:\/\/www.europesays.com\/de\/wp-json\/wp\/v2\/posts"}],"about":[{"href":"https:\/\/www.europesays.com\/de\/wp-json\/wp\/v2\/types\/post"}],"author":[{"embeddable":true,"href":"https:\/\/www.europesays.com\/de\/wp-json\/wp\/v2\/users\/2"}],"replies":[{"embeddable":true,"href":"https:\/\/www.europesays.com\/de\/wp-json\/wp\/v2\/comments?post=1119093"}],"version-history":[{"count":0,"href":"https:\/\/www.europesays.com\/de\/wp-json\/wp\/v2\/posts\/1119093\/revisions"}],"wp:featuredmedia":[{"embeddable":true,"href":"https:\/\/www.europesays.com\/de\/wp-json\/wp\/v2\/media\/1119094"}],"wp:attachment":[{"href":"https:\/\/www.europesays.com\/de\/wp-json\/wp\/v2\/media?parent=1119093"}],"wp:term":[{"taxonomy":"category","embeddable":true,"href":"https:\/\/www.europesays.com\/de\/wp-json\/wp\/v2\/categories?post=1119093"},{"taxonomy":"post_tag","embeddable":true,"href":"https:\/\/www.europesays.com\/de\/wp-json\/wp\/v2\/tags?post=1119093"}],"curies":[{"name":"wp","href":"https:\/\/api.w.org\/{rel}","templated":true}]}}