{"id":1119241,"date":"2026-06-24T22:05:16","date_gmt":"2026-06-24T22:05:16","guid":{"rendered":"https:\/\/www.europesays.com\/de\/1119241\/"},"modified":"2026-06-24T22:05:16","modified_gmt":"2026-06-24T22:05:16","slug":"als-gast-im-bundestag-pilawa-besucht-seine-praesidentin-bei-der-arbeit-politik","status":"publish","type":"post","link":"https:\/\/www.europesays.com\/de\/1119241\/","title":{"rendered":"Als Gast im Bundestag: Pilawa besucht seine Pr\u00e4sidentin bei der Arbeit | Politik"},"content":{"rendered":"<p data-83f060b9=\"0-1245\">Berlin \u2013 <b>Ein Besuch im Bundestag lohnt sich eigentlich immer \u2013 vor allem, wenn man einen guten Grund daf\u00fcr hat. TV-Moderator J\u00f6rg Pilawa war am Mittwoch als Gast auf der Besuchertrib\u00fcne im Plenarsaal und verfolgte die Sitzung. Geleitet wurde sie von Bundestagspr\u00e4sidentin Julia Kl\u00f6ckner (CDU) \u2013 seit einigen Monaten die Frau an seiner Seite. <\/b><\/p>\n<p data-83f060b9=\"0-1245\">Im vergangenen August ist die Beziehung der Politikerin und des Moderators \u00f6ffentlich geworden. Seitdem hatte es einige gemeinsame Auftritte gegeben. Im Januar nahm <a href=\"https:\/\/www.bild.de\/themen\/personen\/joerg-pilawa\/nachrichten-news-fotos-videos-tv-shows-15786866.bild.html\" class=\"text-link\" rel=\"nofollow noopener\" target=\"_blank\">Pilawa<\/a> ebenfalls im Bundestag auf der Besuchertrib\u00fcne an der Gedenkveranstaltung zur Erinnerung an die Opfer des Nationalsozialismus teil. <\/p>\n<p><img decoding=\"async\" width=\"992\" height=\"558\" alt=\"Am Tag der deutschen Einheit begleitete Moderator J\u00f6rg Pilawa (60) seine Partnerin, Bundestagspr\u00e4sidentin Julia Kl\u00f6ckner (53, CDU), zum Festakt in Saarbr\u00fccken\" loading=\"lazy\" src=\"https:\/\/www.europesays.com\/de\/wp-content\/uploads\/2026\/06\/a2a6b05f2a2cf260f860572b18e5bcd5,7b620481.jpeg\"   class=\"landscape\"\/><\/p>\n<p class=\"fig__caption__text\">Am Tag der deutschen Einheit begleitete Moderator J\u00f6rg Pilawa (60) seine Partnerin, Bundestagspr\u00e4sidentin Julia Kl\u00f6ckner (53, CDU), zum Festakt in Saarbr\u00fccken<\/p>\n<p>Foto: Jean-Christophe Verhaegen\/POOL AFP\/dpa<\/p>\n<p data-83f060b9=\"0-1245\">Am Mittwoch hat der Quizmaster seine Partnerin erneut bei der Arbeit besucht. Er kam im sommerlichen Sakko, darunter ein wei\u00dfes Hemd, in dessen Kragen er seine Sonnenbrille steckte. Wie auf einem Video zu sehen war, verfolgte Pilawa die Sitzung im <a href=\"https:\/\/www.bild.de\/themen\/orte\/deutscher-bundestag\/nachrichten-news-fotos-videos-SKFoY9SLoW4VnOsaPXrD\" class=\"text-link\" rel=\"nofollow noopener\" target=\"_blank\">Bundestag<\/a> mal aufmerksam, mal nachdenklich, mal am\u00fcsiert.<\/p>\n<p data-83f060b9=\"0-1245\">Gut m\u00f6glich, dass Pilawa seine Partnerin noch einmal sehen wollte, bevor sie dienstlich in die USA reist. In New York wird sie den Planungen zufolge am Donnerstag u.\u00a0a. UN-Generalsekret\u00e4r Ant\u00f3nio Guterres (77) und die Pr\u00e4sidentin der Generalversammlung, <a href=\"https:\/\/www.bild.de\/politik\/leute\/annalena-baerbock\/annalena-baerbock-alle-infos-76681928.bild.html\" class=\"text-link\" rel=\"nofollow noopener\" target=\"_blank\">Annalena Baerbock<\/a> (45), treffen.<\/p>\n<p> An dieser Stelle findest du Inhalte aus Twitter <\/p>\n<p> Um mit Inhalten aus Twitter und anderen sozialen Netzwerken zu interagieren oder diese darzustellen, brauchen wir deine Zustimmung. <\/p>\n<p> soziale Netzwerke aktivieren  Um eingebettete Inhalte anzuzeigen, ist Ihre jederzeit widerrufliche Einwilligung (\u00fcber den Schalter oder \u00fcber &#8220; <a class=\"embed-placeholder__text-link\" href=\"#\" rel=\"noopener noreferrer\" title=\"Tracking widerrufen\"> Widerruf Tracking und Cookies<\/a> &#8220; am Seitenende) zur Verarbeitung personenbezogener Daten n\u00f6tig.  Dabei k\u00f6nnen Daten in Drittl\u00e4nder wie die USA \u00fcbermittelt werden (Art. 49 Abs. 1 lit. a DSGVO). Mit dem Aktivieren des Inhalts stimmen Sie zu. Weitere Infos finden Sie <a class=\"embed-placeholder__text-link\" href=\"#\" rel=\"noopener noreferrer\" title=\"Zu den Privatsph\u00e4re Einstellungen\"> hier<\/a>. <\/p>\n","protected":false},"excerpt":{"rendered":"Berlin \u2013 Ein Besuch im Bundestag lohnt sich eigentlich immer \u2013 vor allem, wenn man einen guten Grund&hellip;\n","protected":false},"author":2,"featured_media":1119242,"comment_status":"","ping_status":"","sticky":false,"template":"","format":"standard","meta":{"footnotes":"","_share_on_mastodon":"0"},"categories":[2],"tags":[43,29,30,13,50053,3881,14,15,103686,12,138370,10,8,9,11],"class_list":["post-1119241","post","type-post","status-publish","format-standard","has-post-thumbnail","category-deutschland","tag-deutscher-bundestag","tag-deutschland","tag-germany","tag-headlines","tag-kloeckner-julia","tag-moderator","tag-nachrichten","tag-news","tag-pilawa-joerg","tag-schlagzeilen","tag-team-first","tag-top-news","tag-top-meldungen","tag-topmeldungen","tag-topnews"],"share_on_mastodon":{"url":"","error":""},"_links":{"self":[{"href":"https:\/\/www.europesays.com\/de\/wp-json\/wp\/v2\/posts\/1119241","targetHints":{"allow":["GET"]}}],"collection":[{"href":"https:\/\/www.europesays.com\/de\/wp-json\/wp\/v2\/posts"}],"about":[{"href":"https:\/\/www.europesays.com\/de\/wp-json\/wp\/v2\/types\/post"}],"author":[{"embeddable":true,"href":"https:\/\/www.europesays.com\/de\/wp-json\/wp\/v2\/users\/2"}],"replies":[{"embeddable":true,"href":"https:\/\/www.europesays.com\/de\/wp-json\/wp\/v2\/comments?post=1119241"}],"version-history":[{"count":0,"href":"https:\/\/www.europesays.com\/de\/wp-json\/wp\/v2\/posts\/1119241\/revisions"}],"wp:featuredmedia":[{"embeddable":true,"href":"https:\/\/www.europesays.com\/de\/wp-json\/wp\/v2\/media\/1119242"}],"wp:attachment":[{"href":"https:\/\/www.europesays.com\/de\/wp-json\/wp\/v2\/media?parent=1119241"}],"wp:term":[{"taxonomy":"category","embeddable":true,"href":"https:\/\/www.europesays.com\/de\/wp-json\/wp\/v2\/categories?post=1119241"},{"taxonomy":"post_tag","embeddable":true,"href":"https:\/\/www.europesays.com\/de\/wp-json\/wp\/v2\/tags?post=1119241"}],"curies":[{"name":"wp","href":"https:\/\/api.w.org\/{rel}","templated":true}]}}