{"id":111960,"date":"2025-05-15T07:32:10","date_gmt":"2025-05-15T07:32:10","guid":{"rendered":"https:\/\/www.europesays.com\/de\/111960\/"},"modified":"2025-05-15T07:32:10","modified_gmt":"2025-05-15T07:32:10","slug":"aus-und-auffahrt-hansestrasse-sind-heute-gesperrt-a391","status":"publish","type":"post","link":"https:\/\/www.europesays.com\/de\/111960\/","title":{"rendered":"Aus- und Auffahrt Hansestra\u00dfe sind heute gesperrt \u2013 A391"},"content":{"rendered":"<p>Kurzfristige \u00c4nderung <\/p>\n<p>A391: Diese Aus- und Auffahrt sind gesperrt<\/p>\n<p>15.05.2025 &#8211; 09:01 UhrLesedauer: 1 Min.<\/p>\n<p><a href=\"#focus-0\" class=\"transition-colors duration-200 focus-within:text-magenta block text-current relative\" data-sctrack=\"FocusGalleryImage.Reference\"><img fetchpriority=\"high\" data-testid=\"Opener.Image\" style=\"--lqipURL:url('https:\/\/images.t-online.de\/2021\/05\/83861228v1\/0x0:640x360\/fit-in\/150x0\/filters:blur(25)\/sperrung-an-einer-autobahnauffahrt.jpg')\"   loading=\"eager\" src=\"https:\/\/www.europesays.com\/de\/wp-content\/uploads\/2025\/05\/sperrung-an-einer-autobahnauffahrt.jpg\" alt=\"Sperrung an einer Autobahnauffahrt\" title=\"Sperrung an einer Autobahnauffahrt\" width=\"640\" height=\"360\" class=\"bg-[url:var(--lqipURL)] bg-cover bg-center flex w-full max-w-full h-full\" decoding=\"async\"\/><img style=\"--width:32;--height:32\" loading=\"lazy\" src=\"https:\/\/www.europesays.com\/de\/wp-content\/uploads\/2025\/03\/zoom-in.f7dae02f.svg.svg+xml\" alt=\"Vergr\u00f6\u00dfern des Bildes\" title=\"Vergr\u00f6\u00dfern des Bildes\" class=\"&#10;        block&#10;        h-[calc(var(--height)_\/_16_*_1rem)]&#10;        w-[calc(var(--width)_\/_16_*_1rem)]&#10;        max-w-none&#10;        absolute bottom-8 right-8 rounded-4 bg-snow p-8\" decoding=\"async\"\/><\/a><\/p>\n<p>Sperrung an einer Autobahnauffahrt (Symbolbild): In Braunschweig stehen heute Arbeiten an. (Quelle: Bernd W\u00fcstneck\/Archiv\/dpa)<\/p>\n<p class=\"font-bold text-18 leading-17\">Zu Sperrungen von einer Aus- und Auffahrt kommt es an diesem Donnerstag in Braunschweig. Au\u00dferdem gibt es eine kurzfristige \u00c4nderung<\/p>\n<p class=\"text-18 leading-17\">Die Autobahn GmbH des Bundes teilt mit, dass am Donnerstag, 15. Mai, dass es nicht m\u00f6glich ist, von der Hansestra\u00dfe auf die A391 in Fahrtrichtung <a class=\"transition-colors duration-200 cursor-pointer text-inherit no-underline text-salemsfur md:hover:text-magenta md:hover:border-magenta md:focus:text-magenta border-current border-b border-solid break-words\" href=\"https:\/\/www.t-online.de\/themen\/salzgitter\/\" data-sctrack=\"BodyAnchor\" target=\"_blank\" rel=\"noopener\">Salzgitter<\/a> zu fahren. Auch ein Ausfahren ist in der Zeit von 9 bis 15 Uhr nicht m\u00f6glich. Diese Sperrungen w\u00fcrden also gleichzeitig und nicht nacheinander erfolgen, hei\u00dft es.<\/p>\n<p class=\"text-18 leading-17\">Urspr\u00fcnglich war der Plan, die Sperrungen aufzusplitten: von 9 bis 12 Uhr die Ausfahrt, im Anschluss bis 15 Uhr die Auffahrt.<\/p>\n<p class=\"text-18 leading-17\">Grund f\u00fcr die Sperrungen sind laut Autobahn GmbH Instandsetzungsarbeiten an der Fahrbahn sowie notwendige Markierungsarbeiten. Zeitgleich wird die Ma\u00dfnahme daf\u00fcr genutzt, um M\u00e4harbeiten und Pflegeschnitte an Geh\u00f6lzen vorzunehmen.<\/p>\n","protected":false},"excerpt":{"rendered":"Kurzfristige \u00c4nderung A391: Diese Aus- und Auffahrt sind gesperrt 15.05.2025 &#8211; 09:01 UhrLesedauer: 1 Min. Sperrung an einer&hellip;\n","protected":false},"author":2,"featured_media":111961,"comment_status":"","ping_status":"","sticky":false,"template":"","format":"standard","meta":{"footnotes":""},"categories":[1850],"tags":[43624,6429,3364,29,2451,548,663,3934,30,13,14,15,1411,16775,12,2224],"class_list":{"0":"post-111960","1":"post","2":"type-post","3":"status-publish","4":"format-standard","5":"has-post-thumbnail","7":"category-braunschweig","8":"tag-autobahnauffahrt","9":"tag-braunschweig","10":"tag-de","11":"tag-deutschland","12":"tag-die-autobahn-gmbh-des-bundes","13":"tag-eu","14":"tag-europa","15":"tag-europe","16":"tag-germany","17":"tag-headlines","18":"tag-nachrichten","19":"tag-news","20":"tag-niedersachsen","21":"tag-salzgitter","22":"tag-schlagzeilen","23":"tag-sperrung"},"share_on_mastodon":{"url":"https:\/\/pubeurope.com\/@de\/114510688679660613","error":""},"_links":{"self":[{"href":"https:\/\/www.europesays.com\/de\/wp-json\/wp\/v2\/posts\/111960","targetHints":{"allow":["GET"]}}],"collection":[{"href":"https:\/\/www.europesays.com\/de\/wp-json\/wp\/v2\/posts"}],"about":[{"href":"https:\/\/www.europesays.com\/de\/wp-json\/wp\/v2\/types\/post"}],"author":[{"embeddable":true,"href":"https:\/\/www.europesays.com\/de\/wp-json\/wp\/v2\/users\/2"}],"replies":[{"embeddable":true,"href":"https:\/\/www.europesays.com\/de\/wp-json\/wp\/v2\/comments?post=111960"}],"version-history":[{"count":0,"href":"https:\/\/www.europesays.com\/de\/wp-json\/wp\/v2\/posts\/111960\/revisions"}],"wp:featuredmedia":[{"embeddable":true,"href":"https:\/\/www.europesays.com\/de\/wp-json\/wp\/v2\/media\/111961"}],"wp:attachment":[{"href":"https:\/\/www.europesays.com\/de\/wp-json\/wp\/v2\/media?parent=111960"}],"wp:term":[{"taxonomy":"category","embeddable":true,"href":"https:\/\/www.europesays.com\/de\/wp-json\/wp\/v2\/categories?post=111960"},{"taxonomy":"post_tag","embeddable":true,"href":"https:\/\/www.europesays.com\/de\/wp-json\/wp\/v2\/tags?post=111960"}],"curies":[{"name":"wp","href":"https:\/\/api.w.org\/{rel}","templated":true}]}}