{"id":1119770,"date":"2026-06-25T03:19:18","date_gmt":"2026-06-25T03:19:18","guid":{"rendered":"https:\/\/www.europesays.com\/de\/1119770\/"},"modified":"2026-06-25T03:19:18","modified_gmt":"2026-06-25T03:19:18","slug":"rb-leipzig-nach-trainerwechsel-marcel-schaefer-kaempft-gegen-transfer-stau-sport","status":"publish","type":"post","link":"https:\/\/www.europesays.com\/de\/1119770\/","title":{"rendered":"RB Leipzig: Nach Trainerwechsel! Marcel Sch\u00e4fer k\u00e4mpft gegen Transfer-Stau | Sport"},"content":{"rendered":"<p data-21134c99=\"0-2721\"><b>Die Leipzig-Profis, die nicht bei der WM im Einsatz sind, genie\u00dfen noch den Sommerurlaub \u2013 daf\u00fcr bleibt ihrem neuen Trainer Martin Demichelis (45) erst mal keine Zeit. Nach seiner Verpflichtung ist der Argentinier direkt in die Kaderplanungen des Bundesligisten eingebunden.<\/b><\/p>\n<p data-21134c99=\"0-2721\">Ein im Fu\u00dfballgesch\u00e4ft \u00fcblicher Vorgang. Der daf\u00fcr allerdings sorgte, dass die sportliche Leitung um Manager Marcel Sch\u00e4fer (42) zuletzt mehrere Wochen wichtige Transferzeit eingeb\u00fc\u00dft hat \u2013 und in manchen Entscheidungsfragen m\u00f6glicherweise sogar wieder ganz von vorn anfangen muss.<\/p>\n<p>Mehr zum Thema<\/p>\n<p data-21134c99=\"0-2721\">Hintergrund: Viele Personalthemen, die vor dem Trainer-Wirbel mit Ex-Coach Ole Werner (38) l\u00e4ngst gekl\u00e4rt waren, m\u00fcssen teilweise jetzt neu besprochen werden.<\/p>\n<p data-21134c99=\"0-2721\"><b>Leihspieler: <\/b>Die Mittelfeld-Profis Eljif Elmas (26\/Neapel) und Arthur Vermeeren (21\/Marseille) stehen zum Trainingsstart am 13. Juli wieder in Leipzig auf der Matte. Dazu Lutsharel Geertruida (25\/Sunderland). Klar: Demichelis wird die Personalien genau pr\u00fcfen und schauen, ob die Spieler f\u00fcr ihn interessant sind. Und die Profis sich unter Umst\u00e4nden neue Hoffnung machen, sich in Leipzig doch noch durchzusetzen.<\/p>\n<p>Sch\u00e4fer muss verkaufen<\/p>\n<p data-21134c99=\"0-2721\">Allerdings gilt es eher unwahrscheinlich, dass der ballverliebte Elmas oder der k\u00f6rperlich schwache Vermeeren wirklich ins Demichelis-System passen. Gilt auch f\u00fcr Geertruida.<\/p>\n<p data-21134c99=\"0-2721\"><b>Transfer-Stau:<\/b> F\u00fcr Sch\u00e4fer macht die neue Trainer-Situation die Aufgabe nicht einfacher. Der Ex-Profi steht unter Druck, Spieler zu verkaufen. Hintergrund sind die von den Bossen vorgegebenen Transfererl\u00f6se von 113 Millionen Euro, die Leipzig in diesem Sommer erwirtschaften soll.<\/p>\n<p><img decoding=\"async\" width=\"992\" height=\"558\" alt=\"Eljif Elmas war zuletzt an den SSC Neapel ausgeliehen. Die Kaufoption f\u00fcr den Nordmazedonier ziehen die Italiener allerdings nicht\" loading=\"lazy\" src=\"https:\/\/www.europesays.com\/de\/wp-content\/uploads\/2026\/06\/48c83d770521fcfcad7835e2f0659d50,64a67330.jpeg\"   class=\"landscape\"\/><\/p>\n<p class=\"fig__caption__text\">Eljif Elmas war zuletzt an den SSC Neapel ausgeliehen. Die Kaufoption f\u00fcr den Nordmazedonier ziehen die Italiener allerdings nicht<\/p>\n<p>Foto: picture alliance\/NurPhoto<\/p>\n<p data-21134c99=\"0-2721\">Solange diese Summe nicht erreicht wird, bleiben auch weitere Verst\u00e4rkungen kompliziert. Denn das Transferbudget ist durch die Verpflichtung von Demichelis und seinen drei Co-Trainern sowie die Weiterbezahlung von Ole Werner (38) und dessen Assistenten nach Sch\u00e4tzungen um rund zehn Millionen Euro geschrumpft.<\/p>\n<p data-21134c99=\"0-2721\">Klar: Auch Demichelis bringt schon jetzt seine Ideen mit ein und soll laut Transferexperte Fabrizio Romano den Portugiesen Sam\u00fa Costa (25) von Ex-Klub Mallorca als m\u00f6gliche Verst\u00e4rkung vorgeschlagen haben. Auf der Liste potenzieller Neuzug\u00e4nge f\u00fcrs defensive Mittelfeld ist er aber nur einer von mehreren Kandidaten.<\/p>\n<p data-21134c99=\"0-2721\"><b>F\u00fchrungsspieler:<\/b> Eine gro\u00dfe Baustelle neben den Leihspielern ist auch die Zukunft der aktuellen F\u00fchrungsspieler. Demichelis muss schnell entscheiden, wie er mit gestandenen Kr\u00e4ften plant. Kapit\u00e4n David Raum (27) und die Klub-Legenden Willi Orban (33) sowie P\u00e9ter Gul\u00e1csi (36) gehen in ihr letztes Vertragsjahr.<\/p>\n<p data-21134c99=\"0-2721\">Welche Rolle die drei k\u00fcnftig bei <a href=\"https:\/\/www.bild.de\/sport\/fussball\/rb-leipzig\/startseite-leipzig-31148870.bild.html\" class=\"text-link\" rel=\"nofollow noopener\" target=\"_blank\">RB Leipzig<\/a> unter Demichelis spielen, d\u00fcrfte auch Einfluss auf die geplanten Gespr\u00e4che \u00fcber ihre Zukunft haben.<\/p>\n","protected":false},"excerpt":{"rendered":"Die Leipzig-Profis, die nicht bei der WM im Einsatz sind, genie\u00dfen noch den Sommerurlaub \u2013 daf\u00fcr bleibt ihrem&hellip;\n","protected":false},"author":2,"featured_media":1119771,"comment_status":"","ping_status":"","sticky":false,"template":"","format":"standard","meta":{"footnotes":"","_share_on_mastodon":"0"},"categories":[1832],"tags":[3364,231305,29,538,30,71,1655,859,10779,803,3460,4581,539],"class_list":["post-1119770","post","type-post","status-publish","format-standard","has-post-thumbnail","category-leipzig","tag-de","tag-demichelis-martin","tag-deutschland","tag-erste-bundesliga","tag-germany","tag-leipzig","tag-rb-leipzig","tag-sachsen","tag-schaefer-marcel","tag-spielertransfer","tag-sport-leuchtturm-leipzig","tag-sport-tag-im-ticker","tag-werner-ole"],"share_on_mastodon":{"url":"https:\/\/pubeurope.com\/@de\/116808592096830473","error":""},"_links":{"self":[{"href":"https:\/\/www.europesays.com\/de\/wp-json\/wp\/v2\/posts\/1119770","targetHints":{"allow":["GET"]}}],"collection":[{"href":"https:\/\/www.europesays.com\/de\/wp-json\/wp\/v2\/posts"}],"about":[{"href":"https:\/\/www.europesays.com\/de\/wp-json\/wp\/v2\/types\/post"}],"author":[{"embeddable":true,"href":"https:\/\/www.europesays.com\/de\/wp-json\/wp\/v2\/users\/2"}],"replies":[{"embeddable":true,"href":"https:\/\/www.europesays.com\/de\/wp-json\/wp\/v2\/comments?post=1119770"}],"version-history":[{"count":0,"href":"https:\/\/www.europesays.com\/de\/wp-json\/wp\/v2\/posts\/1119770\/revisions"}],"wp:featuredmedia":[{"embeddable":true,"href":"https:\/\/www.europesays.com\/de\/wp-json\/wp\/v2\/media\/1119771"}],"wp:attachment":[{"href":"https:\/\/www.europesays.com\/de\/wp-json\/wp\/v2\/media?parent=1119770"}],"wp:term":[{"taxonomy":"category","embeddable":true,"href":"https:\/\/www.europesays.com\/de\/wp-json\/wp\/v2\/categories?post=1119770"},{"taxonomy":"post_tag","embeddable":true,"href":"https:\/\/www.europesays.com\/de\/wp-json\/wp\/v2\/tags?post=1119770"}],"curies":[{"name":"wp","href":"https:\/\/api.w.org\/{rel}","templated":true}]}}